{"id":945,"date":"2024-01-19T15:23:04","date_gmt":"2024-01-19T15:23:04","guid":{"rendered":"https:\/\/dev.borgarbyggd.is\/grunnborg\/?p=945"},"modified":"2024-01-19T15:23:04","modified_gmt":"2024-01-19T15:23:04","slug":"fillinn-i-herberginu-fyrirlestur","status":"publish","type":"post","link":"https:\/\/dev.borgarbyggd.is\/grunnborg\/frettir\/fillinn-i-herberginu-fyrirlestur\/","title":{"rendered":"&#8220;F\u00edllinn \u00ed herberginu&#8221; fyrirlestur."},"content":{"rendered":"<p>Unglingastigi\u00f0 sat fyrirlestur \u00ed g\u00e6r \u00e1 vegum Okkar heimur \u00fear sem fari\u00f0 var yfir \u00fea\u00f0 hvernig \u00fea\u00f0 er a\u00f0 eiga foreldri e\u00f0a a\u00f0standanda sem gl\u00edmir vi\u00f0 ge\u00f0r\u00e6nan vanda. \u00dear horf\u00f0u \u00feau me\u00f0al annars \u00e1 stuttmyndina \u201eF\u00edllinn \u00ed herberginu\u201c sem s\u00fdnir \u00e1 myndr\u00e6nan h\u00e1tt hvernig a\u00f0st\u00e6\u00f0ur vilja oft ver\u00f0a \u00feegar gl\u00edmt er vi\u00f0 ge\u00f0r\u00e6nan vanda og hvernig best er a\u00f0 takast \u00e1 vi\u00f0 \u00fe\u00e6r a\u00f0st\u00e6\u00f0ur. Einnig er veri\u00f0 a\u00f0 r\u00e6\u00f0a almennt um ge\u00f0r\u00e6nan vanda eins og kv\u00ed\u00f0a, \u00feunglyndi, \u00e1traskanir og fleira \u00ed umsj\u00f3nart\u00edmum hj\u00e1 hverjum bekk fyrir sig. \u00cd n\u00e6stu viku munu yngsta stig og mi\u00f0stig einnig fara \u00e1 \u00feennan fyrirlestur sem haldinn er \u00ed sal sk\u00f3lans \u00e1samt \u00fev\u00ed a\u00f0 kennarar \u00feeirra munu fara frekar yfir \u00feessar umr\u00e6\u00f0ur og \u00fatsk\u00fdra betur fyrir \u00feeim. \u00dea\u00f0 er deildarstj\u00f3ri velfer\u00f0ar El\u00edn Matthildur Kristinsd\u00f3ttir sem st\u00fdrir \u00feessum vi\u00f0bur\u00f0i.<\/p>\n<p>&nbsp;<\/p>\n<p>H\u00e6gt er a\u00f0 n\u00e1lgast frekari uppl\u00fdsingar var\u00f0andi \u00feetta verkefni \u00e1samt \u00fev\u00ed a\u00f0 sj\u00e1 stuttmyndina \u201eF\u00edllinn \u00ed herberginu\u201c \u00e1 vefs\u00ed\u00f0unni okkarheimur.is<\/p>\n","protected":false},"excerpt":{"rendered":"<p>Unglingastigi\u00f0 sat fyrirlestur \u00ed g\u00e6r \u00e1 vegum Okkar heimur \u00fear sem fari\u00f0 var yfir \u00fea\u00f0 hvernig \u00fea\u00f0 er a\u00f0 eiga foreldri e\u00f0a a\u00f0standanda sem gl\u00edmir vi\u00f0 ge\u00f0r\u00e6nan vanda. \u00dear horf\u00f0u \u00feau me\u00f0al annars \u00e1 stuttmyndina \u201eF\u00edllinn \u00ed herberginu\u201c sem s\u00fdnir \u00e1 myndr\u00e6nan h\u00e1tt hvernig a\u00f0st\u00e6\u00f0ur vilja oft ver\u00f0a \u00feegar gl\u00edmt er vi\u00f0 ge\u00f0r\u00e6nan vanda og hvernig best er a\u00f0 takast &#8230; <\/p>\n<div><a href=\"https:\/\/dev.borgarbyggd.is\/grunnborg\/frettir\/fillinn-i-herberginu-fyrirlestur\/\" class=\"more-link\">Read More<\/a><\/div>\n","protected":false},"author":27,"featured_media":942,"comment_status":"closed","ping_status":"closed","sticky":false,"template":"","format":"standard","meta":{"_acf_changed":false,"footnotes":""},"categories":[1],"tags":[],"class_list":["post-945","post","type-post","status-publish","format-standard","has-post-thumbnail","hentry","category-frettir"],"acf":[],"yoast_head":"<!-- This site is optimized with the Yoast SEO plugin v24.0 - https:\/\/yoast.com\/wordpress\/plugins\/seo\/ -->\n<title>&quot;F\u00edllinn \u00ed herberginu&quot; fyrirlestur. - Grunnsk\u00f3linn \u00ed Borgarnesi<\/title>\n<meta name=\"robots\" content=\"index, follow, max-snippet:-1, max-image-preview:large, max-video-preview:-1\" \/>\n<link rel=\"canonical\" href=\"https:\/\/dev.borgarbyggd.is\/grunnborg\/frettir\/fillinn-i-herberginu-fyrirlestur\/\" \/>\n<meta property=\"og:locale\" content=\"en_US\" \/>\n<meta property=\"og:type\" content=\"article\" \/>\n<meta property=\"og:title\" content=\"&quot;F\u00edllinn \u00ed herberginu&quot; fyrirlestur. - Grunnsk\u00f3linn \u00ed Borgarnesi\" \/>\n<meta property=\"og:description\" content=\"Unglingastigi\u00f0 sat fyrirlestur \u00ed g\u00e6r \u00e1 vegum Okkar heimur \u00fear sem fari\u00f0 var yfir \u00fea\u00f0 hvernig \u00fea\u00f0 er a\u00f0 eiga foreldri e\u00f0a a\u00f0standanda sem gl\u00edmir vi\u00f0 ge\u00f0r\u00e6nan vanda. \u00dear horf\u00f0u \u00feau me\u00f0al annars \u00e1 stuttmyndina \u201eF\u00edllinn \u00ed herberginu\u201c sem s\u00fdnir \u00e1 myndr\u00e6nan h\u00e1tt hvernig a\u00f0st\u00e6\u00f0ur vilja oft ver\u00f0a \u00feegar gl\u00edmt er vi\u00f0 ge\u00f0r\u00e6nan vanda og hvernig best er a\u00f0 takast ... Read More\" \/>\n<meta property=\"og:url\" content=\"https:\/\/dev.borgarbyggd.is\/grunnborg\/frettir\/fillinn-i-herberginu-fyrirlestur\/\" \/>\n<meta property=\"og:site_name\" content=\"Grunnsk\u00f3linn \u00ed Borgarnesi\" \/>\n<meta property=\"article:published_time\" content=\"2024-01-19T15:23:04+00:00\" \/>\n<meta property=\"og:image\" content=\"https:\/\/dev.borgarbyggd.is\/grunnborg\/wp-content\/uploads\/sites\/2\/2024\/01\/okkarheimur2afrit.jpg\" \/>\n\t<meta property=\"og:image:width\" content=\"1921\" \/>\n\t<meta property=\"og:image:height\" content=\"842\" \/>\n\t<meta property=\"og:image:type\" content=\"image\/jpeg\" \/>\n<meta name=\"author\" content=\"huldag\" \/>\n<meta name=\"twitter:card\" content=\"summary_large_image\" \/>\n<meta name=\"twitter:label1\" content=\"Written by\" \/>\n\t<meta name=\"twitter:data1\" content=\"huldag\" \/>\n\t<meta name=\"twitter:label2\" content=\"Est. reading time\" \/>\n\t<meta name=\"twitter:data2\" content=\"1 minute\" \/>\n<script type=\"application\/ld+json\" class=\"yoast-schema-graph\">{\"@context\":\"https:\/\/schema.org\",\"@graph\":[{\"@type\":\"WebPage\",\"@id\":\"https:\/\/dev.borgarbyggd.is\/grunnborg\/frettir\/fillinn-i-herberginu-fyrirlestur\/\",\"url\":\"https:\/\/dev.borgarbyggd.is\/grunnborg\/frettir\/fillinn-i-herberginu-fyrirlestur\/\",\"name\":\"\\\"F\u00edllinn \u00ed herberginu\\\" fyrirlestur. - Grunnsk\u00f3linn \u00ed Borgarnesi\",\"isPartOf\":{\"@id\":\"https:\/\/dev.borgarbyggd.is\/grunnborg\/#website\"},\"primaryImageOfPage\":{\"@id\":\"https:\/\/dev.borgarbyggd.is\/grunnborg\/frettir\/fillinn-i-herberginu-fyrirlestur\/#primaryimage\"},\"image\":{\"@id\":\"https:\/\/dev.borgarbyggd.is\/grunnborg\/frettir\/fillinn-i-herberginu-fyrirlestur\/#primaryimage\"},\"thumbnailUrl\":\"https:\/\/dev.borgarbyggd.is\/grunnborg\/wp-content\/uploads\/sites\/2\/2024\/01\/okkarheimur2afrit.jpg\",\"datePublished\":\"2024-01-19T15:23:04+00:00\",\"dateModified\":\"2024-01-19T15:23:04+00:00\",\"author\":{\"@id\":\"https:\/\/dev.borgarbyggd.is\/grunnborg\/#\/schema\/person\/a81f55c8091f235534589b6a441de894\"},\"breadcrumb\":{\"@id\":\"https:\/\/dev.borgarbyggd.is\/grunnborg\/frettir\/fillinn-i-herberginu-fyrirlestur\/#breadcrumb\"},\"inLanguage\":\"en-US\",\"potentialAction\":[{\"@type\":\"ReadAction\",\"target\":[\"https:\/\/dev.borgarbyggd.is\/grunnborg\/frettir\/fillinn-i-herberginu-fyrirlestur\/\"]}]},{\"@type\":\"ImageObject\",\"inLanguage\":\"en-US\",\"@id\":\"https:\/\/dev.borgarbyggd.is\/grunnborg\/frettir\/fillinn-i-herberginu-fyrirlestur\/#primaryimage\",\"url\":\"https:\/\/dev.borgarbyggd.is\/grunnborg\/wp-content\/uploads\/sites\/2\/2024\/01\/okkarheimur2afrit.jpg\",\"contentUrl\":\"https:\/\/dev.borgarbyggd.is\/grunnborg\/wp-content\/uploads\/sites\/2\/2024\/01\/okkarheimur2afrit.jpg\",\"width\":1921,\"height\":842},{\"@type\":\"BreadcrumbList\",\"@id\":\"https:\/\/dev.borgarbyggd.is\/grunnborg\/frettir\/fillinn-i-herberginu-fyrirlestur\/#breadcrumb\",\"itemListElement\":[{\"@type\":\"ListItem\",\"position\":1,\"name\":\"Home\",\"item\":\"https:\/\/dev.borgarbyggd.is\/grunnborg\/\"},{\"@type\":\"ListItem\",\"position\":2,\"name\":\"&#8220;F\u00edllinn \u00ed herberginu&#8221; fyrirlestur.\"}]},{\"@type\":\"WebSite\",\"@id\":\"https:\/\/dev.borgarbyggd.is\/grunnborg\/#website\",\"url\":\"https:\/\/dev.borgarbyggd.is\/grunnborg\/\",\"name\":\"Grunnsk\u00f3linn \u00ed Borgarnesi\",\"description\":\"\",\"potentialAction\":[{\"@type\":\"SearchAction\",\"target\":{\"@type\":\"EntryPoint\",\"urlTemplate\":\"https:\/\/dev.borgarbyggd.is\/grunnborg\/?s={search_term_string}\"},\"query-input\":{\"@type\":\"PropertyValueSpecification\",\"valueRequired\":true,\"valueName\":\"search_term_string\"}}],\"inLanguage\":\"en-US\"},{\"@type\":\"Person\",\"@id\":\"https:\/\/dev.borgarbyggd.is\/grunnborg\/#\/schema\/person\/a81f55c8091f235534589b6a441de894\",\"name\":\"huldag\",\"image\":{\"@type\":\"ImageObject\",\"inLanguage\":\"en-US\",\"@id\":\"https:\/\/dev.borgarbyggd.is\/grunnborg\/#\/schema\/person\/image\/\",\"url\":\"https:\/\/secure.gravatar.com\/avatar\/5713c9ad3f3c9b3d04558014bcc83a7c1a4174ecf1b52ec7245a5513f341cf0a?s=96&d=mm&r=g\",\"contentUrl\":\"https:\/\/secure.gravatar.com\/avatar\/5713c9ad3f3c9b3d04558014bcc83a7c1a4174ecf1b52ec7245a5513f341cf0a?s=96&d=mm&r=g\",\"caption\":\"huldag\"},\"url\":\"https:\/\/dev.borgarbyggd.is\/grunnborg\/author\/huldag\/\"}]}<\/script>\n<!-- \/ Yoast SEO plugin. -->","yoast_head_json":{"title":"\"F\u00edllinn \u00ed herberginu\" fyrirlestur. - Grunnsk\u00f3linn \u00ed Borgarnesi","robots":{"index":"index","follow":"follow","max-snippet":"max-snippet:-1","max-image-preview":"max-image-preview:large","max-video-preview":"max-video-preview:-1"},"canonical":"https:\/\/dev.borgarbyggd.is\/grunnborg\/frettir\/fillinn-i-herberginu-fyrirlestur\/","og_locale":"en_US","og_type":"article","og_title":"\"F\u00edllinn \u00ed herberginu\" fyrirlestur. - Grunnsk\u00f3linn \u00ed Borgarnesi","og_description":"Unglingastigi\u00f0 sat fyrirlestur \u00ed g\u00e6r \u00e1 vegum Okkar heimur \u00fear sem fari\u00f0 var yfir \u00fea\u00f0 hvernig \u00fea\u00f0 er a\u00f0 eiga foreldri e\u00f0a a\u00f0standanda sem gl\u00edmir vi\u00f0 ge\u00f0r\u00e6nan vanda. \u00dear horf\u00f0u \u00feau me\u00f0al annars \u00e1 stuttmyndina \u201eF\u00edllinn \u00ed herberginu\u201c sem s\u00fdnir \u00e1 myndr\u00e6nan h\u00e1tt hvernig a\u00f0st\u00e6\u00f0ur vilja oft ver\u00f0a \u00feegar gl\u00edmt er vi\u00f0 ge\u00f0r\u00e6nan vanda og hvernig best er a\u00f0 takast ... Read More","og_url":"https:\/\/dev.borgarbyggd.is\/grunnborg\/frettir\/fillinn-i-herberginu-fyrirlestur\/","og_site_name":"Grunnsk\u00f3linn \u00ed Borgarnesi","article_published_time":"2024-01-19T15:23:04+00:00","og_image":[{"width":1921,"height":842,"url":"https:\/\/dev.borgarbyggd.is\/grunnborg\/wp-content\/uploads\/sites\/2\/2024\/01\/okkarheimur2afrit.jpg","type":"image\/jpeg"}],"author":"huldag","twitter_card":"summary_large_image","twitter_misc":{"Written by":"huldag","Est. reading time":"1 minute"},"schema":{"@context":"https:\/\/schema.org","@graph":[{"@type":"WebPage","@id":"https:\/\/dev.borgarbyggd.is\/grunnborg\/frettir\/fillinn-i-herberginu-fyrirlestur\/","url":"https:\/\/dev.borgarbyggd.is\/grunnborg\/frettir\/fillinn-i-herberginu-fyrirlestur\/","name":"\"F\u00edllinn \u00ed herberginu\" fyrirlestur. - Grunnsk\u00f3linn \u00ed Borgarnesi","isPartOf":{"@id":"https:\/\/dev.borgarbyggd.is\/grunnborg\/#website"},"primaryImageOfPage":{"@id":"https:\/\/dev.borgarbyggd.is\/grunnborg\/frettir\/fillinn-i-herberginu-fyrirlestur\/#primaryimage"},"image":{"@id":"https:\/\/dev.borgarbyggd.is\/grunnborg\/frettir\/fillinn-i-herberginu-fyrirlestur\/#primaryimage"},"thumbnailUrl":"https:\/\/dev.borgarbyggd.is\/grunnborg\/wp-content\/uploads\/sites\/2\/2024\/01\/okkarheimur2afrit.jpg","datePublished":"2024-01-19T15:23:04+00:00","dateModified":"2024-01-19T15:23:04+00:00","author":{"@id":"https:\/\/dev.borgarbyggd.is\/grunnborg\/#\/schema\/person\/a81f55c8091f235534589b6a441de894"},"breadcrumb":{"@id":"https:\/\/dev.borgarbyggd.is\/grunnborg\/frettir\/fillinn-i-herberginu-fyrirlestur\/#breadcrumb"},"inLanguage":"en-US","potentialAction":[{"@type":"ReadAction","target":["https:\/\/dev.borgarbyggd.is\/grunnborg\/frettir\/fillinn-i-herberginu-fyrirlestur\/"]}]},{"@type":"ImageObject","inLanguage":"en-US","@id":"https:\/\/dev.borgarbyggd.is\/grunnborg\/frettir\/fillinn-i-herberginu-fyrirlestur\/#primaryimage","url":"https:\/\/dev.borgarbyggd.is\/grunnborg\/wp-content\/uploads\/sites\/2\/2024\/01\/okkarheimur2afrit.jpg","contentUrl":"https:\/\/dev.borgarbyggd.is\/grunnborg\/wp-content\/uploads\/sites\/2\/2024\/01\/okkarheimur2afrit.jpg","width":1921,"height":842},{"@type":"BreadcrumbList","@id":"https:\/\/dev.borgarbyggd.is\/grunnborg\/frettir\/fillinn-i-herberginu-fyrirlestur\/#breadcrumb","itemListElement":[{"@type":"ListItem","position":1,"name":"Home","item":"https:\/\/dev.borgarbyggd.is\/grunnborg\/"},{"@type":"ListItem","position":2,"name":"&#8220;F\u00edllinn \u00ed herberginu&#8221; fyrirlestur."}]},{"@type":"WebSite","@id":"https:\/\/dev.borgarbyggd.is\/grunnborg\/#website","url":"https:\/\/dev.borgarbyggd.is\/grunnborg\/","name":"Grunnsk\u00f3linn \u00ed Borgarnesi","description":"","potentialAction":[{"@type":"SearchAction","target":{"@type":"EntryPoint","urlTemplate":"https:\/\/dev.borgarbyggd.is\/grunnborg\/?s={search_term_string}"},"query-input":{"@type":"PropertyValueSpecification","valueRequired":true,"valueName":"search_term_string"}}],"inLanguage":"en-US"},{"@type":"Person","@id":"https:\/\/dev.borgarbyggd.is\/grunnborg\/#\/schema\/person\/a81f55c8091f235534589b6a441de894","name":"huldag","image":{"@type":"ImageObject","inLanguage":"en-US","@id":"https:\/\/dev.borgarbyggd.is\/grunnborg\/#\/schema\/person\/image\/","url":"https:\/\/secure.gravatar.com\/avatar\/5713c9ad3f3c9b3d04558014bcc83a7c1a4174ecf1b52ec7245a5513f341cf0a?s=96&d=mm&r=g","contentUrl":"https:\/\/secure.gravatar.com\/avatar\/5713c9ad3f3c9b3d04558014bcc83a7c1a4174ecf1b52ec7245a5513f341cf0a?s=96&d=mm&r=g","caption":"huldag"},"url":"https:\/\/dev.borgarbyggd.is\/grunnborg\/author\/huldag\/"}]}},"_links":{"self":[{"href":"https:\/\/dev.borgarbyggd.is\/grunnborg\/wp-json\/wp\/v2\/posts\/945","targetHints":{"allow":["GET"]}}],"collection":[{"href":"https:\/\/dev.borgarbyggd.is\/grunnborg\/wp-json\/wp\/v2\/posts"}],"about":[{"href":"https:\/\/dev.borgarbyggd.is\/grunnborg\/wp-json\/wp\/v2\/types\/post"}],"author":[{"embeddable":true,"href":"https:\/\/dev.borgarbyggd.is\/grunnborg\/wp-json\/wp\/v2\/users\/27"}],"replies":[{"embeddable":true,"href":"https:\/\/dev.borgarbyggd.is\/grunnborg\/wp-json\/wp\/v2\/comments?post=945"}],"version-history":[{"count":0,"href":"https:\/\/dev.borgarbyggd.is\/grunnborg\/wp-json\/wp\/v2\/posts\/945\/revisions"}],"wp:featuredmedia":[{"embeddable":true,"href":"https:\/\/dev.borgarbyggd.is\/grunnborg\/wp-json\/wp\/v2\/media\/942"}],"wp:attachment":[{"href":"https:\/\/dev.borgarbyggd.is\/grunnborg\/wp-json\/wp\/v2\/media?parent=945"}],"wp:term":[{"taxonomy":"category","embeddable":true,"href":"https:\/\/dev.borgarbyggd.is\/grunnborg\/wp-json\/wp\/v2\/categories?post=945"},{"taxonomy":"post_tag","embeddable":true,"href":"https:\/\/dev.borgarbyggd.is\/grunnborg\/wp-json\/wp\/v2\/tags?post=945"}],"curies":[{"name":"wp","href":"https:\/\/api.w.org\/{rel}","templated":true}]}}