{"id":839,"date":"2023-12-15T15:49:05","date_gmt":"2023-12-15T15:49:05","guid":{"rendered":"https:\/\/dev.borgarbyggd.is\/grunnborg\/?p=839"},"modified":"2023-12-15T15:49:45","modified_gmt":"2023-12-15T15:49:45","slug":"jolautvarp-nfgb-ad-ljuka","status":"publish","type":"post","link":"https:\/\/dev.borgarbyggd.is\/grunnborg\/frettir\/jolautvarp-nfgb-ad-ljuka\/","title":{"rendered":"J\u00f3la\u00fatvarp NFGB a\u00f0 lj\u00faka."},"content":{"rendered":"<div dir=\"auto\">\u00cd dag er lokadagur j\u00f3la\u00fatvarpsins og vi\u00f0bur\u00f0ar\u00edkri viku a\u00f0 lj\u00faka. Eins og t\u00ed\u00f0kast hefur \u00fe\u00e1 voru B\u00e6jarm\u00e1lin \u00ed beinni \u00e1 dagskr\u00e1 \u00ed dag \u00fear sem b\u00e6jarp\u00f3lit\u00edkin var skeggr\u00e6dd.<\/div>\n<div dir=\"auto\">\u00de\u00e1 var fjalla\u00f0 um j\u00f3la\u00fatvarpi\u00f0 \u00ed h\u00e1degisfr\u00e9ttum R\u00daV \u00ed dag og \u00fear teki\u00f0 vi\u00f0tal vi\u00f0 Au\u00f0unn t\u00e6knimann. Umfj\u00f6llunina m\u00e1 finna h\u00e9r:<\/div>\n<div dir=\"auto\"><a class=\"x1i10hfl xjbqb8w x6umtig x1b1mbwd xaqea5y xav7gou x9f619 x1ypdohk xt0psk2 xe8uvvx xdj266r x11i5rnm xat24cr x1mh8g0r xexx8yu x4uap5 x18d9i69 xkhd6sd x16tdsg8 x1hl2dhg xggy1nq x1a2a7pz xt0b8zv x1fey0fg\" tabindex=\"0\" role=\"link\" href=\"https:\/\/www.ruv.is\/utvarp\/spila\/hadegisfrettir\/25243\/a16k82\/jolautvarp-grunnskolans-i-borgarnesi?fbclid=IwAR2sDNJau-LfgQj_XLeeYPsG-2HgSPGSDljl2q9AVlIUb3VCd7cJg3CXTwE\" target=\"_blank\" rel=\"nofollow noopener noreferrer\">https:\/\/www.ruv.is\/&#8230;\/jolautvarp-grunnskolans-i-borgarnesi<\/a><\/div>\n<div dir=\"auto\">Vi\u00f0 \u00fe\u00f6kkum \u00f6llum \u00feeim sem l\u00f6g\u00f0u vi\u00f0 hlustir og \u00feeim sem styrktu j\u00f3la\u00fatvarpi\u00f0 \u00e1 einhvern h\u00e1tt.<\/div>\n<div dir=\"auto\">Me\u00f0fylgjandi myndir eru af t\u00e6knim\u00f6nnum vi\u00f0 st\u00f6rf og fr\u00e1 dagskr\u00e1rli\u00f0num B\u00e6jarm\u00e1lin \u00ed beinni.<\/div>\n<div dir=\"auto\"><div id='gallery-1' class='gallery flex gap-4 flex-wrap justify-center galleryid-839 gallery-columns-3 gallery-size-thumbnail'><dl class='gallery-item'>\n\t\t\t<dt class='gallery-icon landscape'>\n\t\t\t\t<a href='https:\/\/dev.borgarbyggd.is\/grunnborg\/jolautvarp2-2\/'><img loading=\"lazy\" decoding=\"async\" width=\"150\" height=\"150\" src=\"https:\/\/dev.borgarbyggd.is\/grunnborg\/wp-content\/uploads\/sites\/2\/2023\/12\/jolautvarp2-150x150.jpg\" class=\"attachment-thumbnail size-thumbnail\" alt=\"\" \/><\/a>\n\t\t\t<\/dt><\/dl><dl class='gallery-item'>\n\t\t\t<dt class='gallery-icon landscape'>\n\t\t\t\t<a href='https:\/\/dev.borgarbyggd.is\/grunnborg\/jolautvarp2-2\/'><img loading=\"lazy\" decoding=\"async\" width=\"150\" height=\"150\" src=\"https:\/\/dev.borgarbyggd.is\/grunnborg\/wp-content\/uploads\/sites\/2\/2023\/12\/jolautvarp2-150x150.jpg\" class=\"attachment-thumbnail size-thumbnail\" alt=\"\" \/><\/a>\n\t\t\t<\/dt><\/dl><dl class='gallery-item'>\n\t\t\t<dt class='gallery-icon landscape'>\n\t\t\t\t<a href='https:\/\/dev.borgarbyggd.is\/grunnborg\/jolautvarp2\/'><img loading=\"lazy\" decoding=\"async\" width=\"150\" height=\"150\" src=\"https:\/\/dev.borgarbyggd.is\/grunnborg\/wp-content\/uploads\/sites\/2\/2023\/12\/jolautvarp2-150x150.jpg\" class=\"attachment-thumbnail size-thumbnail\" alt=\"\" \/><\/a>\n\t\t\t<\/dt><\/dl><dl class='gallery-item'>\n\t\t\t<dt class='gallery-icon landscape'>\n\t\t\t\t<a href='https:\/\/dev.borgarbyggd.is\/grunnborg\/jolautvarp1-2\/'><img loading=\"lazy\" decoding=\"async\" width=\"150\" height=\"150\" src=\"https:\/\/dev.borgarbyggd.is\/grunnborg\/wp-content\/uploads\/sites\/2\/2023\/12\/Jolautvarp1-150x150.jpg\" class=\"attachment-thumbnail size-thumbnail\" alt=\"\" \/><\/a>\n\t\t\t<\/dt><\/dl><dl class='gallery-item'>\n\t\t\t<dt class='gallery-icon landscape'>\n\t\t\t\t<a href='https:\/\/dev.borgarbyggd.is\/grunnborg\/jolautvarp1-2\/'><img loading=\"lazy\" decoding=\"async\" width=\"150\" height=\"150\" src=\"https:\/\/dev.borgarbyggd.is\/grunnborg\/wp-content\/uploads\/sites\/2\/2023\/12\/Jolautvarp1-150x150.jpg\" class=\"attachment-thumbnail size-thumbnail\" alt=\"\" \/><\/a>\n\t\t\t<\/dt><\/dl><dl class='gallery-item'>\n\t\t\t<dt class='gallery-icon landscape'>\n\t\t\t\t<a href='https:\/\/dev.borgarbyggd.is\/grunnborg\/jolautvarp1\/'><img loading=\"lazy\" decoding=\"async\" width=\"150\" height=\"150\" src=\"https:\/\/dev.borgarbyggd.is\/grunnborg\/wp-content\/uploads\/sites\/2\/2023\/12\/Jolautvarp1-150x150.jpg\" class=\"attachment-thumbnail size-thumbnail\" alt=\"\" \/><\/a>\n\t\t\t<\/dt><\/dl>\n\t\t<\/div>\n<\/div>\n","protected":false},"excerpt":{"rendered":"<p>\u00cd dag er lokadagur j\u00f3la\u00fatvarpsins og vi\u00f0bur\u00f0ar\u00edkri viku a\u00f0 lj\u00faka. Eins og t\u00ed\u00f0kast hefur \u00fe\u00e1 voru B\u00e6jarm\u00e1lin \u00ed beinni \u00e1 dagskr\u00e1 \u00ed dag \u00fear sem b\u00e6jarp\u00f3lit\u00edkin var skeggr\u00e6dd. \u00de\u00e1 var fjalla\u00f0 um j\u00f3la\u00fatvarpi\u00f0 \u00ed h\u00e1degisfr\u00e9ttum R\u00daV \u00ed dag og \u00fear teki\u00f0 vi\u00f0tal vi\u00f0 Au\u00f0unn t\u00e6knimann. Umfj\u00f6llunina m\u00e1 finna h\u00e9r: https:\/\/www.ruv.is\/&#8230;\/jolautvarp-grunnskolans-i-borgarnesi Vi\u00f0 \u00fe\u00f6kkum \u00f6llum \u00feeim sem l\u00f6g\u00f0u vi\u00f0 hlustir og \u00feeim &#8230; <\/p>\n<div><a href=\"https:\/\/dev.borgarbyggd.is\/grunnborg\/frettir\/jolautvarp-nfgb-ad-ljuka\/\" class=\"more-link\">Read More<\/a><\/div>\n","protected":false},"author":27,"featured_media":836,"comment_status":"closed","ping_status":"closed","sticky":false,"template":"","format":"standard","meta":{"_acf_changed":false,"footnotes":""},"categories":[1],"tags":[],"class_list":["post-839","post","type-post","status-publish","format-standard","has-post-thumbnail","hentry","category-frettir"],"acf":[],"yoast_head":"<!-- This site is optimized with the Yoast SEO plugin v24.0 - https:\/\/yoast.com\/wordpress\/plugins\/seo\/ -->\n<title>J\u00f3la\u00fatvarp NFGB a\u00f0 lj\u00faka. - Grunnsk\u00f3linn \u00ed Borgarnesi<\/title>\n<meta name=\"robots\" content=\"index, follow, max-snippet:-1, max-image-preview:large, max-video-preview:-1\" \/>\n<link rel=\"canonical\" href=\"https:\/\/dev.borgarbyggd.is\/grunnborg\/frettir\/jolautvarp-nfgb-ad-ljuka\/\" \/>\n<meta property=\"og:locale\" content=\"en_US\" \/>\n<meta property=\"og:type\" content=\"article\" \/>\n<meta property=\"og:title\" content=\"J\u00f3la\u00fatvarp NFGB a\u00f0 lj\u00faka. - Grunnsk\u00f3linn \u00ed Borgarnesi\" \/>\n<meta property=\"og:description\" content=\"\u00cd dag er lokadagur j\u00f3la\u00fatvarpsins og vi\u00f0bur\u00f0ar\u00edkri viku a\u00f0 lj\u00faka. Eins og t\u00ed\u00f0kast hefur \u00fe\u00e1 voru B\u00e6jarm\u00e1lin \u00ed beinni \u00e1 dagskr\u00e1 \u00ed dag \u00fear sem b\u00e6jarp\u00f3lit\u00edkin var skeggr\u00e6dd. \u00de\u00e1 var fjalla\u00f0 um j\u00f3la\u00fatvarpi\u00f0 \u00ed h\u00e1degisfr\u00e9ttum R\u00daV \u00ed dag og \u00fear teki\u00f0 vi\u00f0tal vi\u00f0 Au\u00f0unn t\u00e6knimann. Umfj\u00f6llunina m\u00e1 finna h\u00e9r: https:\/\/www.ruv.is\/&#8230;\/jolautvarp-grunnskolans-i-borgarnesi Vi\u00f0 \u00fe\u00f6kkum \u00f6llum \u00feeim sem l\u00f6g\u00f0u vi\u00f0 hlustir og \u00feeim ... Read More\" \/>\n<meta property=\"og:url\" content=\"https:\/\/dev.borgarbyggd.is\/grunnborg\/frettir\/jolautvarp-nfgb-ad-ljuka\/\" \/>\n<meta property=\"og:site_name\" content=\"Grunnsk\u00f3linn \u00ed Borgarnesi\" \/>\n<meta property=\"article:published_time\" content=\"2023-12-15T15:49:05+00:00\" \/>\n<meta property=\"article:modified_time\" content=\"2023-12-15T15:49:45+00:00\" \/>\n<meta property=\"og:image\" content=\"https:\/\/dev.borgarbyggd.is\/grunnborg\/wp-content\/uploads\/sites\/2\/2023\/12\/jolautvarp2.jpg\" \/>\n\t<meta property=\"og:image:width\" content=\"2000\" \/>\n\t<meta property=\"og:image:height\" content=\"1500\" \/>\n\t<meta property=\"og:image:type\" content=\"image\/jpeg\" \/>\n<meta name=\"author\" content=\"huldag\" \/>\n<meta name=\"twitter:card\" content=\"summary_large_image\" \/>\n<meta name=\"twitter:label1\" content=\"Written by\" \/>\n\t<meta name=\"twitter:data1\" content=\"huldag\" \/>\n\t<meta name=\"twitter:label2\" content=\"Est. reading time\" \/>\n\t<meta name=\"twitter:data2\" content=\"1 minute\" \/>\n<script type=\"application\/ld+json\" class=\"yoast-schema-graph\">{\"@context\":\"https:\/\/schema.org\",\"@graph\":[{\"@type\":\"WebPage\",\"@id\":\"https:\/\/dev.borgarbyggd.is\/grunnborg\/frettir\/jolautvarp-nfgb-ad-ljuka\/\",\"url\":\"https:\/\/dev.borgarbyggd.is\/grunnborg\/frettir\/jolautvarp-nfgb-ad-ljuka\/\",\"name\":\"J\u00f3la\u00fatvarp NFGB a\u00f0 lj\u00faka. - Grunnsk\u00f3linn \u00ed Borgarnesi\",\"isPartOf\":{\"@id\":\"https:\/\/dev.borgarbyggd.is\/grunnborg\/#website\"},\"primaryImageOfPage\":{\"@id\":\"https:\/\/dev.borgarbyggd.is\/grunnborg\/frettir\/jolautvarp-nfgb-ad-ljuka\/#primaryimage\"},\"image\":{\"@id\":\"https:\/\/dev.borgarbyggd.is\/grunnborg\/frettir\/jolautvarp-nfgb-ad-ljuka\/#primaryimage\"},\"thumbnailUrl\":\"https:\/\/dev.borgarbyggd.is\/grunnborg\/wp-content\/uploads\/sites\/2\/2023\/12\/jolautvarp2.jpg\",\"datePublished\":\"2023-12-15T15:49:05+00:00\",\"dateModified\":\"2023-12-15T15:49:45+00:00\",\"author\":{\"@id\":\"https:\/\/dev.borgarbyggd.is\/grunnborg\/#\/schema\/person\/a81f55c8091f235534589b6a441de894\"},\"breadcrumb\":{\"@id\":\"https:\/\/dev.borgarbyggd.is\/grunnborg\/frettir\/jolautvarp-nfgb-ad-ljuka\/#breadcrumb\"},\"inLanguage\":\"en-US\",\"potentialAction\":[{\"@type\":\"ReadAction\",\"target\":[\"https:\/\/dev.borgarbyggd.is\/grunnborg\/frettir\/jolautvarp-nfgb-ad-ljuka\/\"]}]},{\"@type\":\"ImageObject\",\"inLanguage\":\"en-US\",\"@id\":\"https:\/\/dev.borgarbyggd.is\/grunnborg\/frettir\/jolautvarp-nfgb-ad-ljuka\/#primaryimage\",\"url\":\"https:\/\/dev.borgarbyggd.is\/grunnborg\/wp-content\/uploads\/sites\/2\/2023\/12\/jolautvarp2.jpg\",\"contentUrl\":\"https:\/\/dev.borgarbyggd.is\/grunnborg\/wp-content\/uploads\/sites\/2\/2023\/12\/jolautvarp2.jpg\",\"width\":2000,\"height\":1500},{\"@type\":\"BreadcrumbList\",\"@id\":\"https:\/\/dev.borgarbyggd.is\/grunnborg\/frettir\/jolautvarp-nfgb-ad-ljuka\/#breadcrumb\",\"itemListElement\":[{\"@type\":\"ListItem\",\"position\":1,\"name\":\"Home\",\"item\":\"https:\/\/dev.borgarbyggd.is\/grunnborg\/\"},{\"@type\":\"ListItem\",\"position\":2,\"name\":\"J\u00f3la\u00fatvarp NFGB a\u00f0 lj\u00faka.\"}]},{\"@type\":\"WebSite\",\"@id\":\"https:\/\/dev.borgarbyggd.is\/grunnborg\/#website\",\"url\":\"https:\/\/dev.borgarbyggd.is\/grunnborg\/\",\"name\":\"Grunnsk\u00f3linn \u00ed Borgarnesi\",\"description\":\"\",\"potentialAction\":[{\"@type\":\"SearchAction\",\"target\":{\"@type\":\"EntryPoint\",\"urlTemplate\":\"https:\/\/dev.borgarbyggd.is\/grunnborg\/?s={search_term_string}\"},\"query-input\":{\"@type\":\"PropertyValueSpecification\",\"valueRequired\":true,\"valueName\":\"search_term_string\"}}],\"inLanguage\":\"en-US\"},{\"@type\":\"Person\",\"@id\":\"https:\/\/dev.borgarbyggd.is\/grunnborg\/#\/schema\/person\/a81f55c8091f235534589b6a441de894\",\"name\":\"huldag\",\"image\":{\"@type\":\"ImageObject\",\"inLanguage\":\"en-US\",\"@id\":\"https:\/\/dev.borgarbyggd.is\/grunnborg\/#\/schema\/person\/image\/\",\"url\":\"https:\/\/secure.gravatar.com\/avatar\/5713c9ad3f3c9b3d04558014bcc83a7c1a4174ecf1b52ec7245a5513f341cf0a?s=96&d=mm&r=g\",\"contentUrl\":\"https:\/\/secure.gravatar.com\/avatar\/5713c9ad3f3c9b3d04558014bcc83a7c1a4174ecf1b52ec7245a5513f341cf0a?s=96&d=mm&r=g\",\"caption\":\"huldag\"},\"url\":\"https:\/\/dev.borgarbyggd.is\/grunnborg\/author\/huldag\/\"}]}<\/script>\n<!-- \/ Yoast SEO plugin. -->","yoast_head_json":{"title":"J\u00f3la\u00fatvarp NFGB a\u00f0 lj\u00faka. - Grunnsk\u00f3linn \u00ed Borgarnesi","robots":{"index":"index","follow":"follow","max-snippet":"max-snippet:-1","max-image-preview":"max-image-preview:large","max-video-preview":"max-video-preview:-1"},"canonical":"https:\/\/dev.borgarbyggd.is\/grunnborg\/frettir\/jolautvarp-nfgb-ad-ljuka\/","og_locale":"en_US","og_type":"article","og_title":"J\u00f3la\u00fatvarp NFGB a\u00f0 lj\u00faka. - Grunnsk\u00f3linn \u00ed Borgarnesi","og_description":"\u00cd dag er lokadagur j\u00f3la\u00fatvarpsins og vi\u00f0bur\u00f0ar\u00edkri viku a\u00f0 lj\u00faka. Eins og t\u00ed\u00f0kast hefur \u00fe\u00e1 voru B\u00e6jarm\u00e1lin \u00ed beinni \u00e1 dagskr\u00e1 \u00ed dag \u00fear sem b\u00e6jarp\u00f3lit\u00edkin var skeggr\u00e6dd. \u00de\u00e1 var fjalla\u00f0 um j\u00f3la\u00fatvarpi\u00f0 \u00ed h\u00e1degisfr\u00e9ttum R\u00daV \u00ed dag og \u00fear teki\u00f0 vi\u00f0tal vi\u00f0 Au\u00f0unn t\u00e6knimann. Umfj\u00f6llunina m\u00e1 finna h\u00e9r: https:\/\/www.ruv.is\/&#8230;\/jolautvarp-grunnskolans-i-borgarnesi Vi\u00f0 \u00fe\u00f6kkum \u00f6llum \u00feeim sem l\u00f6g\u00f0u vi\u00f0 hlustir og \u00feeim ... Read More","og_url":"https:\/\/dev.borgarbyggd.is\/grunnborg\/frettir\/jolautvarp-nfgb-ad-ljuka\/","og_site_name":"Grunnsk\u00f3linn \u00ed Borgarnesi","article_published_time":"2023-12-15T15:49:05+00:00","article_modified_time":"2023-12-15T15:49:45+00:00","og_image":[{"width":2000,"height":1500,"url":"https:\/\/dev.borgarbyggd.is\/grunnborg\/wp-content\/uploads\/sites\/2\/2023\/12\/jolautvarp2.jpg","type":"image\/jpeg"}],"author":"huldag","twitter_card":"summary_large_image","twitter_misc":{"Written by":"huldag","Est. reading time":"1 minute"},"schema":{"@context":"https:\/\/schema.org","@graph":[{"@type":"WebPage","@id":"https:\/\/dev.borgarbyggd.is\/grunnborg\/frettir\/jolautvarp-nfgb-ad-ljuka\/","url":"https:\/\/dev.borgarbyggd.is\/grunnborg\/frettir\/jolautvarp-nfgb-ad-ljuka\/","name":"J\u00f3la\u00fatvarp NFGB a\u00f0 lj\u00faka. - Grunnsk\u00f3linn \u00ed Borgarnesi","isPartOf":{"@id":"https:\/\/dev.borgarbyggd.is\/grunnborg\/#website"},"primaryImageOfPage":{"@id":"https:\/\/dev.borgarbyggd.is\/grunnborg\/frettir\/jolautvarp-nfgb-ad-ljuka\/#primaryimage"},"image":{"@id":"https:\/\/dev.borgarbyggd.is\/grunnborg\/frettir\/jolautvarp-nfgb-ad-ljuka\/#primaryimage"},"thumbnailUrl":"https:\/\/dev.borgarbyggd.is\/grunnborg\/wp-content\/uploads\/sites\/2\/2023\/12\/jolautvarp2.jpg","datePublished":"2023-12-15T15:49:05+00:00","dateModified":"2023-12-15T15:49:45+00:00","author":{"@id":"https:\/\/dev.borgarbyggd.is\/grunnborg\/#\/schema\/person\/a81f55c8091f235534589b6a441de894"},"breadcrumb":{"@id":"https:\/\/dev.borgarbyggd.is\/grunnborg\/frettir\/jolautvarp-nfgb-ad-ljuka\/#breadcrumb"},"inLanguage":"en-US","potentialAction":[{"@type":"ReadAction","target":["https:\/\/dev.borgarbyggd.is\/grunnborg\/frettir\/jolautvarp-nfgb-ad-ljuka\/"]}]},{"@type":"ImageObject","inLanguage":"en-US","@id":"https:\/\/dev.borgarbyggd.is\/grunnborg\/frettir\/jolautvarp-nfgb-ad-ljuka\/#primaryimage","url":"https:\/\/dev.borgarbyggd.is\/grunnborg\/wp-content\/uploads\/sites\/2\/2023\/12\/jolautvarp2.jpg","contentUrl":"https:\/\/dev.borgarbyggd.is\/grunnborg\/wp-content\/uploads\/sites\/2\/2023\/12\/jolautvarp2.jpg","width":2000,"height":1500},{"@type":"BreadcrumbList","@id":"https:\/\/dev.borgarbyggd.is\/grunnborg\/frettir\/jolautvarp-nfgb-ad-ljuka\/#breadcrumb","itemListElement":[{"@type":"ListItem","position":1,"name":"Home","item":"https:\/\/dev.borgarbyggd.is\/grunnborg\/"},{"@type":"ListItem","position":2,"name":"J\u00f3la\u00fatvarp NFGB a\u00f0 lj\u00faka."}]},{"@type":"WebSite","@id":"https:\/\/dev.borgarbyggd.is\/grunnborg\/#website","url":"https:\/\/dev.borgarbyggd.is\/grunnborg\/","name":"Grunnsk\u00f3linn \u00ed Borgarnesi","description":"","potentialAction":[{"@type":"SearchAction","target":{"@type":"EntryPoint","urlTemplate":"https:\/\/dev.borgarbyggd.is\/grunnborg\/?s={search_term_string}"},"query-input":{"@type":"PropertyValueSpecification","valueRequired":true,"valueName":"search_term_string"}}],"inLanguage":"en-US"},{"@type":"Person","@id":"https:\/\/dev.borgarbyggd.is\/grunnborg\/#\/schema\/person\/a81f55c8091f235534589b6a441de894","name":"huldag","image":{"@type":"ImageObject","inLanguage":"en-US","@id":"https:\/\/dev.borgarbyggd.is\/grunnborg\/#\/schema\/person\/image\/","url":"https:\/\/secure.gravatar.com\/avatar\/5713c9ad3f3c9b3d04558014bcc83a7c1a4174ecf1b52ec7245a5513f341cf0a?s=96&d=mm&r=g","contentUrl":"https:\/\/secure.gravatar.com\/avatar\/5713c9ad3f3c9b3d04558014bcc83a7c1a4174ecf1b52ec7245a5513f341cf0a?s=96&d=mm&r=g","caption":"huldag"},"url":"https:\/\/dev.borgarbyggd.is\/grunnborg\/author\/huldag\/"}]}},"_links":{"self":[{"href":"https:\/\/dev.borgarbyggd.is\/grunnborg\/wp-json\/wp\/v2\/posts\/839","targetHints":{"allow":["GET"]}}],"collection":[{"href":"https:\/\/dev.borgarbyggd.is\/grunnborg\/wp-json\/wp\/v2\/posts"}],"about":[{"href":"https:\/\/dev.borgarbyggd.is\/grunnborg\/wp-json\/wp\/v2\/types\/post"}],"author":[{"embeddable":true,"href":"https:\/\/dev.borgarbyggd.is\/grunnborg\/wp-json\/wp\/v2\/users\/27"}],"replies":[{"embeddable":true,"href":"https:\/\/dev.borgarbyggd.is\/grunnborg\/wp-json\/wp\/v2\/comments?post=839"}],"version-history":[{"count":0,"href":"https:\/\/dev.borgarbyggd.is\/grunnborg\/wp-json\/wp\/v2\/posts\/839\/revisions"}],"wp:featuredmedia":[{"embeddable":true,"href":"https:\/\/dev.borgarbyggd.is\/grunnborg\/wp-json\/wp\/v2\/media\/836"}],"wp:attachment":[{"href":"https:\/\/dev.borgarbyggd.is\/grunnborg\/wp-json\/wp\/v2\/media?parent=839"}],"wp:term":[{"taxonomy":"category","embeddable":true,"href":"https:\/\/dev.borgarbyggd.is\/grunnborg\/wp-json\/wp\/v2\/categories?post=839"},{"taxonomy":"post_tag","embeddable":true,"href":"https:\/\/dev.borgarbyggd.is\/grunnborg\/wp-json\/wp\/v2\/tags?post=839"}],"curies":[{"name":"wp","href":"https:\/\/api.w.org\/{rel}","templated":true}]}}