{"id":2471,"date":"2026-04-30T14:07:42","date_gmt":"2026-04-30T14:07:42","guid":{"rendered":"https:\/\/dev.borgarbyggd.is\/grunnborg\/?p=2471"},"modified":"2026-04-30T14:07:42","modified_gmt":"2026-04-30T14:07:42","slug":"stora-upplestrarkeppnin-2026","status":"publish","type":"post","link":"https:\/\/dev.borgarbyggd.is\/grunnborg\/frettir\/stora-upplestrarkeppnin-2026\/","title":{"rendered":"St\u00f3ra upplestrarkeppnin 2026"},"content":{"rendered":"<p><strong>St\u00f3ra upplestrarkeppnin haldin \u00ed Borgarnesi<\/strong><\/p>\n<p>\u00deann 21. apr\u00edl sl. var St\u00f3ra upplestrarkeppnin \u00e1 Vesturlandi haldin me\u00f0 h\u00e1t\u00ed\u00f0legum h\u00e6tti \u00ed Grunnsk\u00f3lanum \u00ed Borgarnesi. Alls t\u00f3ku fimm sk\u00f3lar \u00fe\u00e1tt \u00ed keppninni, \u00fe.e. Au\u00f0arsk\u00f3li, Grunnsk\u00f3li Borgarfjar\u00f0ar, Grunnsk\u00f3linn \u00ed Borgarnesi, Hei\u00f0arsk\u00f3li og Reykh\u00f3lask\u00f3li. Keppendur voru 15 talsins og \u00fev\u00ed hver sk\u00f3li me\u00f0 3 fulltr\u00faa.<\/p>\n<p>Keppnin var \u00fer\u00edskipt og reyndi \u00e1 fj\u00f6lbreytta lestrarh\u00e6fni nemenda. \u00cd fyrstu umfer\u00f0 l\u00e1su keppendur textabrot eftir \u00d3lafur P\u00e1ll J\u00f3nsson. \u00cd annarri umfer\u00f0 l\u00e1su \u00feeir lj\u00f3\u00f0 af fyrirfram \u00e1kve\u00f0num lista, en \u00ed \u00feri\u00f0ju og s\u00ed\u00f0ustu umfer\u00f0 v\u00f6ldu nemendur lj\u00f3\u00f0 a\u00f0 eigin vali eftir \u00f3l\u00edk lj\u00f3\u00f0sk\u00e1ld.<\/p>\n<p>Framkoma og frammista\u00f0a keppenda var til fyrirmyndar og lj\u00f3st a\u00f0 mikil vinna haf\u00f0i veri\u00f0 l\u00f6g\u00f0 \u00ed undirb\u00faning. D\u00f3marar keppninnar voru \u00feau Fj\u00f3la Benediktsd\u00f3ttir, Stef\u00e1n Broddi Gu\u00f0j\u00f3nsson og S\u00e6var Ingi J\u00f3nsson.<\/p>\n<p>Veitt voru ver\u00f0laun fyrir \u00ferj\u00fa efstu s\u00e6tin og ur\u00f0u \u00farslit eftirfarandi:<\/p>\n<p><strong>1.<\/strong><strong>s\u00e6ti:<\/strong> Hekla Isabel Back (Grunnsk\u00f3linn \u00ed Borgarnesi)<br \/>\n<strong>2. s\u00e6ti:<\/strong> \u00cdsabella R\u00f3s P\u00e9tursd\u00f3ttir (Hei\u00f0arsk\u00f3li)<br \/>\n<strong>3. s\u00e6ti:<\/strong> J\u00f3n Stormur Indri\u00f0ason (Grunnsk\u00f3linn \u00ed Borgarnesi)<\/p>\n<p>Vi\u00f0 \u00f3skum \u00f6llum keppendum hjartanlega til hamingju me\u00f0 gl\u00e6silega frammist\u00f6\u00f0u og sigurvegurum s\u00e9rstaklega me\u00f0 fr\u00e1b\u00e6ran \u00e1rangur.<\/p>\n<p><img loading=\"lazy\" decoding=\"async\" class=\"alignnone size-medium wp-image-2473\" src=\"https:\/\/dev.borgarbyggd.is\/grunnborg\/wp-content\/uploads\/sites\/2\/2026\/04\/Upp-300x225.jpeg\" alt=\"\" width=\"300\" height=\"225\" srcset=\"https:\/\/dev.borgarbyggd.is\/grunnborg\/wp-content\/uploads\/sites\/2\/2026\/04\/Upp-300x225.jpeg 300w, https:\/\/dev.borgarbyggd.is\/grunnborg\/wp-content\/uploads\/sites\/2\/2026\/04\/Upp-1024x768.jpeg 1024w, https:\/\/dev.borgarbyggd.is\/grunnborg\/wp-content\/uploads\/sites\/2\/2026\/04\/Upp-768x576.jpeg 768w, https:\/\/dev.borgarbyggd.is\/grunnborg\/wp-content\/uploads\/sites\/2\/2026\/04\/Upp-1536x1152.jpeg 1536w, https:\/\/dev.borgarbyggd.is\/grunnborg\/wp-content\/uploads\/sites\/2\/2026\/04\/Upp-100x75.jpeg 100w, https:\/\/dev.borgarbyggd.is\/grunnborg\/wp-content\/uploads\/sites\/2\/2026\/04\/Upp-1200x900.jpeg 1200w, https:\/\/dev.borgarbyggd.is\/grunnborg\/wp-content\/uploads\/sites\/2\/2026\/04\/Upp.jpeg 2048w\" sizes=\"auto, (max-width: 300px) 100vw, 300px\" \/><\/p>\n","protected":false},"excerpt":{"rendered":"<p>St\u00f3ra upplestrarkeppnin haldin \u00ed Borgarnesi \u00deann 21. apr\u00edl sl. var St\u00f3ra upplestrarkeppnin \u00e1 Vesturlandi haldin me\u00f0 h\u00e1t\u00ed\u00f0legum h\u00e6tti \u00ed Grunnsk\u00f3lanum \u00ed Borgarnesi. Alls t\u00f3ku fimm sk\u00f3lar \u00fe\u00e1tt \u00ed keppninni, \u00fe.e. Au\u00f0arsk\u00f3li, Grunnsk\u00f3li Borgarfjar\u00f0ar, Grunnsk\u00f3linn \u00ed Borgarnesi, Hei\u00f0arsk\u00f3li og Reykh\u00f3lask\u00f3li. Keppendur voru 15 talsins og \u00fev\u00ed hver sk\u00f3li me\u00f0 3 fulltr\u00faa. Keppnin var \u00fer\u00edskipt og reyndi \u00e1 fj\u00f6lbreytta lestrarh\u00e6fni nemenda. \u00cd &#8230; <\/p>\n<div><a href=\"https:\/\/dev.borgarbyggd.is\/grunnborg\/frettir\/stora-upplestrarkeppnin-2026\/\" class=\"more-link\">Read More<\/a><\/div>\n","protected":false},"author":43,"featured_media":2472,"comment_status":"closed","ping_status":"closed","sticky":false,"template":"","format":"standard","meta":{"_acf_changed":false,"footnotes":""},"categories":[1],"tags":[],"class_list":["post-2471","post","type-post","status-publish","format-standard","has-post-thumbnail","hentry","category-frettir"],"acf":[],"yoast_head":"<!-- This site is optimized with the Yoast SEO plugin v24.0 - https:\/\/yoast.com\/wordpress\/plugins\/seo\/ -->\n<title>St\u00f3ra upplestrarkeppnin 2026 - Grunnsk\u00f3linn \u00ed Borgarnesi<\/title>\n<meta name=\"robots\" content=\"index, follow, max-snippet:-1, max-image-preview:large, max-video-preview:-1\" \/>\n<link rel=\"canonical\" href=\"https:\/\/dev.borgarbyggd.is\/grunnborg\/frettir\/stora-upplestrarkeppnin-2026\/\" \/>\n<meta property=\"og:locale\" content=\"en_US\" \/>\n<meta property=\"og:type\" content=\"article\" \/>\n<meta property=\"og:title\" content=\"St\u00f3ra upplestrarkeppnin 2026 - Grunnsk\u00f3linn \u00ed Borgarnesi\" \/>\n<meta property=\"og:description\" content=\"St\u00f3ra upplestrarkeppnin haldin \u00ed Borgarnesi \u00deann 21. apr\u00edl sl. var St\u00f3ra upplestrarkeppnin \u00e1 Vesturlandi haldin me\u00f0 h\u00e1t\u00ed\u00f0legum h\u00e6tti \u00ed Grunnsk\u00f3lanum \u00ed Borgarnesi. Alls t\u00f3ku fimm sk\u00f3lar \u00fe\u00e1tt \u00ed keppninni, \u00fe.e. Au\u00f0arsk\u00f3li, Grunnsk\u00f3li Borgarfjar\u00f0ar, Grunnsk\u00f3linn \u00ed Borgarnesi, Hei\u00f0arsk\u00f3li og Reykh\u00f3lask\u00f3li. Keppendur voru 15 talsins og \u00fev\u00ed hver sk\u00f3li me\u00f0 3 fulltr\u00faa. Keppnin var \u00fer\u00edskipt og reyndi \u00e1 fj\u00f6lbreytta lestrarh\u00e6fni nemenda. \u00cd ... Read More\" \/>\n<meta property=\"og:url\" content=\"https:\/\/dev.borgarbyggd.is\/grunnborg\/frettir\/stora-upplestrarkeppnin-2026\/\" \/>\n<meta property=\"og:site_name\" content=\"Grunnsk\u00f3linn \u00ed Borgarnesi\" \/>\n<meta property=\"article:published_time\" content=\"2026-04-30T14:07:42+00:00\" \/>\n<meta property=\"og:image\" content=\"https:\/\/dev.borgarbyggd.is\/grunnborg\/wp-content\/uploads\/sites\/2\/2026\/04\/upp-2.jpeg\" \/>\n\t<meta property=\"og:image:width\" content=\"2048\" \/>\n\t<meta property=\"og:image:height\" content=\"1536\" \/>\n\t<meta property=\"og:image:type\" content=\"image\/jpeg\" \/>\n<meta name=\"author\" content=\"guddis\" \/>\n<meta name=\"twitter:card\" content=\"summary_large_image\" \/>\n<meta name=\"twitter:label1\" content=\"Written by\" \/>\n\t<meta name=\"twitter:data1\" content=\"guddis\" \/>\n\t<meta name=\"twitter:label2\" content=\"Est. reading time\" \/>\n\t<meta name=\"twitter:data2\" content=\"1 minute\" \/>\n<script type=\"application\/ld+json\" class=\"yoast-schema-graph\">{\"@context\":\"https:\/\/schema.org\",\"@graph\":[{\"@type\":\"WebPage\",\"@id\":\"https:\/\/dev.borgarbyggd.is\/grunnborg\/frettir\/stora-upplestrarkeppnin-2026\/\",\"url\":\"https:\/\/dev.borgarbyggd.is\/grunnborg\/frettir\/stora-upplestrarkeppnin-2026\/\",\"name\":\"St\u00f3ra upplestrarkeppnin 2026 - Grunnsk\u00f3linn \u00ed Borgarnesi\",\"isPartOf\":{\"@id\":\"https:\/\/dev.borgarbyggd.is\/grunnborg\/#website\"},\"primaryImageOfPage\":{\"@id\":\"https:\/\/dev.borgarbyggd.is\/grunnborg\/frettir\/stora-upplestrarkeppnin-2026\/#primaryimage\"},\"image\":{\"@id\":\"https:\/\/dev.borgarbyggd.is\/grunnborg\/frettir\/stora-upplestrarkeppnin-2026\/#primaryimage\"},\"thumbnailUrl\":\"https:\/\/dev.borgarbyggd.is\/grunnborg\/wp-content\/uploads\/sites\/2\/2026\/04\/upp-2.jpeg\",\"datePublished\":\"2026-04-30T14:07:42+00:00\",\"dateModified\":\"2026-04-30T14:07:42+00:00\",\"author\":{\"@id\":\"https:\/\/dev.borgarbyggd.is\/grunnborg\/#\/schema\/person\/17a330ec2c07817e93411c3b6608f7d6\"},\"breadcrumb\":{\"@id\":\"https:\/\/dev.borgarbyggd.is\/grunnborg\/frettir\/stora-upplestrarkeppnin-2026\/#breadcrumb\"},\"inLanguage\":\"en-US\",\"potentialAction\":[{\"@type\":\"ReadAction\",\"target\":[\"https:\/\/dev.borgarbyggd.is\/grunnborg\/frettir\/stora-upplestrarkeppnin-2026\/\"]}]},{\"@type\":\"ImageObject\",\"inLanguage\":\"en-US\",\"@id\":\"https:\/\/dev.borgarbyggd.is\/grunnborg\/frettir\/stora-upplestrarkeppnin-2026\/#primaryimage\",\"url\":\"https:\/\/dev.borgarbyggd.is\/grunnborg\/wp-content\/uploads\/sites\/2\/2026\/04\/upp-2.jpeg\",\"contentUrl\":\"https:\/\/dev.borgarbyggd.is\/grunnborg\/wp-content\/uploads\/sites\/2\/2026\/04\/upp-2.jpeg\",\"width\":2048,\"height\":1536},{\"@type\":\"BreadcrumbList\",\"@id\":\"https:\/\/dev.borgarbyggd.is\/grunnborg\/frettir\/stora-upplestrarkeppnin-2026\/#breadcrumb\",\"itemListElement\":[{\"@type\":\"ListItem\",\"position\":1,\"name\":\"Home\",\"item\":\"https:\/\/dev.borgarbyggd.is\/grunnborg\/\"},{\"@type\":\"ListItem\",\"position\":2,\"name\":\"St\u00f3ra upplestrarkeppnin 2026\"}]},{\"@type\":\"WebSite\",\"@id\":\"https:\/\/dev.borgarbyggd.is\/grunnborg\/#website\",\"url\":\"https:\/\/dev.borgarbyggd.is\/grunnborg\/\",\"name\":\"Grunnsk\u00f3linn \u00ed Borgarnesi\",\"description\":\"\",\"potentialAction\":[{\"@type\":\"SearchAction\",\"target\":{\"@type\":\"EntryPoint\",\"urlTemplate\":\"https:\/\/dev.borgarbyggd.is\/grunnborg\/?s={search_term_string}\"},\"query-input\":{\"@type\":\"PropertyValueSpecification\",\"valueRequired\":true,\"valueName\":\"search_term_string\"}}],\"inLanguage\":\"en-US\"},{\"@type\":\"Person\",\"@id\":\"https:\/\/dev.borgarbyggd.is\/grunnborg\/#\/schema\/person\/17a330ec2c07817e93411c3b6608f7d6\",\"name\":\"guddis\",\"image\":{\"@type\":\"ImageObject\",\"inLanguage\":\"en-US\",\"@id\":\"https:\/\/dev.borgarbyggd.is\/grunnborg\/#\/schema\/person\/image\/\",\"url\":\"https:\/\/secure.gravatar.com\/avatar\/18789ddb8185f2ed19fe02cbd026d1bfc4089f85cd4014786e1e9196a00ded49?s=96&d=mm&r=g\",\"contentUrl\":\"https:\/\/secure.gravatar.com\/avatar\/18789ddb8185f2ed19fe02cbd026d1bfc4089f85cd4014786e1e9196a00ded49?s=96&d=mm&r=g\",\"caption\":\"guddis\"},\"url\":\"https:\/\/dev.borgarbyggd.is\/grunnborg\/author\/guddis\/\"}]}<\/script>\n<!-- \/ Yoast SEO plugin. -->","yoast_head_json":{"title":"St\u00f3ra upplestrarkeppnin 2026 - Grunnsk\u00f3linn \u00ed Borgarnesi","robots":{"index":"index","follow":"follow","max-snippet":"max-snippet:-1","max-image-preview":"max-image-preview:large","max-video-preview":"max-video-preview:-1"},"canonical":"https:\/\/dev.borgarbyggd.is\/grunnborg\/frettir\/stora-upplestrarkeppnin-2026\/","og_locale":"en_US","og_type":"article","og_title":"St\u00f3ra upplestrarkeppnin 2026 - Grunnsk\u00f3linn \u00ed Borgarnesi","og_description":"St\u00f3ra upplestrarkeppnin haldin \u00ed Borgarnesi \u00deann 21. apr\u00edl sl. var St\u00f3ra upplestrarkeppnin \u00e1 Vesturlandi haldin me\u00f0 h\u00e1t\u00ed\u00f0legum h\u00e6tti \u00ed Grunnsk\u00f3lanum \u00ed Borgarnesi. Alls t\u00f3ku fimm sk\u00f3lar \u00fe\u00e1tt \u00ed keppninni, \u00fe.e. Au\u00f0arsk\u00f3li, Grunnsk\u00f3li Borgarfjar\u00f0ar, Grunnsk\u00f3linn \u00ed Borgarnesi, Hei\u00f0arsk\u00f3li og Reykh\u00f3lask\u00f3li. Keppendur voru 15 talsins og \u00fev\u00ed hver sk\u00f3li me\u00f0 3 fulltr\u00faa. Keppnin var \u00fer\u00edskipt og reyndi \u00e1 fj\u00f6lbreytta lestrarh\u00e6fni nemenda. \u00cd ... Read More","og_url":"https:\/\/dev.borgarbyggd.is\/grunnborg\/frettir\/stora-upplestrarkeppnin-2026\/","og_site_name":"Grunnsk\u00f3linn \u00ed Borgarnesi","article_published_time":"2026-04-30T14:07:42+00:00","og_image":[{"width":2048,"height":1536,"url":"https:\/\/dev.borgarbyggd.is\/grunnborg\/wp-content\/uploads\/sites\/2\/2026\/04\/upp-2.jpeg","type":"image\/jpeg"}],"author":"guddis","twitter_card":"summary_large_image","twitter_misc":{"Written by":"guddis","Est. reading time":"1 minute"},"schema":{"@context":"https:\/\/schema.org","@graph":[{"@type":"WebPage","@id":"https:\/\/dev.borgarbyggd.is\/grunnborg\/frettir\/stora-upplestrarkeppnin-2026\/","url":"https:\/\/dev.borgarbyggd.is\/grunnborg\/frettir\/stora-upplestrarkeppnin-2026\/","name":"St\u00f3ra upplestrarkeppnin 2026 - Grunnsk\u00f3linn \u00ed Borgarnesi","isPartOf":{"@id":"https:\/\/dev.borgarbyggd.is\/grunnborg\/#website"},"primaryImageOfPage":{"@id":"https:\/\/dev.borgarbyggd.is\/grunnborg\/frettir\/stora-upplestrarkeppnin-2026\/#primaryimage"},"image":{"@id":"https:\/\/dev.borgarbyggd.is\/grunnborg\/frettir\/stora-upplestrarkeppnin-2026\/#primaryimage"},"thumbnailUrl":"https:\/\/dev.borgarbyggd.is\/grunnborg\/wp-content\/uploads\/sites\/2\/2026\/04\/upp-2.jpeg","datePublished":"2026-04-30T14:07:42+00:00","dateModified":"2026-04-30T14:07:42+00:00","author":{"@id":"https:\/\/dev.borgarbyggd.is\/grunnborg\/#\/schema\/person\/17a330ec2c07817e93411c3b6608f7d6"},"breadcrumb":{"@id":"https:\/\/dev.borgarbyggd.is\/grunnborg\/frettir\/stora-upplestrarkeppnin-2026\/#breadcrumb"},"inLanguage":"en-US","potentialAction":[{"@type":"ReadAction","target":["https:\/\/dev.borgarbyggd.is\/grunnborg\/frettir\/stora-upplestrarkeppnin-2026\/"]}]},{"@type":"ImageObject","inLanguage":"en-US","@id":"https:\/\/dev.borgarbyggd.is\/grunnborg\/frettir\/stora-upplestrarkeppnin-2026\/#primaryimage","url":"https:\/\/dev.borgarbyggd.is\/grunnborg\/wp-content\/uploads\/sites\/2\/2026\/04\/upp-2.jpeg","contentUrl":"https:\/\/dev.borgarbyggd.is\/grunnborg\/wp-content\/uploads\/sites\/2\/2026\/04\/upp-2.jpeg","width":2048,"height":1536},{"@type":"BreadcrumbList","@id":"https:\/\/dev.borgarbyggd.is\/grunnborg\/frettir\/stora-upplestrarkeppnin-2026\/#breadcrumb","itemListElement":[{"@type":"ListItem","position":1,"name":"Home","item":"https:\/\/dev.borgarbyggd.is\/grunnborg\/"},{"@type":"ListItem","position":2,"name":"St\u00f3ra upplestrarkeppnin 2026"}]},{"@type":"WebSite","@id":"https:\/\/dev.borgarbyggd.is\/grunnborg\/#website","url":"https:\/\/dev.borgarbyggd.is\/grunnborg\/","name":"Grunnsk\u00f3linn \u00ed Borgarnesi","description":"","potentialAction":[{"@type":"SearchAction","target":{"@type":"EntryPoint","urlTemplate":"https:\/\/dev.borgarbyggd.is\/grunnborg\/?s={search_term_string}"},"query-input":{"@type":"PropertyValueSpecification","valueRequired":true,"valueName":"search_term_string"}}],"inLanguage":"en-US"},{"@type":"Person","@id":"https:\/\/dev.borgarbyggd.is\/grunnborg\/#\/schema\/person\/17a330ec2c07817e93411c3b6608f7d6","name":"guddis","image":{"@type":"ImageObject","inLanguage":"en-US","@id":"https:\/\/dev.borgarbyggd.is\/grunnborg\/#\/schema\/person\/image\/","url":"https:\/\/secure.gravatar.com\/avatar\/18789ddb8185f2ed19fe02cbd026d1bfc4089f85cd4014786e1e9196a00ded49?s=96&d=mm&r=g","contentUrl":"https:\/\/secure.gravatar.com\/avatar\/18789ddb8185f2ed19fe02cbd026d1bfc4089f85cd4014786e1e9196a00ded49?s=96&d=mm&r=g","caption":"guddis"},"url":"https:\/\/dev.borgarbyggd.is\/grunnborg\/author\/guddis\/"}]}},"_links":{"self":[{"href":"https:\/\/dev.borgarbyggd.is\/grunnborg\/wp-json\/wp\/v2\/posts\/2471","targetHints":{"allow":["GET"]}}],"collection":[{"href":"https:\/\/dev.borgarbyggd.is\/grunnborg\/wp-json\/wp\/v2\/posts"}],"about":[{"href":"https:\/\/dev.borgarbyggd.is\/grunnborg\/wp-json\/wp\/v2\/types\/post"}],"author":[{"embeddable":true,"href":"https:\/\/dev.borgarbyggd.is\/grunnborg\/wp-json\/wp\/v2\/users\/43"}],"replies":[{"embeddable":true,"href":"https:\/\/dev.borgarbyggd.is\/grunnborg\/wp-json\/wp\/v2\/comments?post=2471"}],"version-history":[{"count":0,"href":"https:\/\/dev.borgarbyggd.is\/grunnborg\/wp-json\/wp\/v2\/posts\/2471\/revisions"}],"wp:featuredmedia":[{"embeddable":true,"href":"https:\/\/dev.borgarbyggd.is\/grunnborg\/wp-json\/wp\/v2\/media\/2472"}],"wp:attachment":[{"href":"https:\/\/dev.borgarbyggd.is\/grunnborg\/wp-json\/wp\/v2\/media?parent=2471"}],"wp:term":[{"taxonomy":"category","embeddable":true,"href":"https:\/\/dev.borgarbyggd.is\/grunnborg\/wp-json\/wp\/v2\/categories?post=2471"},{"taxonomy":"post_tag","embeddable":true,"href":"https:\/\/dev.borgarbyggd.is\/grunnborg\/wp-json\/wp\/v2\/tags?post=2471"}],"curies":[{"name":"wp","href":"https:\/\/api.w.org\/{rel}","templated":true}]}}