{"id":2464,"date":"2026-04-13T09:58:19","date_gmt":"2026-04-13T09:58:19","guid":{"rendered":"https:\/\/dev.borgarbyggd.is\/grunnborg\/?p=2464"},"modified":"2026-04-13T14:04:55","modified_gmt":"2026-04-13T14:04:55","slug":"orsaga-ur-skolastarfi","status":"publish","type":"post","link":"https:\/\/dev.borgarbyggd.is\/grunnborg\/frettir\/orsaga-ur-skolastarfi\/","title":{"rendered":"\u00d6rsaga \u00far sk\u00f3lastarfi"},"content":{"rendered":"<p>\u00de\u00f3rarinn Torfi sm\u00ed\u00f0akennari gaf \u00fat lag um <span data-olk-copy-source=\"MessageBody\">d\u00f3ttur s\u00edna 3 apr\u00edl s.l. og er \u00fea\u00f0 Eva kona hans sem\u00a0 syngur.<br \/>\nLagi\u00f0 er sami\u00f0 fyrir r\u00famlega 20 \u00e1rum og er r\u00f3legt og notalegt.\u00a0 En me\u00f0 laginu vanta\u00f0i mynd til a\u00f0 kynna lagi\u00f0 og \u00feegar T\u00f3ti og Anna Sigr\u00ed\u00f0ur Gu\u00f0brandsd\u00f3ttir myndlistarkennari\u00a0 f\u00f3ru a\u00f0 spjalla kom upp s\u00fa hugmynd a\u00f0 hafa keppni \u00ed 10 bekk og s\u00e1 sem ynni fengi myndina birta me\u00f0 laginu. Krakkarnir l\u00e1su textann hlustu\u00f0u \u00e1 lagi\u00f0 og sk\u00f6pu\u00f0u mynd \u00fat fr\u00e1 sinni eigin t\u00falkun.<br \/>\nMyndirnar voru lag\u00f0ar fyrir fj\u00f6lskyldume\u00f0limi m\u00edna og var \u00feessi mynd h\u00e9r kosin sem besta myndin.<br \/>\nSigurvegari keppninnar er Anastacia \u00ed 10.b<\/span><\/p>\n<p>&nbsp;<\/p>\n<div>\n<div><span data-olk-copy-source=\"MessageBody\">Hlekkur \u00e1 lagi\u00f0:<\/span><\/div>\n<div><a title=\"https:\/\/open.spotify.com\/track\/2jFjFyGeEUlXqPL4N3ji72?si=90eac4e581f54042\" href=\"https:\/\/open.spotify.com\/track\/2jFjFyGeEUlXqPL4N3ji72?si=90eac4e581f54042\" data-auth=\"NotApplicable\" data-linkindex=\"0\">https:\/\/open.spotify.com\/track\/2jFjFyGeEUlXqPL4N3ji72?si=90eac4e581f54042<\/a><\/div>\n<p>&nbsp;<\/p>\n<div><i><u data-olk-copy-source=\"MessageBody\">Sefur \u00fe\u00fa<\/u><\/i><\/div>\n<div><\/div>\n<div>Horfi \u00e1 \u00feig sofandi<\/div>\n<div>me\u00f0 hendur \u00e1 hnakka<\/div>\n<div>Hjarta\u00f0 sl\u00e6r taktfast h\u00e6gt<\/div>\n<div>og \u00fe\u00fa sefur svo v\u00e6rt<\/div>\n<div>\u00c9g \u00feakka fyrir a\u00f0<\/div>\n<div>\u00e9g get ekki fari\u00f0 hvert sem er<\/div>\n<div>Nema hafa \u00feig me\u00f0,<\/div>\n<div>\u00fe\u00fa kemur alltaf me\u00f0<\/div>\n<div>St\u00falkan sem \u00e9g ann,<\/div>\n<div>r\u00edfst vi\u00f0 og skammast<\/div>\n<div>Sefur h\u00e9r og fer\u00f0ast,<\/div>\n<div>hj\u00f3lar um drauminn<\/div>\n<div><\/div>\n<div>Og hvernig sem fer er alltaf \u00e1 hreinu<\/div>\n<div>Hvar \u00e9g er<\/div>\n<div><\/div>\n<div>Hj\u00f3lar brosandi<\/div>\n<div>vinur \u00feinn hann Snorri<\/div>\n<div>situr framan \u00e1<\/div>\n<div>Og hann er me\u00f0 hj\u00e1lm<\/div>\n<div>N\u00fa kemur h\u00fan heim<\/div>\n<div>T\u00edmi til a\u00f0 bor\u00f0a<\/div>\n<div>Lesa s\u00f6gu og sofa<\/div>\n<div>Sefur aldrei ein.<\/div>\n<div><\/div>\n<div>Og hvernig sem fer er alltaf \u00e1 hreinu<\/div>\n<div>Hvar \u00e9g er<\/div>\n<div>Og hvernig sem fer er alltaf \u00e1 hreinu<\/div>\n<div>Hvar \u00e9g er ,\u00e9g er hj\u00e1 \u00fe\u00e9r.<\/div>\n<\/div>\n","protected":false},"excerpt":{"rendered":"<p>\u00de\u00f3rarinn Torfi sm\u00ed\u00f0akennari gaf \u00fat lag um d\u00f3ttur s\u00edna 3 apr\u00edl s.l. og er \u00fea\u00f0 Eva kona hans sem\u00a0 syngur. Lagi\u00f0 er sami\u00f0 fyrir r\u00famlega 20 \u00e1rum og er r\u00f3legt og notalegt.\u00a0 En me\u00f0 laginu vanta\u00f0i mynd til a\u00f0 kynna lagi\u00f0 og \u00feegar T\u00f3ti og Anna Sigr\u00ed\u00f0ur Gu\u00f0brandsd\u00f3ttir myndlistarkennari\u00a0 f\u00f3ru a\u00f0 spjalla kom upp s\u00fa hugmynd a\u00f0 hafa keppni \u00ed &#8230; <\/p>\n<div><a href=\"https:\/\/dev.borgarbyggd.is\/grunnborg\/frettir\/orsaga-ur-skolastarfi\/\" class=\"more-link\">Read More<\/a><\/div>\n","protected":false},"author":43,"featured_media":2465,"comment_status":"closed","ping_status":"closed","sticky":false,"template":"","format":"standard","meta":{"_acf_changed":false,"footnotes":""},"categories":[1],"tags":[],"class_list":["post-2464","post","type-post","status-publish","format-standard","has-post-thumbnail","hentry","category-frettir"],"acf":[],"yoast_head":"<!-- This site is optimized with the Yoast SEO plugin v24.0 - https:\/\/yoast.com\/wordpress\/plugins\/seo\/ -->\n<title>\u00d6rsaga \u00far sk\u00f3lastarfi - Grunnsk\u00f3linn \u00ed Borgarnesi<\/title>\n<meta name=\"robots\" content=\"index, follow, max-snippet:-1, max-image-preview:large, max-video-preview:-1\" \/>\n<link rel=\"canonical\" href=\"https:\/\/dev.borgarbyggd.is\/grunnborg\/frettir\/orsaga-ur-skolastarfi\/\" \/>\n<meta property=\"og:locale\" content=\"en_US\" \/>\n<meta property=\"og:type\" content=\"article\" \/>\n<meta property=\"og:title\" content=\"\u00d6rsaga \u00far sk\u00f3lastarfi - Grunnsk\u00f3linn \u00ed Borgarnesi\" \/>\n<meta property=\"og:description\" content=\"\u00de\u00f3rarinn Torfi sm\u00ed\u00f0akennari gaf \u00fat lag um d\u00f3ttur s\u00edna 3 apr\u00edl s.l. og er \u00fea\u00f0 Eva kona hans sem\u00a0 syngur. Lagi\u00f0 er sami\u00f0 fyrir r\u00famlega 20 \u00e1rum og er r\u00f3legt og notalegt.\u00a0 En me\u00f0 laginu vanta\u00f0i mynd til a\u00f0 kynna lagi\u00f0 og \u00feegar T\u00f3ti og Anna Sigr\u00ed\u00f0ur Gu\u00f0brandsd\u00f3ttir myndlistarkennari\u00a0 f\u00f3ru a\u00f0 spjalla kom upp s\u00fa hugmynd a\u00f0 hafa keppni \u00ed ... Read More\" \/>\n<meta property=\"og:url\" content=\"https:\/\/dev.borgarbyggd.is\/grunnborg\/frettir\/orsaga-ur-skolastarfi\/\" \/>\n<meta property=\"og:site_name\" content=\"Grunnsk\u00f3linn \u00ed Borgarnesi\" \/>\n<meta property=\"article:published_time\" content=\"2026-04-13T09:58:19+00:00\" \/>\n<meta property=\"article:modified_time\" content=\"2026-04-13T14:04:55+00:00\" \/>\n<meta property=\"og:image\" content=\"https:\/\/dev.borgarbyggd.is\/grunnborg\/wp-content\/uploads\/sites\/2\/2026\/04\/toti-8-1015x1024.png\" \/>\n\t<meta property=\"og:image:width\" content=\"1015\" \/>\n\t<meta property=\"og:image:height\" content=\"1024\" \/>\n\t<meta property=\"og:image:type\" content=\"image\/png\" \/>\n<meta name=\"author\" content=\"guddis\" \/>\n<meta name=\"twitter:card\" content=\"summary_large_image\" \/>\n<meta name=\"twitter:label1\" content=\"Written by\" \/>\n\t<meta name=\"twitter:data1\" content=\"guddis\" \/>\n\t<meta name=\"twitter:label2\" content=\"Est. reading time\" \/>\n\t<meta name=\"twitter:data2\" content=\"2 minutes\" \/>\n<script type=\"application\/ld+json\" class=\"yoast-schema-graph\">{\"@context\":\"https:\/\/schema.org\",\"@graph\":[{\"@type\":\"WebPage\",\"@id\":\"https:\/\/dev.borgarbyggd.is\/grunnborg\/frettir\/orsaga-ur-skolastarfi\/\",\"url\":\"https:\/\/dev.borgarbyggd.is\/grunnborg\/frettir\/orsaga-ur-skolastarfi\/\",\"name\":\"\u00d6rsaga \u00far sk\u00f3lastarfi - Grunnsk\u00f3linn \u00ed Borgarnesi\",\"isPartOf\":{\"@id\":\"https:\/\/dev.borgarbyggd.is\/grunnborg\/#website\"},\"primaryImageOfPage\":{\"@id\":\"https:\/\/dev.borgarbyggd.is\/grunnborg\/frettir\/orsaga-ur-skolastarfi\/#primaryimage\"},\"image\":{\"@id\":\"https:\/\/dev.borgarbyggd.is\/grunnborg\/frettir\/orsaga-ur-skolastarfi\/#primaryimage\"},\"thumbnailUrl\":\"https:\/\/dev.borgarbyggd.is\/grunnborg\/wp-content\/uploads\/sites\/2\/2026\/04\/toti-8.png\",\"datePublished\":\"2026-04-13T09:58:19+00:00\",\"dateModified\":\"2026-04-13T14:04:55+00:00\",\"author\":{\"@id\":\"https:\/\/dev.borgarbyggd.is\/grunnborg\/#\/schema\/person\/17a330ec2c07817e93411c3b6608f7d6\"},\"breadcrumb\":{\"@id\":\"https:\/\/dev.borgarbyggd.is\/grunnborg\/frettir\/orsaga-ur-skolastarfi\/#breadcrumb\"},\"inLanguage\":\"en-US\",\"potentialAction\":[{\"@type\":\"ReadAction\",\"target\":[\"https:\/\/dev.borgarbyggd.is\/grunnborg\/frettir\/orsaga-ur-skolastarfi\/\"]}]},{\"@type\":\"ImageObject\",\"inLanguage\":\"en-US\",\"@id\":\"https:\/\/dev.borgarbyggd.is\/grunnborg\/frettir\/orsaga-ur-skolastarfi\/#primaryimage\",\"url\":\"https:\/\/dev.borgarbyggd.is\/grunnborg\/wp-content\/uploads\/sites\/2\/2026\/04\/toti-8.png\",\"contentUrl\":\"https:\/\/dev.borgarbyggd.is\/grunnborg\/wp-content\/uploads\/sites\/2\/2026\/04\/toti-8.png\",\"width\":1964,\"height\":1982},{\"@type\":\"BreadcrumbList\",\"@id\":\"https:\/\/dev.borgarbyggd.is\/grunnborg\/frettir\/orsaga-ur-skolastarfi\/#breadcrumb\",\"itemListElement\":[{\"@type\":\"ListItem\",\"position\":1,\"name\":\"Home\",\"item\":\"https:\/\/dev.borgarbyggd.is\/grunnborg\/\"},{\"@type\":\"ListItem\",\"position\":2,\"name\":\"\u00d6rsaga \u00far sk\u00f3lastarfi\"}]},{\"@type\":\"WebSite\",\"@id\":\"https:\/\/dev.borgarbyggd.is\/grunnborg\/#website\",\"url\":\"https:\/\/dev.borgarbyggd.is\/grunnborg\/\",\"name\":\"Grunnsk\u00f3linn \u00ed Borgarnesi\",\"description\":\"\",\"potentialAction\":[{\"@type\":\"SearchAction\",\"target\":{\"@type\":\"EntryPoint\",\"urlTemplate\":\"https:\/\/dev.borgarbyggd.is\/grunnborg\/?s={search_term_string}\"},\"query-input\":{\"@type\":\"PropertyValueSpecification\",\"valueRequired\":true,\"valueName\":\"search_term_string\"}}],\"inLanguage\":\"en-US\"},{\"@type\":\"Person\",\"@id\":\"https:\/\/dev.borgarbyggd.is\/grunnborg\/#\/schema\/person\/17a330ec2c07817e93411c3b6608f7d6\",\"name\":\"guddis\",\"image\":{\"@type\":\"ImageObject\",\"inLanguage\":\"en-US\",\"@id\":\"https:\/\/dev.borgarbyggd.is\/grunnborg\/#\/schema\/person\/image\/\",\"url\":\"https:\/\/secure.gravatar.com\/avatar\/18789ddb8185f2ed19fe02cbd026d1bfc4089f85cd4014786e1e9196a00ded49?s=96&d=mm&r=g\",\"contentUrl\":\"https:\/\/secure.gravatar.com\/avatar\/18789ddb8185f2ed19fe02cbd026d1bfc4089f85cd4014786e1e9196a00ded49?s=96&d=mm&r=g\",\"caption\":\"guddis\"},\"url\":\"https:\/\/dev.borgarbyggd.is\/grunnborg\/author\/guddis\/\"}]}<\/script>\n<!-- \/ Yoast SEO plugin. -->","yoast_head_json":{"title":"\u00d6rsaga \u00far sk\u00f3lastarfi - Grunnsk\u00f3linn \u00ed Borgarnesi","robots":{"index":"index","follow":"follow","max-snippet":"max-snippet:-1","max-image-preview":"max-image-preview:large","max-video-preview":"max-video-preview:-1"},"canonical":"https:\/\/dev.borgarbyggd.is\/grunnborg\/frettir\/orsaga-ur-skolastarfi\/","og_locale":"en_US","og_type":"article","og_title":"\u00d6rsaga \u00far sk\u00f3lastarfi - Grunnsk\u00f3linn \u00ed Borgarnesi","og_description":"\u00de\u00f3rarinn Torfi sm\u00ed\u00f0akennari gaf \u00fat lag um d\u00f3ttur s\u00edna 3 apr\u00edl s.l. og er \u00fea\u00f0 Eva kona hans sem\u00a0 syngur. Lagi\u00f0 er sami\u00f0 fyrir r\u00famlega 20 \u00e1rum og er r\u00f3legt og notalegt.\u00a0 En me\u00f0 laginu vanta\u00f0i mynd til a\u00f0 kynna lagi\u00f0 og \u00feegar T\u00f3ti og Anna Sigr\u00ed\u00f0ur Gu\u00f0brandsd\u00f3ttir myndlistarkennari\u00a0 f\u00f3ru a\u00f0 spjalla kom upp s\u00fa hugmynd a\u00f0 hafa keppni \u00ed ... Read More","og_url":"https:\/\/dev.borgarbyggd.is\/grunnborg\/frettir\/orsaga-ur-skolastarfi\/","og_site_name":"Grunnsk\u00f3linn \u00ed Borgarnesi","article_published_time":"2026-04-13T09:58:19+00:00","article_modified_time":"2026-04-13T14:04:55+00:00","og_image":[{"width":1015,"height":1024,"url":"https:\/\/dev.borgarbyggd.is\/grunnborg\/wp-content\/uploads\/sites\/2\/2026\/04\/toti-8-1015x1024.png","type":"image\/png"}],"author":"guddis","twitter_card":"summary_large_image","twitter_misc":{"Written by":"guddis","Est. reading time":"2 minutes"},"schema":{"@context":"https:\/\/schema.org","@graph":[{"@type":"WebPage","@id":"https:\/\/dev.borgarbyggd.is\/grunnborg\/frettir\/orsaga-ur-skolastarfi\/","url":"https:\/\/dev.borgarbyggd.is\/grunnborg\/frettir\/orsaga-ur-skolastarfi\/","name":"\u00d6rsaga \u00far sk\u00f3lastarfi - Grunnsk\u00f3linn \u00ed Borgarnesi","isPartOf":{"@id":"https:\/\/dev.borgarbyggd.is\/grunnborg\/#website"},"primaryImageOfPage":{"@id":"https:\/\/dev.borgarbyggd.is\/grunnborg\/frettir\/orsaga-ur-skolastarfi\/#primaryimage"},"image":{"@id":"https:\/\/dev.borgarbyggd.is\/grunnborg\/frettir\/orsaga-ur-skolastarfi\/#primaryimage"},"thumbnailUrl":"https:\/\/dev.borgarbyggd.is\/grunnborg\/wp-content\/uploads\/sites\/2\/2026\/04\/toti-8.png","datePublished":"2026-04-13T09:58:19+00:00","dateModified":"2026-04-13T14:04:55+00:00","author":{"@id":"https:\/\/dev.borgarbyggd.is\/grunnborg\/#\/schema\/person\/17a330ec2c07817e93411c3b6608f7d6"},"breadcrumb":{"@id":"https:\/\/dev.borgarbyggd.is\/grunnborg\/frettir\/orsaga-ur-skolastarfi\/#breadcrumb"},"inLanguage":"en-US","potentialAction":[{"@type":"ReadAction","target":["https:\/\/dev.borgarbyggd.is\/grunnborg\/frettir\/orsaga-ur-skolastarfi\/"]}]},{"@type":"ImageObject","inLanguage":"en-US","@id":"https:\/\/dev.borgarbyggd.is\/grunnborg\/frettir\/orsaga-ur-skolastarfi\/#primaryimage","url":"https:\/\/dev.borgarbyggd.is\/grunnborg\/wp-content\/uploads\/sites\/2\/2026\/04\/toti-8.png","contentUrl":"https:\/\/dev.borgarbyggd.is\/grunnborg\/wp-content\/uploads\/sites\/2\/2026\/04\/toti-8.png","width":1964,"height":1982},{"@type":"BreadcrumbList","@id":"https:\/\/dev.borgarbyggd.is\/grunnborg\/frettir\/orsaga-ur-skolastarfi\/#breadcrumb","itemListElement":[{"@type":"ListItem","position":1,"name":"Home","item":"https:\/\/dev.borgarbyggd.is\/grunnborg\/"},{"@type":"ListItem","position":2,"name":"\u00d6rsaga \u00far sk\u00f3lastarfi"}]},{"@type":"WebSite","@id":"https:\/\/dev.borgarbyggd.is\/grunnborg\/#website","url":"https:\/\/dev.borgarbyggd.is\/grunnborg\/","name":"Grunnsk\u00f3linn \u00ed Borgarnesi","description":"","potentialAction":[{"@type":"SearchAction","target":{"@type":"EntryPoint","urlTemplate":"https:\/\/dev.borgarbyggd.is\/grunnborg\/?s={search_term_string}"},"query-input":{"@type":"PropertyValueSpecification","valueRequired":true,"valueName":"search_term_string"}}],"inLanguage":"en-US"},{"@type":"Person","@id":"https:\/\/dev.borgarbyggd.is\/grunnborg\/#\/schema\/person\/17a330ec2c07817e93411c3b6608f7d6","name":"guddis","image":{"@type":"ImageObject","inLanguage":"en-US","@id":"https:\/\/dev.borgarbyggd.is\/grunnborg\/#\/schema\/person\/image\/","url":"https:\/\/secure.gravatar.com\/avatar\/18789ddb8185f2ed19fe02cbd026d1bfc4089f85cd4014786e1e9196a00ded49?s=96&d=mm&r=g","contentUrl":"https:\/\/secure.gravatar.com\/avatar\/18789ddb8185f2ed19fe02cbd026d1bfc4089f85cd4014786e1e9196a00ded49?s=96&d=mm&r=g","caption":"guddis"},"url":"https:\/\/dev.borgarbyggd.is\/grunnborg\/author\/guddis\/"}]}},"_links":{"self":[{"href":"https:\/\/dev.borgarbyggd.is\/grunnborg\/wp-json\/wp\/v2\/posts\/2464","targetHints":{"allow":["GET"]}}],"collection":[{"href":"https:\/\/dev.borgarbyggd.is\/grunnborg\/wp-json\/wp\/v2\/posts"}],"about":[{"href":"https:\/\/dev.borgarbyggd.is\/grunnborg\/wp-json\/wp\/v2\/types\/post"}],"author":[{"embeddable":true,"href":"https:\/\/dev.borgarbyggd.is\/grunnborg\/wp-json\/wp\/v2\/users\/43"}],"replies":[{"embeddable":true,"href":"https:\/\/dev.borgarbyggd.is\/grunnborg\/wp-json\/wp\/v2\/comments?post=2464"}],"version-history":[{"count":0,"href":"https:\/\/dev.borgarbyggd.is\/grunnborg\/wp-json\/wp\/v2\/posts\/2464\/revisions"}],"wp:featuredmedia":[{"embeddable":true,"href":"https:\/\/dev.borgarbyggd.is\/grunnborg\/wp-json\/wp\/v2\/media\/2465"}],"wp:attachment":[{"href":"https:\/\/dev.borgarbyggd.is\/grunnborg\/wp-json\/wp\/v2\/media?parent=2464"}],"wp:term":[{"taxonomy":"category","embeddable":true,"href":"https:\/\/dev.borgarbyggd.is\/grunnborg\/wp-json\/wp\/v2\/categories?post=2464"},{"taxonomy":"post_tag","embeddable":true,"href":"https:\/\/dev.borgarbyggd.is\/grunnborg\/wp-json\/wp\/v2\/tags?post=2464"}],"curies":[{"name":"wp","href":"https:\/\/api.w.org\/{rel}","templated":true}]}}