{"id":2462,"date":"2026-04-10T13:13:17","date_gmt":"2026-04-10T13:13:17","guid":{"rendered":"https:\/\/dev.borgarbyggd.is\/grunnborg\/?p=2462"},"modified":"2026-04-10T13:16:55","modified_gmt":"2026-04-10T13:16:55","slug":"undankeppni","status":"publish","type":"post","link":"https:\/\/dev.borgarbyggd.is\/grunnborg\/frettir\/undankeppni\/","title":{"rendered":"Undankeppni"},"content":{"rendered":"<p>Undankeppni fyrir St\u00f3ru Upplestrarkeppnina hj\u00e1 7. bekk f\u00f3r fram \u00ed sal Grunnsk\u00f3lans \u00ed Borgarnesi fimmtudaginn 9. apr\u00edl.<\/p>\n<p>Nemendur 7. bekkjar l\u00e1su \u00fear texta \u00far b\u00f3kinni Leyndard\u00f3mur lj\u00f3nsins eftir Brynhildi \u00de\u00f3rarinsd\u00f3ttur, \u00e1samt \u00fev\u00ed a\u00f0 flytja tv\u00f6 lj\u00f3\u00f0 a\u00f0 eigin vali.<\/p>\n<p>\u00dea\u00f0 st\u00f3\u00f0u sig allir fr\u00e1b\u00e6rlega, en tveir keppendur, \u00e1samt einum varamanni voru valdir \u00e1fram til a\u00f0 taka \u00fe\u00e1tt \u00ed lokakeppninni sem fer fram \u00ed sal Grunnsk\u00f3lans \u00ed Borgarnesi \u00feann 21. apr\u00edl.<\/p>\n<p>\u00dea\u00f0 eru \u00feau J\u00f3n Stormur Indri\u00f0ason, sem lenti \u00ed fyrsta s\u00e6ti, Hekla Isabel Back, sem lenti \u00ed \u00f6\u00f0ru s\u00e6ti og Louisa Bj\u00f6rk \u00derastard\u00f3ttir, sem hlaut \u00feri\u00f0ja s\u00e6ti\u00f0.<\/p>\n<p>D\u00f3marar \u00ed \u00e1r voru \u00fe\u00e6r \u00c1sa Erlingsd\u00f3ttir og Sigr\u00ed\u00f0ur Arnard\u00f3ttir, \u00edslenskukennarar \u00e1 unglingastigi.<\/p>\n<p>&nbsp;<\/p>\n<p><img loading=\"lazy\" decoding=\"async\" class=\"alignnone size-medium wp-image-2463\" src=\"https:\/\/dev.borgarbyggd.is\/grunnborg\/wp-content\/uploads\/sites\/2\/2026\/04\/upplestrar-236x300.jpg\" alt=\"\" width=\"236\" height=\"300\" srcset=\"https:\/\/dev.borgarbyggd.is\/grunnborg\/wp-content\/uploads\/sites\/2\/2026\/04\/upplestrar-236x300.jpg 236w, https:\/\/dev.borgarbyggd.is\/grunnborg\/wp-content\/uploads\/sites\/2\/2026\/04\/upplestrar-807x1024.jpg 807w, https:\/\/dev.borgarbyggd.is\/grunnborg\/wp-content\/uploads\/sites\/2\/2026\/04\/upplestrar-768x975.jpg 768w, https:\/\/dev.borgarbyggd.is\/grunnborg\/wp-content\/uploads\/sites\/2\/2026\/04\/upplestrar-1210x1536.jpg 1210w, https:\/\/dev.borgarbyggd.is\/grunnborg\/wp-content\/uploads\/sites\/2\/2026\/04\/upplestrar-1614x2048.jpg 1614w, https:\/\/dev.borgarbyggd.is\/grunnborg\/wp-content\/uploads\/sites\/2\/2026\/04\/upplestrar-100x127.jpg 100w, https:\/\/dev.borgarbyggd.is\/grunnborg\/wp-content\/uploads\/sites\/2\/2026\/04\/upplestrar-1200x1523.jpg 1200w, https:\/\/dev.borgarbyggd.is\/grunnborg\/wp-content\/uploads\/sites\/2\/2026\/04\/upplestrar-scaled.jpg 2017w\" sizes=\"auto, (max-width: 236px) 100vw, 236px\" \/><\/p>\n","protected":false},"excerpt":{"rendered":"<p>Undankeppni fyrir St\u00f3ru Upplestrarkeppnina hj\u00e1 7. bekk f\u00f3r fram \u00ed sal Grunnsk\u00f3lans \u00ed Borgarnesi fimmtudaginn 9. apr\u00edl. Nemendur 7. bekkjar l\u00e1su \u00fear texta \u00far b\u00f3kinni Leyndard\u00f3mur lj\u00f3nsins eftir Brynhildi \u00de\u00f3rarinsd\u00f3ttur, \u00e1samt \u00fev\u00ed a\u00f0 flytja tv\u00f6 lj\u00f3\u00f0 a\u00f0 eigin vali. \u00dea\u00f0 st\u00f3\u00f0u sig allir fr\u00e1b\u00e6rlega, en tveir keppendur, \u00e1samt einum varamanni voru valdir \u00e1fram til a\u00f0 taka \u00fe\u00e1tt \u00ed lokakeppninni sem &#8230; <\/p>\n<div><a href=\"https:\/\/dev.borgarbyggd.is\/grunnborg\/frettir\/undankeppni\/\" class=\"more-link\">Read More<\/a><\/div>\n","protected":false},"author":43,"featured_media":2463,"comment_status":"closed","ping_status":"closed","sticky":false,"template":"","format":"standard","meta":{"_acf_changed":false,"footnotes":""},"categories":[1],"tags":[],"class_list":["post-2462","post","type-post","status-publish","format-standard","has-post-thumbnail","hentry","category-frettir"],"acf":[],"yoast_head":"<!-- This site is optimized with the Yoast SEO plugin v24.0 - https:\/\/yoast.com\/wordpress\/plugins\/seo\/ -->\n<title>Undankeppni - Grunnsk\u00f3linn \u00ed Borgarnesi<\/title>\n<meta name=\"robots\" content=\"index, follow, max-snippet:-1, max-image-preview:large, max-video-preview:-1\" \/>\n<link rel=\"canonical\" href=\"https:\/\/dev.borgarbyggd.is\/grunnborg\/frettir\/undankeppni\/\" \/>\n<meta property=\"og:locale\" content=\"en_US\" \/>\n<meta property=\"og:type\" content=\"article\" \/>\n<meta property=\"og:title\" content=\"Undankeppni - Grunnsk\u00f3linn \u00ed Borgarnesi\" \/>\n<meta property=\"og:description\" content=\"Undankeppni fyrir St\u00f3ru Upplestrarkeppnina hj\u00e1 7. bekk f\u00f3r fram \u00ed sal Grunnsk\u00f3lans \u00ed Borgarnesi fimmtudaginn 9. apr\u00edl. Nemendur 7. bekkjar l\u00e1su \u00fear texta \u00far b\u00f3kinni Leyndard\u00f3mur lj\u00f3nsins eftir Brynhildi \u00de\u00f3rarinsd\u00f3ttur, \u00e1samt \u00fev\u00ed a\u00f0 flytja tv\u00f6 lj\u00f3\u00f0 a\u00f0 eigin vali. \u00dea\u00f0 st\u00f3\u00f0u sig allir fr\u00e1b\u00e6rlega, en tveir keppendur, \u00e1samt einum varamanni voru valdir \u00e1fram til a\u00f0 taka \u00fe\u00e1tt \u00ed lokakeppninni sem ... Read More\" \/>\n<meta property=\"og:url\" content=\"https:\/\/dev.borgarbyggd.is\/grunnborg\/frettir\/undankeppni\/\" \/>\n<meta property=\"og:site_name\" content=\"Grunnsk\u00f3linn \u00ed Borgarnesi\" \/>\n<meta property=\"article:published_time\" content=\"2026-04-10T13:13:17+00:00\" \/>\n<meta property=\"article:modified_time\" content=\"2026-04-10T13:16:55+00:00\" \/>\n<meta property=\"og:image\" content=\"https:\/\/dev.borgarbyggd.is\/grunnborg\/wp-content\/uploads\/sites\/2\/2026\/04\/upplestrar-scaled.jpg\" \/>\n\t<meta property=\"og:image:width\" content=\"2017\" \/>\n\t<meta property=\"og:image:height\" content=\"2560\" \/>\n\t<meta property=\"og:image:type\" content=\"image\/jpeg\" \/>\n<meta name=\"author\" content=\"guddis\" \/>\n<meta name=\"twitter:card\" content=\"summary_large_image\" \/>\n<meta name=\"twitter:label1\" content=\"Written by\" \/>\n\t<meta name=\"twitter:data1\" content=\"guddis\" \/>\n\t<meta name=\"twitter:label2\" content=\"Est. reading time\" \/>\n\t<meta name=\"twitter:data2\" content=\"1 minute\" \/>\n<script type=\"application\/ld+json\" class=\"yoast-schema-graph\">{\"@context\":\"https:\/\/schema.org\",\"@graph\":[{\"@type\":\"WebPage\",\"@id\":\"https:\/\/dev.borgarbyggd.is\/grunnborg\/frettir\/undankeppni\/\",\"url\":\"https:\/\/dev.borgarbyggd.is\/grunnborg\/frettir\/undankeppni\/\",\"name\":\"Undankeppni - Grunnsk\u00f3linn \u00ed Borgarnesi\",\"isPartOf\":{\"@id\":\"https:\/\/dev.borgarbyggd.is\/grunnborg\/#website\"},\"primaryImageOfPage\":{\"@id\":\"https:\/\/dev.borgarbyggd.is\/grunnborg\/frettir\/undankeppni\/#primaryimage\"},\"image\":{\"@id\":\"https:\/\/dev.borgarbyggd.is\/grunnborg\/frettir\/undankeppni\/#primaryimage\"},\"thumbnailUrl\":\"https:\/\/dev.borgarbyggd.is\/grunnborg\/wp-content\/uploads\/sites\/2\/2026\/04\/upplestrar-scaled.jpg\",\"datePublished\":\"2026-04-10T13:13:17+00:00\",\"dateModified\":\"2026-04-10T13:16:55+00:00\",\"author\":{\"@id\":\"https:\/\/dev.borgarbyggd.is\/grunnborg\/#\/schema\/person\/17a330ec2c07817e93411c3b6608f7d6\"},\"breadcrumb\":{\"@id\":\"https:\/\/dev.borgarbyggd.is\/grunnborg\/frettir\/undankeppni\/#breadcrumb\"},\"inLanguage\":\"en-US\",\"potentialAction\":[{\"@type\":\"ReadAction\",\"target\":[\"https:\/\/dev.borgarbyggd.is\/grunnborg\/frettir\/undankeppni\/\"]}]},{\"@type\":\"ImageObject\",\"inLanguage\":\"en-US\",\"@id\":\"https:\/\/dev.borgarbyggd.is\/grunnborg\/frettir\/undankeppni\/#primaryimage\",\"url\":\"https:\/\/dev.borgarbyggd.is\/grunnborg\/wp-content\/uploads\/sites\/2\/2026\/04\/upplestrar-scaled.jpg\",\"contentUrl\":\"https:\/\/dev.borgarbyggd.is\/grunnborg\/wp-content\/uploads\/sites\/2\/2026\/04\/upplestrar-scaled.jpg\",\"width\":2017,\"height\":2560},{\"@type\":\"BreadcrumbList\",\"@id\":\"https:\/\/dev.borgarbyggd.is\/grunnborg\/frettir\/undankeppni\/#breadcrumb\",\"itemListElement\":[{\"@type\":\"ListItem\",\"position\":1,\"name\":\"Home\",\"item\":\"https:\/\/dev.borgarbyggd.is\/grunnborg\/\"},{\"@type\":\"ListItem\",\"position\":2,\"name\":\"Undankeppni\"}]},{\"@type\":\"WebSite\",\"@id\":\"https:\/\/dev.borgarbyggd.is\/grunnborg\/#website\",\"url\":\"https:\/\/dev.borgarbyggd.is\/grunnborg\/\",\"name\":\"Grunnsk\u00f3linn \u00ed Borgarnesi\",\"description\":\"\",\"potentialAction\":[{\"@type\":\"SearchAction\",\"target\":{\"@type\":\"EntryPoint\",\"urlTemplate\":\"https:\/\/dev.borgarbyggd.is\/grunnborg\/?s={search_term_string}\"},\"query-input\":{\"@type\":\"PropertyValueSpecification\",\"valueRequired\":true,\"valueName\":\"search_term_string\"}}],\"inLanguage\":\"en-US\"},{\"@type\":\"Person\",\"@id\":\"https:\/\/dev.borgarbyggd.is\/grunnborg\/#\/schema\/person\/17a330ec2c07817e93411c3b6608f7d6\",\"name\":\"guddis\",\"image\":{\"@type\":\"ImageObject\",\"inLanguage\":\"en-US\",\"@id\":\"https:\/\/dev.borgarbyggd.is\/grunnborg\/#\/schema\/person\/image\/\",\"url\":\"https:\/\/secure.gravatar.com\/avatar\/18789ddb8185f2ed19fe02cbd026d1bfc4089f85cd4014786e1e9196a00ded49?s=96&d=mm&r=g\",\"contentUrl\":\"https:\/\/secure.gravatar.com\/avatar\/18789ddb8185f2ed19fe02cbd026d1bfc4089f85cd4014786e1e9196a00ded49?s=96&d=mm&r=g\",\"caption\":\"guddis\"},\"url\":\"https:\/\/dev.borgarbyggd.is\/grunnborg\/author\/guddis\/\"}]}<\/script>\n<!-- \/ Yoast SEO plugin. -->","yoast_head_json":{"title":"Undankeppni - Grunnsk\u00f3linn \u00ed Borgarnesi","robots":{"index":"index","follow":"follow","max-snippet":"max-snippet:-1","max-image-preview":"max-image-preview:large","max-video-preview":"max-video-preview:-1"},"canonical":"https:\/\/dev.borgarbyggd.is\/grunnborg\/frettir\/undankeppni\/","og_locale":"en_US","og_type":"article","og_title":"Undankeppni - Grunnsk\u00f3linn \u00ed Borgarnesi","og_description":"Undankeppni fyrir St\u00f3ru Upplestrarkeppnina hj\u00e1 7. bekk f\u00f3r fram \u00ed sal Grunnsk\u00f3lans \u00ed Borgarnesi fimmtudaginn 9. apr\u00edl. Nemendur 7. bekkjar l\u00e1su \u00fear texta \u00far b\u00f3kinni Leyndard\u00f3mur lj\u00f3nsins eftir Brynhildi \u00de\u00f3rarinsd\u00f3ttur, \u00e1samt \u00fev\u00ed a\u00f0 flytja tv\u00f6 lj\u00f3\u00f0 a\u00f0 eigin vali. \u00dea\u00f0 st\u00f3\u00f0u sig allir fr\u00e1b\u00e6rlega, en tveir keppendur, \u00e1samt einum varamanni voru valdir \u00e1fram til a\u00f0 taka \u00fe\u00e1tt \u00ed lokakeppninni sem ... Read More","og_url":"https:\/\/dev.borgarbyggd.is\/grunnborg\/frettir\/undankeppni\/","og_site_name":"Grunnsk\u00f3linn \u00ed Borgarnesi","article_published_time":"2026-04-10T13:13:17+00:00","article_modified_time":"2026-04-10T13:16:55+00:00","og_image":[{"width":2017,"height":2560,"url":"https:\/\/dev.borgarbyggd.is\/grunnborg\/wp-content\/uploads\/sites\/2\/2026\/04\/upplestrar-scaled.jpg","type":"image\/jpeg"}],"author":"guddis","twitter_card":"summary_large_image","twitter_misc":{"Written by":"guddis","Est. reading time":"1 minute"},"schema":{"@context":"https:\/\/schema.org","@graph":[{"@type":"WebPage","@id":"https:\/\/dev.borgarbyggd.is\/grunnborg\/frettir\/undankeppni\/","url":"https:\/\/dev.borgarbyggd.is\/grunnborg\/frettir\/undankeppni\/","name":"Undankeppni - Grunnsk\u00f3linn \u00ed Borgarnesi","isPartOf":{"@id":"https:\/\/dev.borgarbyggd.is\/grunnborg\/#website"},"primaryImageOfPage":{"@id":"https:\/\/dev.borgarbyggd.is\/grunnborg\/frettir\/undankeppni\/#primaryimage"},"image":{"@id":"https:\/\/dev.borgarbyggd.is\/grunnborg\/frettir\/undankeppni\/#primaryimage"},"thumbnailUrl":"https:\/\/dev.borgarbyggd.is\/grunnborg\/wp-content\/uploads\/sites\/2\/2026\/04\/upplestrar-scaled.jpg","datePublished":"2026-04-10T13:13:17+00:00","dateModified":"2026-04-10T13:16:55+00:00","author":{"@id":"https:\/\/dev.borgarbyggd.is\/grunnborg\/#\/schema\/person\/17a330ec2c07817e93411c3b6608f7d6"},"breadcrumb":{"@id":"https:\/\/dev.borgarbyggd.is\/grunnborg\/frettir\/undankeppni\/#breadcrumb"},"inLanguage":"en-US","potentialAction":[{"@type":"ReadAction","target":["https:\/\/dev.borgarbyggd.is\/grunnborg\/frettir\/undankeppni\/"]}]},{"@type":"ImageObject","inLanguage":"en-US","@id":"https:\/\/dev.borgarbyggd.is\/grunnborg\/frettir\/undankeppni\/#primaryimage","url":"https:\/\/dev.borgarbyggd.is\/grunnborg\/wp-content\/uploads\/sites\/2\/2026\/04\/upplestrar-scaled.jpg","contentUrl":"https:\/\/dev.borgarbyggd.is\/grunnborg\/wp-content\/uploads\/sites\/2\/2026\/04\/upplestrar-scaled.jpg","width":2017,"height":2560},{"@type":"BreadcrumbList","@id":"https:\/\/dev.borgarbyggd.is\/grunnborg\/frettir\/undankeppni\/#breadcrumb","itemListElement":[{"@type":"ListItem","position":1,"name":"Home","item":"https:\/\/dev.borgarbyggd.is\/grunnborg\/"},{"@type":"ListItem","position":2,"name":"Undankeppni"}]},{"@type":"WebSite","@id":"https:\/\/dev.borgarbyggd.is\/grunnborg\/#website","url":"https:\/\/dev.borgarbyggd.is\/grunnborg\/","name":"Grunnsk\u00f3linn \u00ed Borgarnesi","description":"","potentialAction":[{"@type":"SearchAction","target":{"@type":"EntryPoint","urlTemplate":"https:\/\/dev.borgarbyggd.is\/grunnborg\/?s={search_term_string}"},"query-input":{"@type":"PropertyValueSpecification","valueRequired":true,"valueName":"search_term_string"}}],"inLanguage":"en-US"},{"@type":"Person","@id":"https:\/\/dev.borgarbyggd.is\/grunnborg\/#\/schema\/person\/17a330ec2c07817e93411c3b6608f7d6","name":"guddis","image":{"@type":"ImageObject","inLanguage":"en-US","@id":"https:\/\/dev.borgarbyggd.is\/grunnborg\/#\/schema\/person\/image\/","url":"https:\/\/secure.gravatar.com\/avatar\/18789ddb8185f2ed19fe02cbd026d1bfc4089f85cd4014786e1e9196a00ded49?s=96&d=mm&r=g","contentUrl":"https:\/\/secure.gravatar.com\/avatar\/18789ddb8185f2ed19fe02cbd026d1bfc4089f85cd4014786e1e9196a00ded49?s=96&d=mm&r=g","caption":"guddis"},"url":"https:\/\/dev.borgarbyggd.is\/grunnborg\/author\/guddis\/"}]}},"_links":{"self":[{"href":"https:\/\/dev.borgarbyggd.is\/grunnborg\/wp-json\/wp\/v2\/posts\/2462","targetHints":{"allow":["GET"]}}],"collection":[{"href":"https:\/\/dev.borgarbyggd.is\/grunnborg\/wp-json\/wp\/v2\/posts"}],"about":[{"href":"https:\/\/dev.borgarbyggd.is\/grunnborg\/wp-json\/wp\/v2\/types\/post"}],"author":[{"embeddable":true,"href":"https:\/\/dev.borgarbyggd.is\/grunnborg\/wp-json\/wp\/v2\/users\/43"}],"replies":[{"embeddable":true,"href":"https:\/\/dev.borgarbyggd.is\/grunnborg\/wp-json\/wp\/v2\/comments?post=2462"}],"version-history":[{"count":0,"href":"https:\/\/dev.borgarbyggd.is\/grunnborg\/wp-json\/wp\/v2\/posts\/2462\/revisions"}],"wp:featuredmedia":[{"embeddable":true,"href":"https:\/\/dev.borgarbyggd.is\/grunnborg\/wp-json\/wp\/v2\/media\/2463"}],"wp:attachment":[{"href":"https:\/\/dev.borgarbyggd.is\/grunnborg\/wp-json\/wp\/v2\/media?parent=2462"}],"wp:term":[{"taxonomy":"category","embeddable":true,"href":"https:\/\/dev.borgarbyggd.is\/grunnborg\/wp-json\/wp\/v2\/categories?post=2462"},{"taxonomy":"post_tag","embeddable":true,"href":"https:\/\/dev.borgarbyggd.is\/grunnborg\/wp-json\/wp\/v2\/tags?post=2462"}],"curies":[{"name":"wp","href":"https:\/\/api.w.org\/{rel}","templated":true}]}}