{"id":2413,"date":"2026-02-09T10:27:32","date_gmt":"2026-02-09T10:27:32","guid":{"rendered":"https:\/\/dev.borgarbyggd.is\/grunnborg\/?p=2413"},"modified":"2026-02-09T10:27:32","modified_gmt":"2026-02-09T10:27:32","slug":"snjallmenni-borgarbyggdar","status":"publish","type":"post","link":"https:\/\/dev.borgarbyggd.is\/grunnborg\/frettir\/snjallmenni-borgarbyggdar\/","title":{"rendered":"Snjallmenni Borgarbygg\u00f0ar"},"content":{"rendered":"<p>Lilja Bj\u00f6rg og Viktor Ingi fr\u00e1 skrifstofu Borgarbygg\u00f0ar kynntu fyrir nemendum 8., 9.og 10.bekkjar, h\u00f6nnunarverkefni um nafn og pers\u00f3nu snjallmennis Borgarbygg\u00f0ar. Allir nemendur \u00e1 unglingastigi \u00ed GB og GBF, auk nemenda \u00ed MB, geta teki\u00f0 \u00fe\u00e1tt \u00ed \u00feessu skemmtilega verkefni, fundi\u00f0 nafn og \u00fatlit sem g\u00e6ti henta\u00f0 snjallmenninu. Marka\u00f0sstofa ver\u00f0ur svo fengin til a\u00f0 hanna vinningstill\u00f6guna og au\u00f0vita\u00f0 f\u00e6r h\u00f6fundurinn ver\u00f0laun.<\/p>\n<p>&nbsp;<\/p>\n<p><img loading=\"lazy\" decoding=\"async\" class=\"alignnone size-medium wp-image-2414\" src=\"https:\/\/dev.borgarbyggd.is\/grunnborg\/wp-content\/uploads\/sites\/2\/2026\/02\/borgarbyggd-gefur-2-225x300.jpg\" alt=\"\" width=\"225\" height=\"300\" srcset=\"https:\/\/dev.borgarbyggd.is\/grunnborg\/wp-content\/uploads\/sites\/2\/2026\/02\/borgarbyggd-gefur-2-225x300.jpg 225w, https:\/\/dev.borgarbyggd.is\/grunnborg\/wp-content\/uploads\/sites\/2\/2026\/02\/borgarbyggd-gefur-2-768x1024.jpg 768w, https:\/\/dev.borgarbyggd.is\/grunnborg\/wp-content\/uploads\/sites\/2\/2026\/02\/borgarbyggd-gefur-2-1152x1536.jpg 1152w, https:\/\/dev.borgarbyggd.is\/grunnborg\/wp-content\/uploads\/sites\/2\/2026\/02\/borgarbyggd-gefur-2-100x133.jpg 100w, https:\/\/dev.borgarbyggd.is\/grunnborg\/wp-content\/uploads\/sites\/2\/2026\/02\/borgarbyggd-gefur-2-1200x1600.jpg 1200w, https:\/\/dev.borgarbyggd.is\/grunnborg\/wp-content\/uploads\/sites\/2\/2026\/02\/borgarbyggd-gefur-2.jpg 1536w\" sizes=\"auto, (max-width: 225px) 100vw, 225px\" \/> <img loading=\"lazy\" decoding=\"async\" class=\"alignnone size-medium wp-image-2415\" src=\"https:\/\/dev.borgarbyggd.is\/grunnborg\/wp-content\/uploads\/sites\/2\/2026\/02\/borgarbyggd-gefur-225x300.jpg\" alt=\"\" width=\"225\" height=\"300\" srcset=\"https:\/\/dev.borgarbyggd.is\/grunnborg\/wp-content\/uploads\/sites\/2\/2026\/02\/borgarbyggd-gefur-225x300.jpg 225w, https:\/\/dev.borgarbyggd.is\/grunnborg\/wp-content\/uploads\/sites\/2\/2026\/02\/borgarbyggd-gefur-768x1024.jpg 768w, https:\/\/dev.borgarbyggd.is\/grunnborg\/wp-content\/uploads\/sites\/2\/2026\/02\/borgarbyggd-gefur-1152x1536.jpg 1152w, https:\/\/dev.borgarbyggd.is\/grunnborg\/wp-content\/uploads\/sites\/2\/2026\/02\/borgarbyggd-gefur-100x133.jpg 100w, https:\/\/dev.borgarbyggd.is\/grunnborg\/wp-content\/uploads\/sites\/2\/2026\/02\/borgarbyggd-gefur-1200x1600.jpg 1200w, https:\/\/dev.borgarbyggd.is\/grunnborg\/wp-content\/uploads\/sites\/2\/2026\/02\/borgarbyggd-gefur.jpg 1536w\" sizes=\"auto, (max-width: 225px) 100vw, 225px\" \/><\/p>\n","protected":false},"excerpt":{"rendered":"<p>Lilja Bj\u00f6rg og Viktor Ingi fr\u00e1 skrifstofu Borgarbygg\u00f0ar kynntu fyrir nemendum 8., 9.og 10.bekkjar, h\u00f6nnunarverkefni um nafn og pers\u00f3nu snjallmennis Borgarbygg\u00f0ar. Allir nemendur \u00e1 unglingastigi \u00ed GB og GBF, auk nemenda \u00ed MB, geta teki\u00f0 \u00fe\u00e1tt \u00ed \u00feessu skemmtilega verkefni, fundi\u00f0 nafn og \u00fatlit sem g\u00e6ti henta\u00f0 snjallmenninu. Marka\u00f0sstofa ver\u00f0ur svo fengin til a\u00f0 hanna vinningstill\u00f6guna og au\u00f0vita\u00f0 f\u00e6r h\u00f6fundurinn &#8230; <\/p>\n<div><a href=\"https:\/\/dev.borgarbyggd.is\/grunnborg\/frettir\/snjallmenni-borgarbyggdar\/\" class=\"more-link\">Read More<\/a><\/div>\n","protected":false},"author":43,"featured_media":0,"comment_status":"closed","ping_status":"closed","sticky":false,"template":"","format":"standard","meta":{"_acf_changed":false,"footnotes":""},"categories":[1],"tags":[],"class_list":["post-2413","post","type-post","status-publish","format-standard","hentry","category-frettir","no-post-thumbnail"],"acf":[],"yoast_head":"<!-- This site is optimized with the Yoast SEO plugin v24.0 - https:\/\/yoast.com\/wordpress\/plugins\/seo\/ -->\n<title>Snjallmenni Borgarbygg\u00f0ar - Grunnsk\u00f3linn \u00ed Borgarnesi<\/title>\n<meta name=\"robots\" content=\"index, follow, max-snippet:-1, max-image-preview:large, max-video-preview:-1\" \/>\n<link rel=\"canonical\" href=\"https:\/\/dev.borgarbyggd.is\/grunnborg\/frettir\/snjallmenni-borgarbyggdar\/\" \/>\n<meta property=\"og:locale\" content=\"en_US\" \/>\n<meta property=\"og:type\" content=\"article\" \/>\n<meta property=\"og:title\" content=\"Snjallmenni Borgarbygg\u00f0ar - Grunnsk\u00f3linn \u00ed Borgarnesi\" \/>\n<meta property=\"og:description\" content=\"Lilja Bj\u00f6rg og Viktor Ingi fr\u00e1 skrifstofu Borgarbygg\u00f0ar kynntu fyrir nemendum 8., 9.og 10.bekkjar, h\u00f6nnunarverkefni um nafn og pers\u00f3nu snjallmennis Borgarbygg\u00f0ar. Allir nemendur \u00e1 unglingastigi \u00ed GB og GBF, auk nemenda \u00ed MB, geta teki\u00f0 \u00fe\u00e1tt \u00ed \u00feessu skemmtilega verkefni, fundi\u00f0 nafn og \u00fatlit sem g\u00e6ti henta\u00f0 snjallmenninu. Marka\u00f0sstofa ver\u00f0ur svo fengin til a\u00f0 hanna vinningstill\u00f6guna og au\u00f0vita\u00f0 f\u00e6r h\u00f6fundurinn ... Read More\" \/>\n<meta property=\"og:url\" content=\"https:\/\/dev.borgarbyggd.is\/grunnborg\/frettir\/snjallmenni-borgarbyggdar\/\" \/>\n<meta property=\"og:site_name\" content=\"Grunnsk\u00f3linn \u00ed Borgarnesi\" \/>\n<meta property=\"article:published_time\" content=\"2026-02-09T10:27:32+00:00\" \/>\n<meta property=\"og:image\" content=\"https:\/\/dev.borgarbyggd.is\/grunnborg\/wp-content\/uploads\/sites\/2\/2026\/02\/borgarbyggd-gefur-2.jpg\" \/>\n\t<meta property=\"og:image:width\" content=\"1536\" \/>\n\t<meta property=\"og:image:height\" content=\"2048\" \/>\n\t<meta property=\"og:image:type\" content=\"image\/jpeg\" \/>\n<meta name=\"author\" content=\"guddis\" \/>\n<meta name=\"twitter:card\" content=\"summary_large_image\" \/>\n<meta name=\"twitter:label1\" content=\"Written by\" \/>\n\t<meta name=\"twitter:data1\" content=\"guddis\" \/>\n\t<meta name=\"twitter:label2\" content=\"Est. reading time\" \/>\n\t<meta name=\"twitter:data2\" content=\"1 minute\" \/>\n<script type=\"application\/ld+json\" class=\"yoast-schema-graph\">{\"@context\":\"https:\/\/schema.org\",\"@graph\":[{\"@type\":\"WebPage\",\"@id\":\"https:\/\/dev.borgarbyggd.is\/grunnborg\/frettir\/snjallmenni-borgarbyggdar\/\",\"url\":\"https:\/\/dev.borgarbyggd.is\/grunnborg\/frettir\/snjallmenni-borgarbyggdar\/\",\"name\":\"Snjallmenni Borgarbygg\u00f0ar - Grunnsk\u00f3linn \u00ed Borgarnesi\",\"isPartOf\":{\"@id\":\"https:\/\/dev.borgarbyggd.is\/grunnborg\/#website\"},\"primaryImageOfPage\":{\"@id\":\"https:\/\/dev.borgarbyggd.is\/grunnborg\/frettir\/snjallmenni-borgarbyggdar\/#primaryimage\"},\"image\":{\"@id\":\"https:\/\/dev.borgarbyggd.is\/grunnborg\/frettir\/snjallmenni-borgarbyggdar\/#primaryimage\"},\"thumbnailUrl\":\"https:\/\/dev.borgarbyggd.is\/grunnborg\/wp-content\/uploads\/sites\/2\/2026\/02\/borgarbyggd-gefur-2-225x300.jpg\",\"datePublished\":\"2026-02-09T10:27:32+00:00\",\"dateModified\":\"2026-02-09T10:27:32+00:00\",\"author\":{\"@id\":\"https:\/\/dev.borgarbyggd.is\/grunnborg\/#\/schema\/person\/17a330ec2c07817e93411c3b6608f7d6\"},\"breadcrumb\":{\"@id\":\"https:\/\/dev.borgarbyggd.is\/grunnborg\/frettir\/snjallmenni-borgarbyggdar\/#breadcrumb\"},\"inLanguage\":\"en-US\",\"potentialAction\":[{\"@type\":\"ReadAction\",\"target\":[\"https:\/\/dev.borgarbyggd.is\/grunnborg\/frettir\/snjallmenni-borgarbyggdar\/\"]}]},{\"@type\":\"ImageObject\",\"inLanguage\":\"en-US\",\"@id\":\"https:\/\/dev.borgarbyggd.is\/grunnborg\/frettir\/snjallmenni-borgarbyggdar\/#primaryimage\",\"url\":\"https:\/\/dev.borgarbyggd.is\/grunnborg\/wp-content\/uploads\/sites\/2\/2026\/02\/borgarbyggd-gefur-2.jpg\",\"contentUrl\":\"https:\/\/dev.borgarbyggd.is\/grunnborg\/wp-content\/uploads\/sites\/2\/2026\/02\/borgarbyggd-gefur-2.jpg\",\"width\":1536,\"height\":2048},{\"@type\":\"BreadcrumbList\",\"@id\":\"https:\/\/dev.borgarbyggd.is\/grunnborg\/frettir\/snjallmenni-borgarbyggdar\/#breadcrumb\",\"itemListElement\":[{\"@type\":\"ListItem\",\"position\":1,\"name\":\"Home\",\"item\":\"https:\/\/dev.borgarbyggd.is\/grunnborg\/\"},{\"@type\":\"ListItem\",\"position\":2,\"name\":\"Snjallmenni Borgarbygg\u00f0ar\"}]},{\"@type\":\"WebSite\",\"@id\":\"https:\/\/dev.borgarbyggd.is\/grunnborg\/#website\",\"url\":\"https:\/\/dev.borgarbyggd.is\/grunnborg\/\",\"name\":\"Grunnsk\u00f3linn \u00ed Borgarnesi\",\"description\":\"\",\"potentialAction\":[{\"@type\":\"SearchAction\",\"target\":{\"@type\":\"EntryPoint\",\"urlTemplate\":\"https:\/\/dev.borgarbyggd.is\/grunnborg\/?s={search_term_string}\"},\"query-input\":{\"@type\":\"PropertyValueSpecification\",\"valueRequired\":true,\"valueName\":\"search_term_string\"}}],\"inLanguage\":\"en-US\"},{\"@type\":\"Person\",\"@id\":\"https:\/\/dev.borgarbyggd.is\/grunnborg\/#\/schema\/person\/17a330ec2c07817e93411c3b6608f7d6\",\"name\":\"guddis\",\"image\":{\"@type\":\"ImageObject\",\"inLanguage\":\"en-US\",\"@id\":\"https:\/\/dev.borgarbyggd.is\/grunnborg\/#\/schema\/person\/image\/\",\"url\":\"https:\/\/secure.gravatar.com\/avatar\/18789ddb8185f2ed19fe02cbd026d1bfc4089f85cd4014786e1e9196a00ded49?s=96&d=mm&r=g\",\"contentUrl\":\"https:\/\/secure.gravatar.com\/avatar\/18789ddb8185f2ed19fe02cbd026d1bfc4089f85cd4014786e1e9196a00ded49?s=96&d=mm&r=g\",\"caption\":\"guddis\"},\"url\":\"https:\/\/dev.borgarbyggd.is\/grunnborg\/author\/guddis\/\"}]}<\/script>\n<!-- \/ Yoast SEO plugin. -->","yoast_head_json":{"title":"Snjallmenni Borgarbygg\u00f0ar - Grunnsk\u00f3linn \u00ed Borgarnesi","robots":{"index":"index","follow":"follow","max-snippet":"max-snippet:-1","max-image-preview":"max-image-preview:large","max-video-preview":"max-video-preview:-1"},"canonical":"https:\/\/dev.borgarbyggd.is\/grunnborg\/frettir\/snjallmenni-borgarbyggdar\/","og_locale":"en_US","og_type":"article","og_title":"Snjallmenni Borgarbygg\u00f0ar - Grunnsk\u00f3linn \u00ed Borgarnesi","og_description":"Lilja Bj\u00f6rg og Viktor Ingi fr\u00e1 skrifstofu Borgarbygg\u00f0ar kynntu fyrir nemendum 8., 9.og 10.bekkjar, h\u00f6nnunarverkefni um nafn og pers\u00f3nu snjallmennis Borgarbygg\u00f0ar. Allir nemendur \u00e1 unglingastigi \u00ed GB og GBF, auk nemenda \u00ed MB, geta teki\u00f0 \u00fe\u00e1tt \u00ed \u00feessu skemmtilega verkefni, fundi\u00f0 nafn og \u00fatlit sem g\u00e6ti henta\u00f0 snjallmenninu. Marka\u00f0sstofa ver\u00f0ur svo fengin til a\u00f0 hanna vinningstill\u00f6guna og au\u00f0vita\u00f0 f\u00e6r h\u00f6fundurinn ... Read More","og_url":"https:\/\/dev.borgarbyggd.is\/grunnborg\/frettir\/snjallmenni-borgarbyggdar\/","og_site_name":"Grunnsk\u00f3linn \u00ed Borgarnesi","article_published_time":"2026-02-09T10:27:32+00:00","og_image":[{"width":1536,"height":2048,"url":"https:\/\/dev.borgarbyggd.is\/grunnborg\/wp-content\/uploads\/sites\/2\/2026\/02\/borgarbyggd-gefur-2.jpg","type":"image\/jpeg"}],"author":"guddis","twitter_card":"summary_large_image","twitter_misc":{"Written by":"guddis","Est. reading time":"1 minute"},"schema":{"@context":"https:\/\/schema.org","@graph":[{"@type":"WebPage","@id":"https:\/\/dev.borgarbyggd.is\/grunnborg\/frettir\/snjallmenni-borgarbyggdar\/","url":"https:\/\/dev.borgarbyggd.is\/grunnborg\/frettir\/snjallmenni-borgarbyggdar\/","name":"Snjallmenni Borgarbygg\u00f0ar - Grunnsk\u00f3linn \u00ed Borgarnesi","isPartOf":{"@id":"https:\/\/dev.borgarbyggd.is\/grunnborg\/#website"},"primaryImageOfPage":{"@id":"https:\/\/dev.borgarbyggd.is\/grunnborg\/frettir\/snjallmenni-borgarbyggdar\/#primaryimage"},"image":{"@id":"https:\/\/dev.borgarbyggd.is\/grunnborg\/frettir\/snjallmenni-borgarbyggdar\/#primaryimage"},"thumbnailUrl":"https:\/\/dev.borgarbyggd.is\/grunnborg\/wp-content\/uploads\/sites\/2\/2026\/02\/borgarbyggd-gefur-2-225x300.jpg","datePublished":"2026-02-09T10:27:32+00:00","dateModified":"2026-02-09T10:27:32+00:00","author":{"@id":"https:\/\/dev.borgarbyggd.is\/grunnborg\/#\/schema\/person\/17a330ec2c07817e93411c3b6608f7d6"},"breadcrumb":{"@id":"https:\/\/dev.borgarbyggd.is\/grunnborg\/frettir\/snjallmenni-borgarbyggdar\/#breadcrumb"},"inLanguage":"en-US","potentialAction":[{"@type":"ReadAction","target":["https:\/\/dev.borgarbyggd.is\/grunnborg\/frettir\/snjallmenni-borgarbyggdar\/"]}]},{"@type":"ImageObject","inLanguage":"en-US","@id":"https:\/\/dev.borgarbyggd.is\/grunnborg\/frettir\/snjallmenni-borgarbyggdar\/#primaryimage","url":"https:\/\/dev.borgarbyggd.is\/grunnborg\/wp-content\/uploads\/sites\/2\/2026\/02\/borgarbyggd-gefur-2.jpg","contentUrl":"https:\/\/dev.borgarbyggd.is\/grunnborg\/wp-content\/uploads\/sites\/2\/2026\/02\/borgarbyggd-gefur-2.jpg","width":1536,"height":2048},{"@type":"BreadcrumbList","@id":"https:\/\/dev.borgarbyggd.is\/grunnborg\/frettir\/snjallmenni-borgarbyggdar\/#breadcrumb","itemListElement":[{"@type":"ListItem","position":1,"name":"Home","item":"https:\/\/dev.borgarbyggd.is\/grunnborg\/"},{"@type":"ListItem","position":2,"name":"Snjallmenni Borgarbygg\u00f0ar"}]},{"@type":"WebSite","@id":"https:\/\/dev.borgarbyggd.is\/grunnborg\/#website","url":"https:\/\/dev.borgarbyggd.is\/grunnborg\/","name":"Grunnsk\u00f3linn \u00ed Borgarnesi","description":"","potentialAction":[{"@type":"SearchAction","target":{"@type":"EntryPoint","urlTemplate":"https:\/\/dev.borgarbyggd.is\/grunnborg\/?s={search_term_string}"},"query-input":{"@type":"PropertyValueSpecification","valueRequired":true,"valueName":"search_term_string"}}],"inLanguage":"en-US"},{"@type":"Person","@id":"https:\/\/dev.borgarbyggd.is\/grunnborg\/#\/schema\/person\/17a330ec2c07817e93411c3b6608f7d6","name":"guddis","image":{"@type":"ImageObject","inLanguage":"en-US","@id":"https:\/\/dev.borgarbyggd.is\/grunnborg\/#\/schema\/person\/image\/","url":"https:\/\/secure.gravatar.com\/avatar\/18789ddb8185f2ed19fe02cbd026d1bfc4089f85cd4014786e1e9196a00ded49?s=96&d=mm&r=g","contentUrl":"https:\/\/secure.gravatar.com\/avatar\/18789ddb8185f2ed19fe02cbd026d1bfc4089f85cd4014786e1e9196a00ded49?s=96&d=mm&r=g","caption":"guddis"},"url":"https:\/\/dev.borgarbyggd.is\/grunnborg\/author\/guddis\/"}]}},"_links":{"self":[{"href":"https:\/\/dev.borgarbyggd.is\/grunnborg\/wp-json\/wp\/v2\/posts\/2413","targetHints":{"allow":["GET"]}}],"collection":[{"href":"https:\/\/dev.borgarbyggd.is\/grunnborg\/wp-json\/wp\/v2\/posts"}],"about":[{"href":"https:\/\/dev.borgarbyggd.is\/grunnborg\/wp-json\/wp\/v2\/types\/post"}],"author":[{"embeddable":true,"href":"https:\/\/dev.borgarbyggd.is\/grunnborg\/wp-json\/wp\/v2\/users\/43"}],"replies":[{"embeddable":true,"href":"https:\/\/dev.borgarbyggd.is\/grunnborg\/wp-json\/wp\/v2\/comments?post=2413"}],"version-history":[{"count":0,"href":"https:\/\/dev.borgarbyggd.is\/grunnborg\/wp-json\/wp\/v2\/posts\/2413\/revisions"}],"wp:attachment":[{"href":"https:\/\/dev.borgarbyggd.is\/grunnborg\/wp-json\/wp\/v2\/media?parent=2413"}],"wp:term":[{"taxonomy":"category","embeddable":true,"href":"https:\/\/dev.borgarbyggd.is\/grunnborg\/wp-json\/wp\/v2\/categories?post=2413"},{"taxonomy":"post_tag","embeddable":true,"href":"https:\/\/dev.borgarbyggd.is\/grunnborg\/wp-json\/wp\/v2\/tags?post=2413"}],"curies":[{"name":"wp","href":"https:\/\/api.w.org\/{rel}","templated":true}]}}