{"id":2186,"date":"2025-11-11T09:44:29","date_gmt":"2025-11-11T09:44:29","guid":{"rendered":"https:\/\/dev.borgarbyggd.is\/grunnborg\/?p=2186"},"modified":"2025-11-13T08:34:31","modified_gmt":"2025-11-13T08:34:31","slug":"barno-barnamenningarhatid-vesturlands-i-skallagrimsgardi","status":"publish","type":"post","link":"https:\/\/dev.borgarbyggd.is\/grunnborg\/frettir\/barno-barnamenningarhatid-vesturlands-i-skallagrimsgardi\/","title":{"rendered":"Barn\u00f3 barnamenningarh\u00e1t\u00ed\u00f0 Vesturlands \u00ed Skallagr\u00edmsgar\u00f0i"},"content":{"rendered":"<h1>Barn\u00f3 \u00ed Skall\u00f3<\/h1>\n<p style=\"text-align: left\">\u00dea\u00f0 er okkur s\u00f6nn \u00e1n\u00e6gja a\u00f0 segja fr\u00e1 \u00fev\u00ed a\u00f0 \u00ed Skallagr\u00edmsgar\u00f0i er n\u00fa listas\u00fdning verkefna nemenda \u00ed 10. bekk \u00ed Grunnsk\u00f3lanum \u00ed Borgarnesi.<\/p>\n<p style=\"text-align: left\">Vi\u00f0 hvetjum \u00f6ll til a\u00f0 f\u00e1 s\u00e9r g\u00f6ngut\u00far um gar\u00f0inn en s\u00fdningin stendur \u00fat vikuna til 14. n\u00f3vember ef ve\u00f0ur leyfir.<\/p>\n<p style=\"text-align: left\">H\u00e9r me\u00f0fylgjandi er youtube &#8211; myndskei\u00f0 og linkur \u00e1 sk\u00f3garbingo og or\u00f0as\u00fapu sem h\u00e6gt er a\u00f0 prenta \u00fat og gera listina a\u00f0 lifandi upplifun \u00ed gar\u00f0inum.<\/p>\n<p>&nbsp;<\/p>\n<p><strong>Sk\u00f3garbingo og or\u00f0as\u00fapa:<\/strong><\/p>\n<p>https:\/\/drive.google.com\/file\/d\/1jDGbfhwvpPDKtRUGv1Z7BQ65_8V7W84H\/view?usp=sharing<\/p>\n<p>&nbsp;<\/p>\n<p>&nbsp;<\/p>\n<div class=\"x-resp-embed x-is-video x-is-youtube\"><iframe loading=\"lazy\" title=\"\u00ed sk\u00f3ginum b\u00faa litlar verur\" width=\"1080\" height=\"608\" src=\"https:\/\/www.youtube.com\/embed\/mD-oUTJla3o?feature=oembed\" frameborder=\"0\" allow=\"accelerometer; autoplay; clipboard-write; encrypted-media; gyroscope; picture-in-picture; web-share\" referrerpolicy=\"strict-origin-when-cross-origin\" allowfullscreen><\/iframe><\/div>\n<p>&nbsp;<\/p>\n","protected":false},"excerpt":{"rendered":"<p>Barn\u00f3 \u00ed Skall\u00f3 \u00dea\u00f0 er okkur s\u00f6nn \u00e1n\u00e6gja a\u00f0 segja fr\u00e1 \u00fev\u00ed a\u00f0 \u00ed Skallagr\u00edmsgar\u00f0i er n\u00fa listas\u00fdning verkefna nemenda \u00ed 10. bekk \u00ed Grunnsk\u00f3lanum \u00ed Borgarnesi. Vi\u00f0 hvetjum \u00f6ll til a\u00f0 f\u00e1 s\u00e9r g\u00f6ngut\u00far um gar\u00f0inn en s\u00fdningin stendur \u00fat vikuna til 14. n\u00f3vember ef ve\u00f0ur leyfir. H\u00e9r me\u00f0fylgjandi er youtube &#8211; myndskei\u00f0 og linkur \u00e1 sk\u00f3garbingo og or\u00f0as\u00fapu &#8230; <\/p>\n<div><a href=\"https:\/\/dev.borgarbyggd.is\/grunnborg\/frettir\/barno-barnamenningarhatid-vesturlands-i-skallagrimsgardi\/\" class=\"more-link\">Read More<\/a><\/div>\n","protected":false},"author":47,"featured_media":2187,"comment_status":"closed","ping_status":"closed","sticky":false,"template":"","format":"standard","meta":{"_acf_changed":false,"footnotes":""},"categories":[1],"tags":[],"class_list":["post-2186","post","type-post","status-publish","format-standard","has-post-thumbnail","hentry","category-frettir"],"acf":[],"yoast_head":"<!-- This site is optimized with the Yoast SEO plugin v24.0 - https:\/\/yoast.com\/wordpress\/plugins\/seo\/ -->\n<title>Barn\u00f3 barnamenningarh\u00e1t\u00ed\u00f0 Vesturlands \u00ed Skallagr\u00edmsgar\u00f0i - Grunnsk\u00f3linn \u00ed Borgarnesi %<\/title>\n<meta name=\"robots\" content=\"index, follow, max-snippet:-1, max-image-preview:large, max-video-preview:-1\" \/>\n<link rel=\"canonical\" href=\"https:\/\/dev.borgarbyggd.is\/grunnborg\/frettir\/barno-barnamenningarhatid-vesturlands-i-skallagrimsgardi\/\" \/>\n<meta property=\"og:locale\" content=\"en_US\" \/>\n<meta property=\"og:type\" content=\"article\" \/>\n<meta property=\"og:title\" content=\"Barn\u00f3 barnamenningarh\u00e1t\u00ed\u00f0 Vesturlands \u00ed Skallagr\u00edmsgar\u00f0i - Grunnsk\u00f3linn \u00ed Borgarnesi %\" \/>\n<meta property=\"og:description\" content=\"Barn\u00f3 \u00ed Skall\u00f3 \u00dea\u00f0 er okkur s\u00f6nn \u00e1n\u00e6gja a\u00f0 segja fr\u00e1 \u00fev\u00ed a\u00f0 \u00ed Skallagr\u00edmsgar\u00f0i er n\u00fa listas\u00fdning verkefna nemenda \u00ed 10. bekk \u00ed Grunnsk\u00f3lanum \u00ed Borgarnesi. Vi\u00f0 hvetjum \u00f6ll til a\u00f0 f\u00e1 s\u00e9r g\u00f6ngut\u00far um gar\u00f0inn en s\u00fdningin stendur \u00fat vikuna til 14. n\u00f3vember ef ve\u00f0ur leyfir. H\u00e9r me\u00f0fylgjandi er youtube &#8211; myndskei\u00f0 og linkur \u00e1 sk\u00f3garbingo og or\u00f0as\u00fapu ... Read More\" \/>\n<meta property=\"og:url\" content=\"https:\/\/dev.borgarbyggd.is\/grunnborg\/frettir\/barno-barnamenningarhatid-vesturlands-i-skallagrimsgardi\/\" \/>\n<meta property=\"og:site_name\" content=\"Grunnsk\u00f3linn \u00ed Borgarnesi\" \/>\n<meta property=\"article:published_time\" content=\"2025-11-11T09:44:29+00:00\" \/>\n<meta property=\"article:modified_time\" content=\"2025-11-13T08:34:31+00:00\" \/>\n<meta property=\"og:image\" content=\"https:\/\/dev.borgarbyggd.is\/grunnborg\/wp-content\/uploads\/sites\/2\/2025\/11\/barno.jpg\" \/>\n\t<meta property=\"og:image:width\" content=\"472\" \/>\n\t<meta property=\"og:image:height\" content=\"294\" \/>\n\t<meta property=\"og:image:type\" content=\"image\/jpeg\" \/>\n<meta name=\"author\" content=\"sunna\" \/>\n<meta name=\"twitter:card\" content=\"summary_large_image\" \/>\n<meta name=\"twitter:label1\" content=\"Written by\" \/>\n\t<meta name=\"twitter:data1\" content=\"sunna\" \/>\n\t<meta name=\"twitter:label2\" content=\"Est. reading time\" \/>\n\t<meta name=\"twitter:data2\" content=\"1 minute\" \/>\n<script type=\"application\/ld+json\" class=\"yoast-schema-graph\">{\"@context\":\"https:\/\/schema.org\",\"@graph\":[{\"@type\":\"WebPage\",\"@id\":\"https:\/\/dev.borgarbyggd.is\/grunnborg\/frettir\/barno-barnamenningarhatid-vesturlands-i-skallagrimsgardi\/\",\"url\":\"https:\/\/dev.borgarbyggd.is\/grunnborg\/frettir\/barno-barnamenningarhatid-vesturlands-i-skallagrimsgardi\/\",\"name\":\"Barn\u00f3 barnamenningarh\u00e1t\u00ed\u00f0 Vesturlands \u00ed Skallagr\u00edmsgar\u00f0i - Grunnsk\u00f3linn \u00ed Borgarnesi %\",\"isPartOf\":{\"@id\":\"https:\/\/dev.borgarbyggd.is\/grunnborg\/#website\"},\"primaryImageOfPage\":{\"@id\":\"https:\/\/dev.borgarbyggd.is\/grunnborg\/frettir\/barno-barnamenningarhatid-vesturlands-i-skallagrimsgardi\/#primaryimage\"},\"image\":{\"@id\":\"https:\/\/dev.borgarbyggd.is\/grunnborg\/frettir\/barno-barnamenningarhatid-vesturlands-i-skallagrimsgardi\/#primaryimage\"},\"thumbnailUrl\":\"https:\/\/dev.borgarbyggd.is\/grunnborg\/wp-content\/uploads\/sites\/2\/2025\/11\/barno.jpg\",\"datePublished\":\"2025-11-11T09:44:29+00:00\",\"dateModified\":\"2025-11-13T08:34:31+00:00\",\"author\":{\"@id\":\"https:\/\/dev.borgarbyggd.is\/grunnborg\/#\/schema\/person\/db4556fcf1c1b837fcec4f35f6edfe5d\"},\"breadcrumb\":{\"@id\":\"https:\/\/dev.borgarbyggd.is\/grunnborg\/frettir\/barno-barnamenningarhatid-vesturlands-i-skallagrimsgardi\/#breadcrumb\"},\"inLanguage\":\"en-US\",\"potentialAction\":[{\"@type\":\"ReadAction\",\"target\":[\"https:\/\/dev.borgarbyggd.is\/grunnborg\/frettir\/barno-barnamenningarhatid-vesturlands-i-skallagrimsgardi\/\"]}]},{\"@type\":\"ImageObject\",\"inLanguage\":\"en-US\",\"@id\":\"https:\/\/dev.borgarbyggd.is\/grunnborg\/frettir\/barno-barnamenningarhatid-vesturlands-i-skallagrimsgardi\/#primaryimage\",\"url\":\"https:\/\/dev.borgarbyggd.is\/grunnborg\/wp-content\/uploads\/sites\/2\/2025\/11\/barno.jpg\",\"contentUrl\":\"https:\/\/dev.borgarbyggd.is\/grunnborg\/wp-content\/uploads\/sites\/2\/2025\/11\/barno.jpg\",\"width\":472,\"height\":294},{\"@type\":\"BreadcrumbList\",\"@id\":\"https:\/\/dev.borgarbyggd.is\/grunnborg\/frettir\/barno-barnamenningarhatid-vesturlands-i-skallagrimsgardi\/#breadcrumb\",\"itemListElement\":[{\"@type\":\"ListItem\",\"position\":1,\"name\":\"Home\",\"item\":\"https:\/\/dev.borgarbyggd.is\/grunnborg\/\"},{\"@type\":\"ListItem\",\"position\":2,\"name\":\"Barn\u00f3 barnamenningarh\u00e1t\u00ed\u00f0 Vesturlands \u00ed Skallagr\u00edmsgar\u00f0i\"}]},{\"@type\":\"WebSite\",\"@id\":\"https:\/\/dev.borgarbyggd.is\/grunnborg\/#website\",\"url\":\"https:\/\/dev.borgarbyggd.is\/grunnborg\/\",\"name\":\"Grunnsk\u00f3linn \u00ed Borgarnesi\",\"description\":\"\",\"potentialAction\":[{\"@type\":\"SearchAction\",\"target\":{\"@type\":\"EntryPoint\",\"urlTemplate\":\"https:\/\/dev.borgarbyggd.is\/grunnborg\/?s={search_term_string}\"},\"query-input\":{\"@type\":\"PropertyValueSpecification\",\"valueRequired\":true,\"valueName\":\"search_term_string\"}}],\"inLanguage\":\"en-US\"},{\"@type\":\"Person\",\"@id\":\"https:\/\/dev.borgarbyggd.is\/grunnborg\/#\/schema\/person\/db4556fcf1c1b837fcec4f35f6edfe5d\",\"name\":\"sunna\",\"image\":{\"@type\":\"ImageObject\",\"inLanguage\":\"en-US\",\"@id\":\"https:\/\/dev.borgarbyggd.is\/grunnborg\/#\/schema\/person\/image\/\",\"url\":\"https:\/\/secure.gravatar.com\/avatar\/d703ff4895950b72b9c113f8cd4b9b6776461a2ad7fdd403e9bc5ae672bd10c2?s=96&d=mm&r=g\",\"contentUrl\":\"https:\/\/secure.gravatar.com\/avatar\/d703ff4895950b72b9c113f8cd4b9b6776461a2ad7fdd403e9bc5ae672bd10c2?s=96&d=mm&r=g\",\"caption\":\"sunna\"},\"url\":\"https:\/\/dev.borgarbyggd.is\/grunnborg\/author\/sunna\/\"}]}<\/script>\n<!-- \/ Yoast SEO plugin. -->","yoast_head_json":{"title":"Barn\u00f3 barnamenningarh\u00e1t\u00ed\u00f0 Vesturlands \u00ed Skallagr\u00edmsgar\u00f0i - Grunnsk\u00f3linn \u00ed Borgarnesi %","robots":{"index":"index","follow":"follow","max-snippet":"max-snippet:-1","max-image-preview":"max-image-preview:large","max-video-preview":"max-video-preview:-1"},"canonical":"https:\/\/dev.borgarbyggd.is\/grunnborg\/frettir\/barno-barnamenningarhatid-vesturlands-i-skallagrimsgardi\/","og_locale":"en_US","og_type":"article","og_title":"Barn\u00f3 barnamenningarh\u00e1t\u00ed\u00f0 Vesturlands \u00ed Skallagr\u00edmsgar\u00f0i - Grunnsk\u00f3linn \u00ed Borgarnesi %","og_description":"Barn\u00f3 \u00ed Skall\u00f3 \u00dea\u00f0 er okkur s\u00f6nn \u00e1n\u00e6gja a\u00f0 segja fr\u00e1 \u00fev\u00ed a\u00f0 \u00ed Skallagr\u00edmsgar\u00f0i er n\u00fa listas\u00fdning verkefna nemenda \u00ed 10. bekk \u00ed Grunnsk\u00f3lanum \u00ed Borgarnesi. Vi\u00f0 hvetjum \u00f6ll til a\u00f0 f\u00e1 s\u00e9r g\u00f6ngut\u00far um gar\u00f0inn en s\u00fdningin stendur \u00fat vikuna til 14. n\u00f3vember ef ve\u00f0ur leyfir. H\u00e9r me\u00f0fylgjandi er youtube &#8211; myndskei\u00f0 og linkur \u00e1 sk\u00f3garbingo og or\u00f0as\u00fapu ... Read More","og_url":"https:\/\/dev.borgarbyggd.is\/grunnborg\/frettir\/barno-barnamenningarhatid-vesturlands-i-skallagrimsgardi\/","og_site_name":"Grunnsk\u00f3linn \u00ed Borgarnesi","article_published_time":"2025-11-11T09:44:29+00:00","article_modified_time":"2025-11-13T08:34:31+00:00","og_image":[{"width":472,"height":294,"url":"https:\/\/dev.borgarbyggd.is\/grunnborg\/wp-content\/uploads\/sites\/2\/2025\/11\/barno.jpg","type":"image\/jpeg"}],"author":"sunna","twitter_card":"summary_large_image","twitter_misc":{"Written by":"sunna","Est. reading time":"1 minute"},"schema":{"@context":"https:\/\/schema.org","@graph":[{"@type":"WebPage","@id":"https:\/\/dev.borgarbyggd.is\/grunnborg\/frettir\/barno-barnamenningarhatid-vesturlands-i-skallagrimsgardi\/","url":"https:\/\/dev.borgarbyggd.is\/grunnborg\/frettir\/barno-barnamenningarhatid-vesturlands-i-skallagrimsgardi\/","name":"Barn\u00f3 barnamenningarh\u00e1t\u00ed\u00f0 Vesturlands \u00ed Skallagr\u00edmsgar\u00f0i - Grunnsk\u00f3linn \u00ed Borgarnesi %","isPartOf":{"@id":"https:\/\/dev.borgarbyggd.is\/grunnborg\/#website"},"primaryImageOfPage":{"@id":"https:\/\/dev.borgarbyggd.is\/grunnborg\/frettir\/barno-barnamenningarhatid-vesturlands-i-skallagrimsgardi\/#primaryimage"},"image":{"@id":"https:\/\/dev.borgarbyggd.is\/grunnborg\/frettir\/barno-barnamenningarhatid-vesturlands-i-skallagrimsgardi\/#primaryimage"},"thumbnailUrl":"https:\/\/dev.borgarbyggd.is\/grunnborg\/wp-content\/uploads\/sites\/2\/2025\/11\/barno.jpg","datePublished":"2025-11-11T09:44:29+00:00","dateModified":"2025-11-13T08:34:31+00:00","author":{"@id":"https:\/\/dev.borgarbyggd.is\/grunnborg\/#\/schema\/person\/db4556fcf1c1b837fcec4f35f6edfe5d"},"breadcrumb":{"@id":"https:\/\/dev.borgarbyggd.is\/grunnborg\/frettir\/barno-barnamenningarhatid-vesturlands-i-skallagrimsgardi\/#breadcrumb"},"inLanguage":"en-US","potentialAction":[{"@type":"ReadAction","target":["https:\/\/dev.borgarbyggd.is\/grunnborg\/frettir\/barno-barnamenningarhatid-vesturlands-i-skallagrimsgardi\/"]}]},{"@type":"ImageObject","inLanguage":"en-US","@id":"https:\/\/dev.borgarbyggd.is\/grunnborg\/frettir\/barno-barnamenningarhatid-vesturlands-i-skallagrimsgardi\/#primaryimage","url":"https:\/\/dev.borgarbyggd.is\/grunnborg\/wp-content\/uploads\/sites\/2\/2025\/11\/barno.jpg","contentUrl":"https:\/\/dev.borgarbyggd.is\/grunnborg\/wp-content\/uploads\/sites\/2\/2025\/11\/barno.jpg","width":472,"height":294},{"@type":"BreadcrumbList","@id":"https:\/\/dev.borgarbyggd.is\/grunnborg\/frettir\/barno-barnamenningarhatid-vesturlands-i-skallagrimsgardi\/#breadcrumb","itemListElement":[{"@type":"ListItem","position":1,"name":"Home","item":"https:\/\/dev.borgarbyggd.is\/grunnborg\/"},{"@type":"ListItem","position":2,"name":"Barn\u00f3 barnamenningarh\u00e1t\u00ed\u00f0 Vesturlands \u00ed Skallagr\u00edmsgar\u00f0i"}]},{"@type":"WebSite","@id":"https:\/\/dev.borgarbyggd.is\/grunnborg\/#website","url":"https:\/\/dev.borgarbyggd.is\/grunnborg\/","name":"Grunnsk\u00f3linn \u00ed Borgarnesi","description":"","potentialAction":[{"@type":"SearchAction","target":{"@type":"EntryPoint","urlTemplate":"https:\/\/dev.borgarbyggd.is\/grunnborg\/?s={search_term_string}"},"query-input":{"@type":"PropertyValueSpecification","valueRequired":true,"valueName":"search_term_string"}}],"inLanguage":"en-US"},{"@type":"Person","@id":"https:\/\/dev.borgarbyggd.is\/grunnborg\/#\/schema\/person\/db4556fcf1c1b837fcec4f35f6edfe5d","name":"sunna","image":{"@type":"ImageObject","inLanguage":"en-US","@id":"https:\/\/dev.borgarbyggd.is\/grunnborg\/#\/schema\/person\/image\/","url":"https:\/\/secure.gravatar.com\/avatar\/d703ff4895950b72b9c113f8cd4b9b6776461a2ad7fdd403e9bc5ae672bd10c2?s=96&d=mm&r=g","contentUrl":"https:\/\/secure.gravatar.com\/avatar\/d703ff4895950b72b9c113f8cd4b9b6776461a2ad7fdd403e9bc5ae672bd10c2?s=96&d=mm&r=g","caption":"sunna"},"url":"https:\/\/dev.borgarbyggd.is\/grunnborg\/author\/sunna\/"}]}},"_links":{"self":[{"href":"https:\/\/dev.borgarbyggd.is\/grunnborg\/wp-json\/wp\/v2\/posts\/2186","targetHints":{"allow":["GET"]}}],"collection":[{"href":"https:\/\/dev.borgarbyggd.is\/grunnborg\/wp-json\/wp\/v2\/posts"}],"about":[{"href":"https:\/\/dev.borgarbyggd.is\/grunnborg\/wp-json\/wp\/v2\/types\/post"}],"author":[{"embeddable":true,"href":"https:\/\/dev.borgarbyggd.is\/grunnborg\/wp-json\/wp\/v2\/users\/47"}],"replies":[{"embeddable":true,"href":"https:\/\/dev.borgarbyggd.is\/grunnborg\/wp-json\/wp\/v2\/comments?post=2186"}],"version-history":[{"count":0,"href":"https:\/\/dev.borgarbyggd.is\/grunnborg\/wp-json\/wp\/v2\/posts\/2186\/revisions"}],"wp:featuredmedia":[{"embeddable":true,"href":"https:\/\/dev.borgarbyggd.is\/grunnborg\/wp-json\/wp\/v2\/media\/2187"}],"wp:attachment":[{"href":"https:\/\/dev.borgarbyggd.is\/grunnborg\/wp-json\/wp\/v2\/media?parent=2186"}],"wp:term":[{"taxonomy":"category","embeddable":true,"href":"https:\/\/dev.borgarbyggd.is\/grunnborg\/wp-json\/wp\/v2\/categories?post=2186"},{"taxonomy":"post_tag","embeddable":true,"href":"https:\/\/dev.borgarbyggd.is\/grunnborg\/wp-json\/wp\/v2\/tags?post=2186"}],"curies":[{"name":"wp","href":"https:\/\/api.w.org\/{rel}","templated":true}]}}