{"id":2168,"date":"2025-10-23T10:10:13","date_gmt":"2025-10-23T10:10:13","guid":{"rendered":"https:\/\/dev.borgarbyggd.is\/grunnborg\/?p=2168"},"modified":"2025-10-23T10:11:41","modified_gmt":"2025-10-23T10:11:41","slug":"kvennaverkfall-2025","status":"publish","type":"post","link":"https:\/\/dev.borgarbyggd.is\/grunnborg\/frettir\/kvennaverkfall-2025\/","title":{"rendered":"Kvennaverkfall 2025"},"content":{"rendered":"<p>F\u00f6studaginn 24. okt\u00f3ber eru konur og kv\u00e1r hv\u00f6tt til a\u00f0 leggja ni\u00f0ur st\u00f6rf s\u00edn allan daginn, l\u00edkt og konur ger\u00f0u \u00e1ri\u00f0 1975.<\/p>\n<p>Vegna forfalla fellur \u00fev\u00ed allt starf innan Grunnsk\u00f3lans \u00ed Borgarnesi ni\u00f0ur \u00feann daginn.<\/p>\n<p>Okkur finnst nau\u00f0synlegt a\u00f0 standa saman og halda \u00e1fram bar\u00e1ttu kvenna og kv\u00e1ra til jafnr\u00e9ttis, ekki s\u00edst s\u00f6kum \u00feess a\u00f0 jafnr\u00e9ttisbar\u00e1ttunni hefur hraka\u00f0 t\u00f6luvert. Vi\u00f0 sj\u00e1um \u00fea\u00f0 m.a. \u00ed fleiri tilkynningum um kynbundi\u00f0 ofbeldi \u00ed samf\u00e9laginu, launamunur kynjanna hefur aukist, misr\u00e9tti \u00ed verkaskiptingu \u00e1 heimilum er enn r\u00edkjandi og ekki s\u00edst \u00fe\u00e6r hreyfingar sem ala \u00e1 and\u00fa\u00f0 gegn konum, hinsegin f\u00f3lki og \u00fatlendingum sem er a\u00f0 skj\u00f3ta r\u00f3tum h\u00e9r \u00e1 landi.<\/p>\n<p>Vi\u00f0 t\u00f6kum \u00fev\u00ed \u00fe\u00e1tt \u00ed verkfallinu og hvetjum konur og kv\u00e1r til a\u00f0 taka h\u00f6ndum saman og taka \u00fe\u00e1tt \u00ed bar\u00e1ttunni sem fer fram \u00ed hjarta Reykjav\u00edkur \u00feann 24. okt\u00f3ber<\/p>\n<p>\u00c1fram konur og kv\u00e1r!<\/p>\n<p>&nbsp;<\/p>\n<p>&nbsp;<\/p>\n","protected":false},"excerpt":{"rendered":"<p>F\u00f6studaginn 24. okt\u00f3ber eru konur og kv\u00e1r hv\u00f6tt til a\u00f0 leggja ni\u00f0ur st\u00f6rf s\u00edn allan daginn, l\u00edkt og konur ger\u00f0u \u00e1ri\u00f0 1975. Vegna forfalla fellur \u00fev\u00ed allt starf innan Grunnsk\u00f3lans \u00ed Borgarnesi ni\u00f0ur \u00feann daginn. Okkur finnst nau\u00f0synlegt a\u00f0 standa saman og halda \u00e1fram bar\u00e1ttu kvenna og kv\u00e1ra til jafnr\u00e9ttis, ekki s\u00edst s\u00f6kum \u00feess a\u00f0 jafnr\u00e9ttisbar\u00e1ttunni hefur hraka\u00f0 t\u00f6luvert. Vi\u00f0 &#8230; <\/p>\n<div><a href=\"https:\/\/dev.borgarbyggd.is\/grunnborg\/frettir\/kvennaverkfall-2025\/\" class=\"more-link\">Read More<\/a><\/div>\n","protected":false},"author":47,"featured_media":2169,"comment_status":"closed","ping_status":"closed","sticky":false,"template":"","format":"standard","meta":{"_acf_changed":false,"footnotes":""},"categories":[1],"tags":[],"class_list":["post-2168","post","type-post","status-publish","format-standard","has-post-thumbnail","hentry","category-frettir"],"acf":[],"yoast_head":"<!-- This site is optimized with the Yoast SEO plugin v24.0 - https:\/\/yoast.com\/wordpress\/plugins\/seo\/ -->\n<title>Kvennaverkfall 2025 - Grunnsk\u00f3linn \u00ed Borgarnesi<\/title>\n<meta name=\"robots\" content=\"index, follow, max-snippet:-1, max-image-preview:large, max-video-preview:-1\" \/>\n<link rel=\"canonical\" href=\"https:\/\/dev.borgarbyggd.is\/grunnborg\/frettir\/kvennaverkfall-2025\/\" \/>\n<meta property=\"og:locale\" content=\"en_US\" \/>\n<meta property=\"og:type\" content=\"article\" \/>\n<meta property=\"og:title\" content=\"Kvennaverkfall 2025 - Grunnsk\u00f3linn \u00ed Borgarnesi\" \/>\n<meta property=\"og:description\" content=\"F\u00f6studaginn 24. okt\u00f3ber eru konur og kv\u00e1r hv\u00f6tt til a\u00f0 leggja ni\u00f0ur st\u00f6rf s\u00edn allan daginn, l\u00edkt og konur ger\u00f0u \u00e1ri\u00f0 1975. Vegna forfalla fellur \u00fev\u00ed allt starf innan Grunnsk\u00f3lans \u00ed Borgarnesi ni\u00f0ur \u00feann daginn. Okkur finnst nau\u00f0synlegt a\u00f0 standa saman og halda \u00e1fram bar\u00e1ttu kvenna og kv\u00e1ra til jafnr\u00e9ttis, ekki s\u00edst s\u00f6kum \u00feess a\u00f0 jafnr\u00e9ttisbar\u00e1ttunni hefur hraka\u00f0 t\u00f6luvert. Vi\u00f0 ... Read More\" \/>\n<meta property=\"og:url\" content=\"https:\/\/dev.borgarbyggd.is\/grunnborg\/frettir\/kvennaverkfall-2025\/\" \/>\n<meta property=\"og:site_name\" content=\"Grunnsk\u00f3linn \u00ed Borgarnesi\" \/>\n<meta property=\"article:published_time\" content=\"2025-10-23T10:10:13+00:00\" \/>\n<meta property=\"article:modified_time\" content=\"2025-10-23T10:11:41+00:00\" \/>\n<meta property=\"og:image\" content=\"https:\/\/dev.borgarbyggd.is\/grunnborg\/wp-content\/uploads\/sites\/2\/2025\/10\/kvenv.jpg\" \/>\n\t<meta property=\"og:image:width\" content=\"1200\" \/>\n\t<meta property=\"og:image:height\" content=\"669\" \/>\n\t<meta property=\"og:image:type\" content=\"image\/jpeg\" \/>\n<meta name=\"author\" content=\"sunna\" \/>\n<meta name=\"twitter:card\" content=\"summary_large_image\" \/>\n<meta name=\"twitter:label1\" content=\"Written by\" \/>\n\t<meta name=\"twitter:data1\" content=\"sunna\" \/>\n\t<meta name=\"twitter:label2\" content=\"Est. reading time\" \/>\n\t<meta name=\"twitter:data2\" content=\"1 minute\" \/>\n<script type=\"application\/ld+json\" class=\"yoast-schema-graph\">{\"@context\":\"https:\/\/schema.org\",\"@graph\":[{\"@type\":\"WebPage\",\"@id\":\"https:\/\/dev.borgarbyggd.is\/grunnborg\/frettir\/kvennaverkfall-2025\/\",\"url\":\"https:\/\/dev.borgarbyggd.is\/grunnborg\/frettir\/kvennaverkfall-2025\/\",\"name\":\"Kvennaverkfall 2025 - Grunnsk\u00f3linn \u00ed Borgarnesi\",\"isPartOf\":{\"@id\":\"https:\/\/dev.borgarbyggd.is\/grunnborg\/#website\"},\"primaryImageOfPage\":{\"@id\":\"https:\/\/dev.borgarbyggd.is\/grunnborg\/frettir\/kvennaverkfall-2025\/#primaryimage\"},\"image\":{\"@id\":\"https:\/\/dev.borgarbyggd.is\/grunnborg\/frettir\/kvennaverkfall-2025\/#primaryimage\"},\"thumbnailUrl\":\"https:\/\/dev.borgarbyggd.is\/grunnborg\/wp-content\/uploads\/sites\/2\/2025\/10\/kvenv.jpg\",\"datePublished\":\"2025-10-23T10:10:13+00:00\",\"dateModified\":\"2025-10-23T10:11:41+00:00\",\"author\":{\"@id\":\"https:\/\/dev.borgarbyggd.is\/grunnborg\/#\/schema\/person\/db4556fcf1c1b837fcec4f35f6edfe5d\"},\"breadcrumb\":{\"@id\":\"https:\/\/dev.borgarbyggd.is\/grunnborg\/frettir\/kvennaverkfall-2025\/#breadcrumb\"},\"inLanguage\":\"en-US\",\"potentialAction\":[{\"@type\":\"ReadAction\",\"target\":[\"https:\/\/dev.borgarbyggd.is\/grunnborg\/frettir\/kvennaverkfall-2025\/\"]}]},{\"@type\":\"ImageObject\",\"inLanguage\":\"en-US\",\"@id\":\"https:\/\/dev.borgarbyggd.is\/grunnborg\/frettir\/kvennaverkfall-2025\/#primaryimage\",\"url\":\"https:\/\/dev.borgarbyggd.is\/grunnborg\/wp-content\/uploads\/sites\/2\/2025\/10\/kvenv.jpg\",\"contentUrl\":\"https:\/\/dev.borgarbyggd.is\/grunnborg\/wp-content\/uploads\/sites\/2\/2025\/10\/kvenv.jpg\",\"width\":1200,\"height\":669},{\"@type\":\"BreadcrumbList\",\"@id\":\"https:\/\/dev.borgarbyggd.is\/grunnborg\/frettir\/kvennaverkfall-2025\/#breadcrumb\",\"itemListElement\":[{\"@type\":\"ListItem\",\"position\":1,\"name\":\"Home\",\"item\":\"https:\/\/dev.borgarbyggd.is\/grunnborg\/\"},{\"@type\":\"ListItem\",\"position\":2,\"name\":\"Kvennaverkfall 2025\"}]},{\"@type\":\"WebSite\",\"@id\":\"https:\/\/dev.borgarbyggd.is\/grunnborg\/#website\",\"url\":\"https:\/\/dev.borgarbyggd.is\/grunnborg\/\",\"name\":\"Grunnsk\u00f3linn \u00ed Borgarnesi\",\"description\":\"\",\"potentialAction\":[{\"@type\":\"SearchAction\",\"target\":{\"@type\":\"EntryPoint\",\"urlTemplate\":\"https:\/\/dev.borgarbyggd.is\/grunnborg\/?s={search_term_string}\"},\"query-input\":{\"@type\":\"PropertyValueSpecification\",\"valueRequired\":true,\"valueName\":\"search_term_string\"}}],\"inLanguage\":\"en-US\"},{\"@type\":\"Person\",\"@id\":\"https:\/\/dev.borgarbyggd.is\/grunnborg\/#\/schema\/person\/db4556fcf1c1b837fcec4f35f6edfe5d\",\"name\":\"sunna\",\"image\":{\"@type\":\"ImageObject\",\"inLanguage\":\"en-US\",\"@id\":\"https:\/\/dev.borgarbyggd.is\/grunnborg\/#\/schema\/person\/image\/\",\"url\":\"https:\/\/secure.gravatar.com\/avatar\/d703ff4895950b72b9c113f8cd4b9b6776461a2ad7fdd403e9bc5ae672bd10c2?s=96&d=mm&r=g\",\"contentUrl\":\"https:\/\/secure.gravatar.com\/avatar\/d703ff4895950b72b9c113f8cd4b9b6776461a2ad7fdd403e9bc5ae672bd10c2?s=96&d=mm&r=g\",\"caption\":\"sunna\"},\"url\":\"https:\/\/dev.borgarbyggd.is\/grunnborg\/author\/sunna\/\"}]}<\/script>\n<!-- \/ Yoast SEO plugin. -->","yoast_head_json":{"title":"Kvennaverkfall 2025 - Grunnsk\u00f3linn \u00ed Borgarnesi","robots":{"index":"index","follow":"follow","max-snippet":"max-snippet:-1","max-image-preview":"max-image-preview:large","max-video-preview":"max-video-preview:-1"},"canonical":"https:\/\/dev.borgarbyggd.is\/grunnborg\/frettir\/kvennaverkfall-2025\/","og_locale":"en_US","og_type":"article","og_title":"Kvennaverkfall 2025 - Grunnsk\u00f3linn \u00ed Borgarnesi","og_description":"F\u00f6studaginn 24. okt\u00f3ber eru konur og kv\u00e1r hv\u00f6tt til a\u00f0 leggja ni\u00f0ur st\u00f6rf s\u00edn allan daginn, l\u00edkt og konur ger\u00f0u \u00e1ri\u00f0 1975. Vegna forfalla fellur \u00fev\u00ed allt starf innan Grunnsk\u00f3lans \u00ed Borgarnesi ni\u00f0ur \u00feann daginn. Okkur finnst nau\u00f0synlegt a\u00f0 standa saman og halda \u00e1fram bar\u00e1ttu kvenna og kv\u00e1ra til jafnr\u00e9ttis, ekki s\u00edst s\u00f6kum \u00feess a\u00f0 jafnr\u00e9ttisbar\u00e1ttunni hefur hraka\u00f0 t\u00f6luvert. Vi\u00f0 ... Read More","og_url":"https:\/\/dev.borgarbyggd.is\/grunnborg\/frettir\/kvennaverkfall-2025\/","og_site_name":"Grunnsk\u00f3linn \u00ed Borgarnesi","article_published_time":"2025-10-23T10:10:13+00:00","article_modified_time":"2025-10-23T10:11:41+00:00","og_image":[{"width":1200,"height":669,"url":"https:\/\/dev.borgarbyggd.is\/grunnborg\/wp-content\/uploads\/sites\/2\/2025\/10\/kvenv.jpg","type":"image\/jpeg"}],"author":"sunna","twitter_card":"summary_large_image","twitter_misc":{"Written by":"sunna","Est. reading time":"1 minute"},"schema":{"@context":"https:\/\/schema.org","@graph":[{"@type":"WebPage","@id":"https:\/\/dev.borgarbyggd.is\/grunnborg\/frettir\/kvennaverkfall-2025\/","url":"https:\/\/dev.borgarbyggd.is\/grunnborg\/frettir\/kvennaverkfall-2025\/","name":"Kvennaverkfall 2025 - Grunnsk\u00f3linn \u00ed Borgarnesi","isPartOf":{"@id":"https:\/\/dev.borgarbyggd.is\/grunnborg\/#website"},"primaryImageOfPage":{"@id":"https:\/\/dev.borgarbyggd.is\/grunnborg\/frettir\/kvennaverkfall-2025\/#primaryimage"},"image":{"@id":"https:\/\/dev.borgarbyggd.is\/grunnborg\/frettir\/kvennaverkfall-2025\/#primaryimage"},"thumbnailUrl":"https:\/\/dev.borgarbyggd.is\/grunnborg\/wp-content\/uploads\/sites\/2\/2025\/10\/kvenv.jpg","datePublished":"2025-10-23T10:10:13+00:00","dateModified":"2025-10-23T10:11:41+00:00","author":{"@id":"https:\/\/dev.borgarbyggd.is\/grunnborg\/#\/schema\/person\/db4556fcf1c1b837fcec4f35f6edfe5d"},"breadcrumb":{"@id":"https:\/\/dev.borgarbyggd.is\/grunnborg\/frettir\/kvennaverkfall-2025\/#breadcrumb"},"inLanguage":"en-US","potentialAction":[{"@type":"ReadAction","target":["https:\/\/dev.borgarbyggd.is\/grunnborg\/frettir\/kvennaverkfall-2025\/"]}]},{"@type":"ImageObject","inLanguage":"en-US","@id":"https:\/\/dev.borgarbyggd.is\/grunnborg\/frettir\/kvennaverkfall-2025\/#primaryimage","url":"https:\/\/dev.borgarbyggd.is\/grunnborg\/wp-content\/uploads\/sites\/2\/2025\/10\/kvenv.jpg","contentUrl":"https:\/\/dev.borgarbyggd.is\/grunnborg\/wp-content\/uploads\/sites\/2\/2025\/10\/kvenv.jpg","width":1200,"height":669},{"@type":"BreadcrumbList","@id":"https:\/\/dev.borgarbyggd.is\/grunnborg\/frettir\/kvennaverkfall-2025\/#breadcrumb","itemListElement":[{"@type":"ListItem","position":1,"name":"Home","item":"https:\/\/dev.borgarbyggd.is\/grunnborg\/"},{"@type":"ListItem","position":2,"name":"Kvennaverkfall 2025"}]},{"@type":"WebSite","@id":"https:\/\/dev.borgarbyggd.is\/grunnborg\/#website","url":"https:\/\/dev.borgarbyggd.is\/grunnborg\/","name":"Grunnsk\u00f3linn \u00ed Borgarnesi","description":"","potentialAction":[{"@type":"SearchAction","target":{"@type":"EntryPoint","urlTemplate":"https:\/\/dev.borgarbyggd.is\/grunnborg\/?s={search_term_string}"},"query-input":{"@type":"PropertyValueSpecification","valueRequired":true,"valueName":"search_term_string"}}],"inLanguage":"en-US"},{"@type":"Person","@id":"https:\/\/dev.borgarbyggd.is\/grunnborg\/#\/schema\/person\/db4556fcf1c1b837fcec4f35f6edfe5d","name":"sunna","image":{"@type":"ImageObject","inLanguage":"en-US","@id":"https:\/\/dev.borgarbyggd.is\/grunnborg\/#\/schema\/person\/image\/","url":"https:\/\/secure.gravatar.com\/avatar\/d703ff4895950b72b9c113f8cd4b9b6776461a2ad7fdd403e9bc5ae672bd10c2?s=96&d=mm&r=g","contentUrl":"https:\/\/secure.gravatar.com\/avatar\/d703ff4895950b72b9c113f8cd4b9b6776461a2ad7fdd403e9bc5ae672bd10c2?s=96&d=mm&r=g","caption":"sunna"},"url":"https:\/\/dev.borgarbyggd.is\/grunnborg\/author\/sunna\/"}]}},"_links":{"self":[{"href":"https:\/\/dev.borgarbyggd.is\/grunnborg\/wp-json\/wp\/v2\/posts\/2168","targetHints":{"allow":["GET"]}}],"collection":[{"href":"https:\/\/dev.borgarbyggd.is\/grunnborg\/wp-json\/wp\/v2\/posts"}],"about":[{"href":"https:\/\/dev.borgarbyggd.is\/grunnborg\/wp-json\/wp\/v2\/types\/post"}],"author":[{"embeddable":true,"href":"https:\/\/dev.borgarbyggd.is\/grunnborg\/wp-json\/wp\/v2\/users\/47"}],"replies":[{"embeddable":true,"href":"https:\/\/dev.borgarbyggd.is\/grunnborg\/wp-json\/wp\/v2\/comments?post=2168"}],"version-history":[{"count":0,"href":"https:\/\/dev.borgarbyggd.is\/grunnborg\/wp-json\/wp\/v2\/posts\/2168\/revisions"}],"wp:featuredmedia":[{"embeddable":true,"href":"https:\/\/dev.borgarbyggd.is\/grunnborg\/wp-json\/wp\/v2\/media\/2169"}],"wp:attachment":[{"href":"https:\/\/dev.borgarbyggd.is\/grunnborg\/wp-json\/wp\/v2\/media?parent=2168"}],"wp:term":[{"taxonomy":"category","embeddable":true,"href":"https:\/\/dev.borgarbyggd.is\/grunnborg\/wp-json\/wp\/v2\/categories?post=2168"},{"taxonomy":"post_tag","embeddable":true,"href":"https:\/\/dev.borgarbyggd.is\/grunnborg\/wp-json\/wp\/v2\/tags?post=2168"}],"curies":[{"name":"wp","href":"https:\/\/api.w.org\/{rel}","templated":true}]}}