{"id":2137,"date":"2025-08-07T10:36:48","date_gmt":"2025-08-07T10:36:48","guid":{"rendered":"https:\/\/dev.borgarbyggd.is\/grunnborg\/?p=2137"},"modified":"2025-08-08T11:16:28","modified_gmt":"2025-08-08T11:16:28","slug":"skolasetning-haust-2025","status":"publish","type":"post","link":"https:\/\/dev.borgarbyggd.is\/grunnborg\/frettir\/skolasetning-haust-2025\/","title":{"rendered":"Sk\u00f3lasetning haust 2025"},"content":{"rendered":"<p>&nbsp;<\/p>\n<p>Sk\u00f3la\u00e1ri\u00f0 2025 &#8211; 2026 hefst formlega me\u00f0 sk\u00f3lasetningu m\u00e1nudaginn 25. \u00e1g\u00fast<\/p>\n<p>Sk\u00f3laakstur ver\u00f0ur b\u00e6\u00f0i innanb\u00e6jar og \u00far dreifb\u00fdli. Vi\u00f0 viljum bi\u00f0ja \u00fe\u00e1 sem ekki \u00e6tla a\u00f0 n\u00fdta s\u00e9r akstur \u00far sveitinni a\u00f0 l\u00e1ta vita \u00ed s\u00edna b\u00edla.<br \/>\n\u00c1\u00e6tla\u00f0 er a\u00f0 innanb\u00e6jarsk\u00f3lab\u00edll fari \u00far Sandv\u00edk kl. 9:40. B\u00edlar flytja nemendur heim a\u00f0 lokinni sk\u00f3lasetningu.<\/p>\n<p>Sk\u00f3lasetning fer fram 25. \u00e1g\u00fast \u00ed \u00ed\u00fer\u00f3ttasal \u00ed\u00fer\u00f3ttah\u00fassins \u00ed Borgarnesi kl 10:00<\/p>\n<p>A\u00f0 setningu lokinni n\u00e1lgast nemendur stundat\u00f6flur hj\u00e1 s\u00ednum umsj\u00f3nakennara<\/p>\n<p>Kennsla hefst svo samkv\u00e6mt stundaskr\u00e1 \u00feri\u00f0judaginn 26. \u00e1g\u00fast<\/p>\n","protected":false},"excerpt":{"rendered":"<p>&nbsp; Sk\u00f3la\u00e1ri\u00f0 2025 &#8211; 2026 hefst formlega me\u00f0 sk\u00f3lasetningu m\u00e1nudaginn 25. \u00e1g\u00fast Sk\u00f3laakstur ver\u00f0ur b\u00e6\u00f0i innanb\u00e6jar og \u00far dreifb\u00fdli. Vi\u00f0 viljum bi\u00f0ja \u00fe\u00e1 sem ekki \u00e6tla a\u00f0 n\u00fdta s\u00e9r akstur \u00far sveitinni a\u00f0 l\u00e1ta vita \u00ed s\u00edna b\u00edla. \u00c1\u00e6tla\u00f0 er a\u00f0 innanb\u00e6jarsk\u00f3lab\u00edll fari \u00far Sandv\u00edk kl. 9:40. B\u00edlar flytja nemendur heim a\u00f0 lokinni sk\u00f3lasetningu. Sk\u00f3lasetning fer fram 25. \u00e1g\u00fast \u00ed &#8230; <\/p>\n<div><a href=\"https:\/\/dev.borgarbyggd.is\/grunnborg\/frettir\/skolasetning-haust-2025\/\" class=\"more-link\">Read More<\/a><\/div>\n","protected":false},"author":47,"featured_media":2136,"comment_status":"closed","ping_status":"closed","sticky":false,"template":"","format":"standard","meta":{"_acf_changed":false,"footnotes":""},"categories":[1],"tags":[],"class_list":["post-2137","post","type-post","status-publish","format-standard","has-post-thumbnail","hentry","category-frettir"],"acf":[],"yoast_head":"<!-- This site is optimized with the Yoast SEO plugin v24.0 - https:\/\/yoast.com\/wordpress\/plugins\/seo\/ -->\n<title>Sk\u00f3lasetning haust 2025 - Grunnsk\u00f3linn \u00ed Borgarnesi<\/title>\n<meta name=\"robots\" content=\"index, follow, max-snippet:-1, max-image-preview:large, max-video-preview:-1\" \/>\n<link rel=\"canonical\" href=\"https:\/\/dev.borgarbyggd.is\/grunnborg\/frettir\/skolasetning-haust-2025\/\" \/>\n<meta property=\"og:locale\" content=\"en_US\" \/>\n<meta property=\"og:type\" content=\"article\" \/>\n<meta property=\"og:title\" content=\"Sk\u00f3lasetning haust 2025 - Grunnsk\u00f3linn \u00ed Borgarnesi\" \/>\n<meta property=\"og:description\" content=\"&nbsp; Sk\u00f3la\u00e1ri\u00f0 2025 &#8211; 2026 hefst formlega me\u00f0 sk\u00f3lasetningu m\u00e1nudaginn 25. \u00e1g\u00fast Sk\u00f3laakstur ver\u00f0ur b\u00e6\u00f0i innanb\u00e6jar og \u00far dreifb\u00fdli. Vi\u00f0 viljum bi\u00f0ja \u00fe\u00e1 sem ekki \u00e6tla a\u00f0 n\u00fdta s\u00e9r akstur \u00far sveitinni a\u00f0 l\u00e1ta vita \u00ed s\u00edna b\u00edla. \u00c1\u00e6tla\u00f0 er a\u00f0 innanb\u00e6jarsk\u00f3lab\u00edll fari \u00far Sandv\u00edk kl. 9:40. B\u00edlar flytja nemendur heim a\u00f0 lokinni sk\u00f3lasetningu. Sk\u00f3lasetning fer fram 25. \u00e1g\u00fast \u00ed ... Read More\" \/>\n<meta property=\"og:url\" content=\"https:\/\/dev.borgarbyggd.is\/grunnborg\/frettir\/skolasetning-haust-2025\/\" \/>\n<meta property=\"og:site_name\" content=\"Grunnsk\u00f3linn \u00ed Borgarnesi\" \/>\n<meta property=\"article:published_time\" content=\"2025-08-07T10:36:48+00:00\" \/>\n<meta property=\"article:modified_time\" content=\"2025-08-08T11:16:28+00:00\" \/>\n<meta property=\"og:image\" content=\"https:\/\/dev.borgarbyggd.is\/grunnborg\/wp-content\/uploads\/sites\/2\/2025\/08\/thumbnail_Outlook-mqmwafps.png\" \/>\n\t<meta property=\"og:image:width\" content=\"244\" \/>\n\t<meta property=\"og:image:height\" content=\"90\" \/>\n\t<meta property=\"og:image:type\" content=\"image\/png\" \/>\n<meta name=\"author\" content=\"sunna\" \/>\n<meta name=\"twitter:card\" content=\"summary_large_image\" \/>\n<meta name=\"twitter:label1\" content=\"Written by\" \/>\n\t<meta name=\"twitter:data1\" content=\"sunna\" \/>\n\t<meta name=\"twitter:label2\" content=\"Est. reading time\" \/>\n\t<meta name=\"twitter:data2\" content=\"1 minute\" \/>\n<script type=\"application\/ld+json\" class=\"yoast-schema-graph\">{\"@context\":\"https:\/\/schema.org\",\"@graph\":[{\"@type\":\"WebPage\",\"@id\":\"https:\/\/dev.borgarbyggd.is\/grunnborg\/frettir\/skolasetning-haust-2025\/\",\"url\":\"https:\/\/dev.borgarbyggd.is\/grunnborg\/frettir\/skolasetning-haust-2025\/\",\"name\":\"Sk\u00f3lasetning haust 2025 - Grunnsk\u00f3linn \u00ed Borgarnesi\",\"isPartOf\":{\"@id\":\"https:\/\/dev.borgarbyggd.is\/grunnborg\/#website\"},\"primaryImageOfPage\":{\"@id\":\"https:\/\/dev.borgarbyggd.is\/grunnborg\/frettir\/skolasetning-haust-2025\/#primaryimage\"},\"image\":{\"@id\":\"https:\/\/dev.borgarbyggd.is\/grunnborg\/frettir\/skolasetning-haust-2025\/#primaryimage\"},\"thumbnailUrl\":\"https:\/\/dev.borgarbyggd.is\/grunnborg\/wp-content\/uploads\/sites\/2\/2025\/08\/thumbnail_Outlook-mqmwafps.png\",\"datePublished\":\"2025-08-07T10:36:48+00:00\",\"dateModified\":\"2025-08-08T11:16:28+00:00\",\"author\":{\"@id\":\"https:\/\/dev.borgarbyggd.is\/grunnborg\/#\/schema\/person\/db4556fcf1c1b837fcec4f35f6edfe5d\"},\"breadcrumb\":{\"@id\":\"https:\/\/dev.borgarbyggd.is\/grunnborg\/frettir\/skolasetning-haust-2025\/#breadcrumb\"},\"inLanguage\":\"en-US\",\"potentialAction\":[{\"@type\":\"ReadAction\",\"target\":[\"https:\/\/dev.borgarbyggd.is\/grunnborg\/frettir\/skolasetning-haust-2025\/\"]}]},{\"@type\":\"ImageObject\",\"inLanguage\":\"en-US\",\"@id\":\"https:\/\/dev.borgarbyggd.is\/grunnborg\/frettir\/skolasetning-haust-2025\/#primaryimage\",\"url\":\"https:\/\/dev.borgarbyggd.is\/grunnborg\/wp-content\/uploads\/sites\/2\/2025\/08\/thumbnail_Outlook-mqmwafps.png\",\"contentUrl\":\"https:\/\/dev.borgarbyggd.is\/grunnborg\/wp-content\/uploads\/sites\/2\/2025\/08\/thumbnail_Outlook-mqmwafps.png\",\"width\":244,\"height\":90},{\"@type\":\"BreadcrumbList\",\"@id\":\"https:\/\/dev.borgarbyggd.is\/grunnborg\/frettir\/skolasetning-haust-2025\/#breadcrumb\",\"itemListElement\":[{\"@type\":\"ListItem\",\"position\":1,\"name\":\"Home\",\"item\":\"https:\/\/dev.borgarbyggd.is\/grunnborg\/\"},{\"@type\":\"ListItem\",\"position\":2,\"name\":\"Sk\u00f3lasetning haust 2025\"}]},{\"@type\":\"WebSite\",\"@id\":\"https:\/\/dev.borgarbyggd.is\/grunnborg\/#website\",\"url\":\"https:\/\/dev.borgarbyggd.is\/grunnborg\/\",\"name\":\"Grunnsk\u00f3linn \u00ed Borgarnesi\",\"description\":\"\",\"potentialAction\":[{\"@type\":\"SearchAction\",\"target\":{\"@type\":\"EntryPoint\",\"urlTemplate\":\"https:\/\/dev.borgarbyggd.is\/grunnborg\/?s={search_term_string}\"},\"query-input\":{\"@type\":\"PropertyValueSpecification\",\"valueRequired\":true,\"valueName\":\"search_term_string\"}}],\"inLanguage\":\"en-US\"},{\"@type\":\"Person\",\"@id\":\"https:\/\/dev.borgarbyggd.is\/grunnborg\/#\/schema\/person\/db4556fcf1c1b837fcec4f35f6edfe5d\",\"name\":\"sunna\",\"image\":{\"@type\":\"ImageObject\",\"inLanguage\":\"en-US\",\"@id\":\"https:\/\/dev.borgarbyggd.is\/grunnborg\/#\/schema\/person\/image\/\",\"url\":\"https:\/\/secure.gravatar.com\/avatar\/d703ff4895950b72b9c113f8cd4b9b6776461a2ad7fdd403e9bc5ae672bd10c2?s=96&d=mm&r=g\",\"contentUrl\":\"https:\/\/secure.gravatar.com\/avatar\/d703ff4895950b72b9c113f8cd4b9b6776461a2ad7fdd403e9bc5ae672bd10c2?s=96&d=mm&r=g\",\"caption\":\"sunna\"},\"url\":\"https:\/\/dev.borgarbyggd.is\/grunnborg\/author\/sunna\/\"}]}<\/script>\n<!-- \/ Yoast SEO plugin. -->","yoast_head_json":{"title":"Sk\u00f3lasetning haust 2025 - Grunnsk\u00f3linn \u00ed Borgarnesi","robots":{"index":"index","follow":"follow","max-snippet":"max-snippet:-1","max-image-preview":"max-image-preview:large","max-video-preview":"max-video-preview:-1"},"canonical":"https:\/\/dev.borgarbyggd.is\/grunnborg\/frettir\/skolasetning-haust-2025\/","og_locale":"en_US","og_type":"article","og_title":"Sk\u00f3lasetning haust 2025 - Grunnsk\u00f3linn \u00ed Borgarnesi","og_description":"&nbsp; Sk\u00f3la\u00e1ri\u00f0 2025 &#8211; 2026 hefst formlega me\u00f0 sk\u00f3lasetningu m\u00e1nudaginn 25. \u00e1g\u00fast Sk\u00f3laakstur ver\u00f0ur b\u00e6\u00f0i innanb\u00e6jar og \u00far dreifb\u00fdli. Vi\u00f0 viljum bi\u00f0ja \u00fe\u00e1 sem ekki \u00e6tla a\u00f0 n\u00fdta s\u00e9r akstur \u00far sveitinni a\u00f0 l\u00e1ta vita \u00ed s\u00edna b\u00edla. \u00c1\u00e6tla\u00f0 er a\u00f0 innanb\u00e6jarsk\u00f3lab\u00edll fari \u00far Sandv\u00edk kl. 9:40. B\u00edlar flytja nemendur heim a\u00f0 lokinni sk\u00f3lasetningu. Sk\u00f3lasetning fer fram 25. \u00e1g\u00fast \u00ed ... Read More","og_url":"https:\/\/dev.borgarbyggd.is\/grunnborg\/frettir\/skolasetning-haust-2025\/","og_site_name":"Grunnsk\u00f3linn \u00ed Borgarnesi","article_published_time":"2025-08-07T10:36:48+00:00","article_modified_time":"2025-08-08T11:16:28+00:00","og_image":[{"width":244,"height":90,"url":"https:\/\/dev.borgarbyggd.is\/grunnborg\/wp-content\/uploads\/sites\/2\/2025\/08\/thumbnail_Outlook-mqmwafps.png","type":"image\/png"}],"author":"sunna","twitter_card":"summary_large_image","twitter_misc":{"Written by":"sunna","Est. reading time":"1 minute"},"schema":{"@context":"https:\/\/schema.org","@graph":[{"@type":"WebPage","@id":"https:\/\/dev.borgarbyggd.is\/grunnborg\/frettir\/skolasetning-haust-2025\/","url":"https:\/\/dev.borgarbyggd.is\/grunnborg\/frettir\/skolasetning-haust-2025\/","name":"Sk\u00f3lasetning haust 2025 - Grunnsk\u00f3linn \u00ed Borgarnesi","isPartOf":{"@id":"https:\/\/dev.borgarbyggd.is\/grunnborg\/#website"},"primaryImageOfPage":{"@id":"https:\/\/dev.borgarbyggd.is\/grunnborg\/frettir\/skolasetning-haust-2025\/#primaryimage"},"image":{"@id":"https:\/\/dev.borgarbyggd.is\/grunnborg\/frettir\/skolasetning-haust-2025\/#primaryimage"},"thumbnailUrl":"https:\/\/dev.borgarbyggd.is\/grunnborg\/wp-content\/uploads\/sites\/2\/2025\/08\/thumbnail_Outlook-mqmwafps.png","datePublished":"2025-08-07T10:36:48+00:00","dateModified":"2025-08-08T11:16:28+00:00","author":{"@id":"https:\/\/dev.borgarbyggd.is\/grunnborg\/#\/schema\/person\/db4556fcf1c1b837fcec4f35f6edfe5d"},"breadcrumb":{"@id":"https:\/\/dev.borgarbyggd.is\/grunnborg\/frettir\/skolasetning-haust-2025\/#breadcrumb"},"inLanguage":"en-US","potentialAction":[{"@type":"ReadAction","target":["https:\/\/dev.borgarbyggd.is\/grunnborg\/frettir\/skolasetning-haust-2025\/"]}]},{"@type":"ImageObject","inLanguage":"en-US","@id":"https:\/\/dev.borgarbyggd.is\/grunnborg\/frettir\/skolasetning-haust-2025\/#primaryimage","url":"https:\/\/dev.borgarbyggd.is\/grunnborg\/wp-content\/uploads\/sites\/2\/2025\/08\/thumbnail_Outlook-mqmwafps.png","contentUrl":"https:\/\/dev.borgarbyggd.is\/grunnborg\/wp-content\/uploads\/sites\/2\/2025\/08\/thumbnail_Outlook-mqmwafps.png","width":244,"height":90},{"@type":"BreadcrumbList","@id":"https:\/\/dev.borgarbyggd.is\/grunnborg\/frettir\/skolasetning-haust-2025\/#breadcrumb","itemListElement":[{"@type":"ListItem","position":1,"name":"Home","item":"https:\/\/dev.borgarbyggd.is\/grunnborg\/"},{"@type":"ListItem","position":2,"name":"Sk\u00f3lasetning haust 2025"}]},{"@type":"WebSite","@id":"https:\/\/dev.borgarbyggd.is\/grunnborg\/#website","url":"https:\/\/dev.borgarbyggd.is\/grunnborg\/","name":"Grunnsk\u00f3linn \u00ed Borgarnesi","description":"","potentialAction":[{"@type":"SearchAction","target":{"@type":"EntryPoint","urlTemplate":"https:\/\/dev.borgarbyggd.is\/grunnborg\/?s={search_term_string}"},"query-input":{"@type":"PropertyValueSpecification","valueRequired":true,"valueName":"search_term_string"}}],"inLanguage":"en-US"},{"@type":"Person","@id":"https:\/\/dev.borgarbyggd.is\/grunnborg\/#\/schema\/person\/db4556fcf1c1b837fcec4f35f6edfe5d","name":"sunna","image":{"@type":"ImageObject","inLanguage":"en-US","@id":"https:\/\/dev.borgarbyggd.is\/grunnborg\/#\/schema\/person\/image\/","url":"https:\/\/secure.gravatar.com\/avatar\/d703ff4895950b72b9c113f8cd4b9b6776461a2ad7fdd403e9bc5ae672bd10c2?s=96&d=mm&r=g","contentUrl":"https:\/\/secure.gravatar.com\/avatar\/d703ff4895950b72b9c113f8cd4b9b6776461a2ad7fdd403e9bc5ae672bd10c2?s=96&d=mm&r=g","caption":"sunna"},"url":"https:\/\/dev.borgarbyggd.is\/grunnborg\/author\/sunna\/"}]}},"_links":{"self":[{"href":"https:\/\/dev.borgarbyggd.is\/grunnborg\/wp-json\/wp\/v2\/posts\/2137","targetHints":{"allow":["GET"]}}],"collection":[{"href":"https:\/\/dev.borgarbyggd.is\/grunnborg\/wp-json\/wp\/v2\/posts"}],"about":[{"href":"https:\/\/dev.borgarbyggd.is\/grunnborg\/wp-json\/wp\/v2\/types\/post"}],"author":[{"embeddable":true,"href":"https:\/\/dev.borgarbyggd.is\/grunnborg\/wp-json\/wp\/v2\/users\/47"}],"replies":[{"embeddable":true,"href":"https:\/\/dev.borgarbyggd.is\/grunnborg\/wp-json\/wp\/v2\/comments?post=2137"}],"version-history":[{"count":0,"href":"https:\/\/dev.borgarbyggd.is\/grunnborg\/wp-json\/wp\/v2\/posts\/2137\/revisions"}],"wp:featuredmedia":[{"embeddable":true,"href":"https:\/\/dev.borgarbyggd.is\/grunnborg\/wp-json\/wp\/v2\/media\/2136"}],"wp:attachment":[{"href":"https:\/\/dev.borgarbyggd.is\/grunnborg\/wp-json\/wp\/v2\/media?parent=2137"}],"wp:term":[{"taxonomy":"category","embeddable":true,"href":"https:\/\/dev.borgarbyggd.is\/grunnborg\/wp-json\/wp\/v2\/categories?post=2137"},{"taxonomy":"post_tag","embeddable":true,"href":"https:\/\/dev.borgarbyggd.is\/grunnborg\/wp-json\/wp\/v2\/tags?post=2137"}],"curies":[{"name":"wp","href":"https:\/\/api.w.org\/{rel}","templated":true}]}}