{"id":2128,"date":"2025-06-03T08:37:59","date_gmt":"2025-06-03T08:37:59","guid":{"rendered":"https:\/\/dev.borgarbyggd.is\/grunnborg\/?p=2128"},"modified":"2025-10-23T10:18:50","modified_gmt":"2025-10-23T10:18:50","slug":"skolaslit","status":"publish","type":"post","link":"https:\/\/dev.borgarbyggd.is\/grunnborg\/frettir\/skolaslit\/","title":{"rendered":"Sk\u00f3laslit 2025"},"content":{"rendered":"<h1 style=\"text-align: center\"><strong>Sk\u00f3laslit \u00ed Grunnsk\u00f3lanum \u00ed Borgarnesi \u00fe<\/strong>ri\u00f0judaginn 4. j\u00fan\u00ed<\/h1>\n<p>&nbsp;<\/p>\n<p>Sk\u00f3laslit Grunnsk\u00f3lans \u00ed Borgarnesi ver\u00f0a \u00feri\u00f0judaginn 4. j\u00fan\u00ed og eru \u00feau eru tv\u00edskipt. Annars vegar eru sk\u00f3laslit 1. \u2013 9. bekkja og hins vegar 10. bekkjar.<\/p>\n<p><strong>1. \u2013 9. bekkur<\/strong><\/p>\n<p>Nemendur m\u00e6ta vi\u00f0 sk\u00f3lann kl. 9.00 \u00feri\u00f0judaginn 4. j\u00fan\u00ed og ganga fylktu li\u00f0i \u00ed Skallagr\u00edmsgar\u00f0. \u00dear ra\u00f0ast nemendur 2. -9. bekkja \u00ed h\u00f3pa og fara \u00ed leiki.<\/p>\n<p>Nemendur 1. bekkjar ver\u00f0a \u00ed leikjum \u00ed Skallagr\u00edmsgar\u00f0i. \u00deau fara og f\u00e1 grilla\u00f0a pylsu \u00ed gar\u00f0inum \u00feegar \u00fea\u00f0 hentar inn \u00ed dagskr\u00e1 \u00feeirra. Foreldrar \u00feeirra eru velkomnir a\u00f0 vera me\u00f0.<\/p>\n<p>2. \u2013 9. bekkur fer \u00ed leiki. Bo\u00f0i\u00f0 ver\u00f0ur upp\u00e1 grilla\u00f0ar pylsur og safa. \u00deegar allir h\u00f3par hafa loki\u00f0 leik um kl. 10:30 er safnast saman \u00ed Skallagr\u00edmsgar\u00f0i \u00fear sem fram fer stutt dagskr\u00e1 og umsj\u00f3narkennarar afhenda vitnisbur\u00f0arbl\u00f6\u00f0.<\/p>\n<p>Sk\u00f3lab\u00edll innanb\u00e6jar fer \u00far Sandv\u00edk kl. 8:40 og til baka a\u00f0 lokinn ath\u00f6fn upp \u00far kl. 11. Eins ver\u00f0ur sk\u00f3laakstur \u00far dreifb\u00fdli \u00feannig a\u00f0 passi vi\u00f0 t\u00edmasetningar.<\/p>\n<p>Hvetjum alla til a\u00f0 taka mi\u00f0 af ve\u00f0ri hva\u00f0 kl\u00e6\u00f0abur\u00f0 var\u00f0ar. <strong>Um er a\u00f0 r\u00e6\u00f0a 2 klst. \u00fativeru.<\/strong><\/p>\n<p><strong>10. bekkur.<\/strong><\/p>\n<p>Ath\u00f6fnin fer fram \u00cd Hj\u00e1lmakletti og hefst kl. 16.30. \u00dear m\u00e6ta nemendur og a\u00f0standendur \u00feeirra auk starfsf\u00f3lks sk\u00f3lans.<\/p>\n","protected":false},"excerpt":{"rendered":"<p>Sk\u00f3laslit \u00ed Grunnsk\u00f3lanum \u00ed Borgarnesi \u00feri\u00f0judaginn 4. j\u00fan\u00ed &nbsp; Sk\u00f3laslit Grunnsk\u00f3lans \u00ed Borgarnesi ver\u00f0a \u00feri\u00f0judaginn 4. j\u00fan\u00ed og eru \u00feau eru tv\u00edskipt. Annars vegar eru sk\u00f3laslit 1. \u2013 9. bekkja og hins vegar 10. bekkjar. 1. \u2013 9. bekkur Nemendur m\u00e6ta vi\u00f0 sk\u00f3lann kl. 9.00 \u00feri\u00f0judaginn 4. j\u00fan\u00ed og ganga fylktu li\u00f0i \u00ed Skallagr\u00edmsgar\u00f0. \u00dear ra\u00f0ast nemendur 2. -9. bekkja &#8230; <\/p>\n<div><a href=\"https:\/\/dev.borgarbyggd.is\/grunnborg\/frettir\/skolaslit\/\" class=\"more-link\">Read More<\/a><\/div>\n","protected":false},"author":47,"featured_media":2170,"comment_status":"closed","ping_status":"closed","sticky":false,"template":"","format":"standard","meta":{"_acf_changed":false,"footnotes":""},"categories":[1],"tags":[],"class_list":["post-2128","post","type-post","status-publish","format-standard","has-post-thumbnail","hentry","category-frettir"],"acf":[],"yoast_head":"<!-- This site is optimized with the Yoast SEO plugin v24.0 - https:\/\/yoast.com\/wordpress\/plugins\/seo\/ -->\n<title>Sk\u00f3laslit 2025 - Grunnsk\u00f3linn \u00ed Borgarnesi<\/title>\n<meta name=\"robots\" content=\"index, follow, max-snippet:-1, max-image-preview:large, max-video-preview:-1\" \/>\n<link rel=\"canonical\" href=\"https:\/\/dev.borgarbyggd.is\/grunnborg\/frettir\/skolaslit\/\" \/>\n<meta property=\"og:locale\" content=\"en_US\" \/>\n<meta property=\"og:type\" content=\"article\" \/>\n<meta property=\"og:title\" content=\"Sk\u00f3laslit 2025 - Grunnsk\u00f3linn \u00ed Borgarnesi\" \/>\n<meta property=\"og:description\" content=\"Sk\u00f3laslit \u00ed Grunnsk\u00f3lanum \u00ed Borgarnesi \u00feri\u00f0judaginn 4. j\u00fan\u00ed &nbsp; Sk\u00f3laslit Grunnsk\u00f3lans \u00ed Borgarnesi ver\u00f0a \u00feri\u00f0judaginn 4. j\u00fan\u00ed og eru \u00feau eru tv\u00edskipt. Annars vegar eru sk\u00f3laslit 1. \u2013 9. bekkja og hins vegar 10. bekkjar. 1. \u2013 9. bekkur Nemendur m\u00e6ta vi\u00f0 sk\u00f3lann kl. 9.00 \u00feri\u00f0judaginn 4. j\u00fan\u00ed og ganga fylktu li\u00f0i \u00ed Skallagr\u00edmsgar\u00f0. \u00dear ra\u00f0ast nemendur 2. -9. bekkja ... Read More\" \/>\n<meta property=\"og:url\" content=\"https:\/\/dev.borgarbyggd.is\/grunnborg\/frettir\/skolaslit\/\" \/>\n<meta property=\"og:site_name\" content=\"Grunnsk\u00f3linn \u00ed Borgarnesi\" \/>\n<meta property=\"article:published_time\" content=\"2025-06-03T08:37:59+00:00\" \/>\n<meta property=\"article:modified_time\" content=\"2025-10-23T10:18:50+00:00\" \/>\n<meta property=\"og:image\" content=\"https:\/\/dev.borgarbyggd.is\/grunnborg\/wp-content\/uploads\/sites\/2\/2025\/06\/grunnskolinn.jpg\" \/>\n\t<meta property=\"og:image:width\" content=\"614\" \/>\n\t<meta property=\"og:image:height\" content=\"411\" \/>\n\t<meta property=\"og:image:type\" content=\"image\/jpeg\" \/>\n<meta name=\"author\" content=\"sunna\" \/>\n<meta name=\"twitter:card\" content=\"summary_large_image\" \/>\n<meta name=\"twitter:label1\" content=\"Written by\" \/>\n\t<meta name=\"twitter:data1\" content=\"sunna\" \/>\n\t<meta name=\"twitter:label2\" content=\"Est. reading time\" \/>\n\t<meta name=\"twitter:data2\" content=\"2 minutes\" \/>\n<script type=\"application\/ld+json\" class=\"yoast-schema-graph\">{\"@context\":\"https:\/\/schema.org\",\"@graph\":[{\"@type\":\"WebPage\",\"@id\":\"https:\/\/dev.borgarbyggd.is\/grunnborg\/frettir\/skolaslit\/\",\"url\":\"https:\/\/dev.borgarbyggd.is\/grunnborg\/frettir\/skolaslit\/\",\"name\":\"Sk\u00f3laslit 2025 - Grunnsk\u00f3linn \u00ed Borgarnesi\",\"isPartOf\":{\"@id\":\"https:\/\/dev.borgarbyggd.is\/grunnborg\/#website\"},\"primaryImageOfPage\":{\"@id\":\"https:\/\/dev.borgarbyggd.is\/grunnborg\/frettir\/skolaslit\/#primaryimage\"},\"image\":{\"@id\":\"https:\/\/dev.borgarbyggd.is\/grunnborg\/frettir\/skolaslit\/#primaryimage\"},\"thumbnailUrl\":\"https:\/\/dev.borgarbyggd.is\/grunnborg\/wp-content\/uploads\/sites\/2\/2025\/06\/grunnskolinn.jpg\",\"datePublished\":\"2025-06-03T08:37:59+00:00\",\"dateModified\":\"2025-10-23T10:18:50+00:00\",\"author\":{\"@id\":\"https:\/\/dev.borgarbyggd.is\/grunnborg\/#\/schema\/person\/db4556fcf1c1b837fcec4f35f6edfe5d\"},\"breadcrumb\":{\"@id\":\"https:\/\/dev.borgarbyggd.is\/grunnborg\/frettir\/skolaslit\/#breadcrumb\"},\"inLanguage\":\"en-US\",\"potentialAction\":[{\"@type\":\"ReadAction\",\"target\":[\"https:\/\/dev.borgarbyggd.is\/grunnborg\/frettir\/skolaslit\/\"]}]},{\"@type\":\"ImageObject\",\"inLanguage\":\"en-US\",\"@id\":\"https:\/\/dev.borgarbyggd.is\/grunnborg\/frettir\/skolaslit\/#primaryimage\",\"url\":\"https:\/\/dev.borgarbyggd.is\/grunnborg\/wp-content\/uploads\/sites\/2\/2025\/06\/grunnskolinn.jpg\",\"contentUrl\":\"https:\/\/dev.borgarbyggd.is\/grunnborg\/wp-content\/uploads\/sites\/2\/2025\/06\/grunnskolinn.jpg\",\"width\":614,\"height\":411},{\"@type\":\"BreadcrumbList\",\"@id\":\"https:\/\/dev.borgarbyggd.is\/grunnborg\/frettir\/skolaslit\/#breadcrumb\",\"itemListElement\":[{\"@type\":\"ListItem\",\"position\":1,\"name\":\"Home\",\"item\":\"https:\/\/dev.borgarbyggd.is\/grunnborg\/\"},{\"@type\":\"ListItem\",\"position\":2,\"name\":\"Sk\u00f3laslit 2025\"}]},{\"@type\":\"WebSite\",\"@id\":\"https:\/\/dev.borgarbyggd.is\/grunnborg\/#website\",\"url\":\"https:\/\/dev.borgarbyggd.is\/grunnborg\/\",\"name\":\"Grunnsk\u00f3linn \u00ed Borgarnesi\",\"description\":\"\",\"potentialAction\":[{\"@type\":\"SearchAction\",\"target\":{\"@type\":\"EntryPoint\",\"urlTemplate\":\"https:\/\/dev.borgarbyggd.is\/grunnborg\/?s={search_term_string}\"},\"query-input\":{\"@type\":\"PropertyValueSpecification\",\"valueRequired\":true,\"valueName\":\"search_term_string\"}}],\"inLanguage\":\"en-US\"},{\"@type\":\"Person\",\"@id\":\"https:\/\/dev.borgarbyggd.is\/grunnborg\/#\/schema\/person\/db4556fcf1c1b837fcec4f35f6edfe5d\",\"name\":\"sunna\",\"image\":{\"@type\":\"ImageObject\",\"inLanguage\":\"en-US\",\"@id\":\"https:\/\/dev.borgarbyggd.is\/grunnborg\/#\/schema\/person\/image\/\",\"url\":\"https:\/\/secure.gravatar.com\/avatar\/d703ff4895950b72b9c113f8cd4b9b6776461a2ad7fdd403e9bc5ae672bd10c2?s=96&d=mm&r=g\",\"contentUrl\":\"https:\/\/secure.gravatar.com\/avatar\/d703ff4895950b72b9c113f8cd4b9b6776461a2ad7fdd403e9bc5ae672bd10c2?s=96&d=mm&r=g\",\"caption\":\"sunna\"},\"url\":\"https:\/\/dev.borgarbyggd.is\/grunnborg\/author\/sunna\/\"}]}<\/script>\n<!-- \/ Yoast SEO plugin. -->","yoast_head_json":{"title":"Sk\u00f3laslit 2025 - Grunnsk\u00f3linn \u00ed Borgarnesi","robots":{"index":"index","follow":"follow","max-snippet":"max-snippet:-1","max-image-preview":"max-image-preview:large","max-video-preview":"max-video-preview:-1"},"canonical":"https:\/\/dev.borgarbyggd.is\/grunnborg\/frettir\/skolaslit\/","og_locale":"en_US","og_type":"article","og_title":"Sk\u00f3laslit 2025 - Grunnsk\u00f3linn \u00ed Borgarnesi","og_description":"Sk\u00f3laslit \u00ed Grunnsk\u00f3lanum \u00ed Borgarnesi \u00feri\u00f0judaginn 4. j\u00fan\u00ed &nbsp; Sk\u00f3laslit Grunnsk\u00f3lans \u00ed Borgarnesi ver\u00f0a \u00feri\u00f0judaginn 4. j\u00fan\u00ed og eru \u00feau eru tv\u00edskipt. Annars vegar eru sk\u00f3laslit 1. \u2013 9. bekkja og hins vegar 10. bekkjar. 1. \u2013 9. bekkur Nemendur m\u00e6ta vi\u00f0 sk\u00f3lann kl. 9.00 \u00feri\u00f0judaginn 4. j\u00fan\u00ed og ganga fylktu li\u00f0i \u00ed Skallagr\u00edmsgar\u00f0. \u00dear ra\u00f0ast nemendur 2. -9. bekkja ... Read More","og_url":"https:\/\/dev.borgarbyggd.is\/grunnborg\/frettir\/skolaslit\/","og_site_name":"Grunnsk\u00f3linn \u00ed Borgarnesi","article_published_time":"2025-06-03T08:37:59+00:00","article_modified_time":"2025-10-23T10:18:50+00:00","og_image":[{"width":614,"height":411,"url":"https:\/\/dev.borgarbyggd.is\/grunnborg\/wp-content\/uploads\/sites\/2\/2025\/06\/grunnskolinn.jpg","type":"image\/jpeg"}],"author":"sunna","twitter_card":"summary_large_image","twitter_misc":{"Written by":"sunna","Est. reading time":"2 minutes"},"schema":{"@context":"https:\/\/schema.org","@graph":[{"@type":"WebPage","@id":"https:\/\/dev.borgarbyggd.is\/grunnborg\/frettir\/skolaslit\/","url":"https:\/\/dev.borgarbyggd.is\/grunnborg\/frettir\/skolaslit\/","name":"Sk\u00f3laslit 2025 - Grunnsk\u00f3linn \u00ed Borgarnesi","isPartOf":{"@id":"https:\/\/dev.borgarbyggd.is\/grunnborg\/#website"},"primaryImageOfPage":{"@id":"https:\/\/dev.borgarbyggd.is\/grunnborg\/frettir\/skolaslit\/#primaryimage"},"image":{"@id":"https:\/\/dev.borgarbyggd.is\/grunnborg\/frettir\/skolaslit\/#primaryimage"},"thumbnailUrl":"https:\/\/dev.borgarbyggd.is\/grunnborg\/wp-content\/uploads\/sites\/2\/2025\/06\/grunnskolinn.jpg","datePublished":"2025-06-03T08:37:59+00:00","dateModified":"2025-10-23T10:18:50+00:00","author":{"@id":"https:\/\/dev.borgarbyggd.is\/grunnborg\/#\/schema\/person\/db4556fcf1c1b837fcec4f35f6edfe5d"},"breadcrumb":{"@id":"https:\/\/dev.borgarbyggd.is\/grunnborg\/frettir\/skolaslit\/#breadcrumb"},"inLanguage":"en-US","potentialAction":[{"@type":"ReadAction","target":["https:\/\/dev.borgarbyggd.is\/grunnborg\/frettir\/skolaslit\/"]}]},{"@type":"ImageObject","inLanguage":"en-US","@id":"https:\/\/dev.borgarbyggd.is\/grunnborg\/frettir\/skolaslit\/#primaryimage","url":"https:\/\/dev.borgarbyggd.is\/grunnborg\/wp-content\/uploads\/sites\/2\/2025\/06\/grunnskolinn.jpg","contentUrl":"https:\/\/dev.borgarbyggd.is\/grunnborg\/wp-content\/uploads\/sites\/2\/2025\/06\/grunnskolinn.jpg","width":614,"height":411},{"@type":"BreadcrumbList","@id":"https:\/\/dev.borgarbyggd.is\/grunnborg\/frettir\/skolaslit\/#breadcrumb","itemListElement":[{"@type":"ListItem","position":1,"name":"Home","item":"https:\/\/dev.borgarbyggd.is\/grunnborg\/"},{"@type":"ListItem","position":2,"name":"Sk\u00f3laslit 2025"}]},{"@type":"WebSite","@id":"https:\/\/dev.borgarbyggd.is\/grunnborg\/#website","url":"https:\/\/dev.borgarbyggd.is\/grunnborg\/","name":"Grunnsk\u00f3linn \u00ed Borgarnesi","description":"","potentialAction":[{"@type":"SearchAction","target":{"@type":"EntryPoint","urlTemplate":"https:\/\/dev.borgarbyggd.is\/grunnborg\/?s={search_term_string}"},"query-input":{"@type":"PropertyValueSpecification","valueRequired":true,"valueName":"search_term_string"}}],"inLanguage":"en-US"},{"@type":"Person","@id":"https:\/\/dev.borgarbyggd.is\/grunnborg\/#\/schema\/person\/db4556fcf1c1b837fcec4f35f6edfe5d","name":"sunna","image":{"@type":"ImageObject","inLanguage":"en-US","@id":"https:\/\/dev.borgarbyggd.is\/grunnborg\/#\/schema\/person\/image\/","url":"https:\/\/secure.gravatar.com\/avatar\/d703ff4895950b72b9c113f8cd4b9b6776461a2ad7fdd403e9bc5ae672bd10c2?s=96&d=mm&r=g","contentUrl":"https:\/\/secure.gravatar.com\/avatar\/d703ff4895950b72b9c113f8cd4b9b6776461a2ad7fdd403e9bc5ae672bd10c2?s=96&d=mm&r=g","caption":"sunna"},"url":"https:\/\/dev.borgarbyggd.is\/grunnborg\/author\/sunna\/"}]}},"_links":{"self":[{"href":"https:\/\/dev.borgarbyggd.is\/grunnborg\/wp-json\/wp\/v2\/posts\/2128","targetHints":{"allow":["GET"]}}],"collection":[{"href":"https:\/\/dev.borgarbyggd.is\/grunnborg\/wp-json\/wp\/v2\/posts"}],"about":[{"href":"https:\/\/dev.borgarbyggd.is\/grunnborg\/wp-json\/wp\/v2\/types\/post"}],"author":[{"embeddable":true,"href":"https:\/\/dev.borgarbyggd.is\/grunnborg\/wp-json\/wp\/v2\/users\/47"}],"replies":[{"embeddable":true,"href":"https:\/\/dev.borgarbyggd.is\/grunnborg\/wp-json\/wp\/v2\/comments?post=2128"}],"version-history":[{"count":0,"href":"https:\/\/dev.borgarbyggd.is\/grunnborg\/wp-json\/wp\/v2\/posts\/2128\/revisions"}],"wp:featuredmedia":[{"embeddable":true,"href":"https:\/\/dev.borgarbyggd.is\/grunnborg\/wp-json\/wp\/v2\/media\/2170"}],"wp:attachment":[{"href":"https:\/\/dev.borgarbyggd.is\/grunnborg\/wp-json\/wp\/v2\/media?parent=2128"}],"wp:term":[{"taxonomy":"category","embeddable":true,"href":"https:\/\/dev.borgarbyggd.is\/grunnborg\/wp-json\/wp\/v2\/categories?post=2128"},{"taxonomy":"post_tag","embeddable":true,"href":"https:\/\/dev.borgarbyggd.is\/grunnborg\/wp-json\/wp\/v2\/tags?post=2128"}],"curies":[{"name":"wp","href":"https:\/\/api.w.org\/{rel}","templated":true}]}}