{"id":2121,"date":"2025-05-07T11:10:56","date_gmt":"2025-05-07T11:10:56","guid":{"rendered":"https:\/\/dev.borgarbyggd.is\/grunnborg\/?p=2121"},"modified":"2025-05-09T08:27:15","modified_gmt":"2025-05-09T08:27:15","slug":"opinn-dagur-i-grunnskolanum-i-borgarnesi","status":"publish","type":"post","link":"https:\/\/dev.borgarbyggd.is\/grunnborg\/frettir\/opinn-dagur-i-grunnskolanum-i-borgarnesi\/","title":{"rendered":"Opinn dagur \u00ed Grunnsk\u00f3lanum \u00ed Borgarnesi"},"content":{"rendered":"<p>&nbsp;<\/p>\n<h2>Opinn dagur \u00ed Grunnsk\u00f3lanum \u00ed Borgarnesi mi\u00f0vikudaginn 14. ma\u00ed fr\u00e1 kl. 10:00-13:00<\/h2>\n<p>&nbsp;<\/p>\n<h4>Foreldrum og \u00f6\u00f0rum velunnurum sk\u00f3lans er bo\u00f0i\u00f0 \u00ed heims\u00f3kn til a\u00f0 sko\u00f0a sk\u00f3lann og kynna s\u00e9r starfi\u00f0. 9. bekkur ver\u00f0ur me\u00f0 kaffih\u00fas \u00fear sem kaupa m\u00e1 lj\u00faffengar veitingar. Allur \u00e1g\u00f3\u00f0i rennur \u00ed fer\u00f0asj\u00f3\u00f0 nemenda.<\/h4>\n<h2>\u00d6ll velkomin!<\/h2>\n","protected":false},"excerpt":{"rendered":"<p>&nbsp; Opinn dagur \u00ed Grunnsk\u00f3lanum \u00ed Borgarnesi mi\u00f0vikudaginn 14. ma\u00ed fr\u00e1 kl. 10:00-13:00 &nbsp; Foreldrum og \u00f6\u00f0rum velunnurum sk\u00f3lans er bo\u00f0i\u00f0 \u00ed heims\u00f3kn til a\u00f0 sko\u00f0a sk\u00f3lann og kynna s\u00e9r starfi\u00f0. 9. bekkur ver\u00f0ur me\u00f0 kaffih\u00fas \u00fear sem kaupa m\u00e1 lj\u00faffengar veitingar. Allur \u00e1g\u00f3\u00f0i rennur \u00ed fer\u00f0asj\u00f3\u00f0 nemenda. \u00d6ll velkomin!<\/p>\n","protected":false},"author":47,"featured_media":2122,"comment_status":"closed","ping_status":"closed","sticky":false,"template":"","format":"image","meta":{"_acf_changed":false,"footnotes":""},"categories":[1],"tags":[],"class_list":["post-2121","post","type-post","status-publish","format-image","has-post-thumbnail","hentry","category-frettir","post_format-post-format-image"],"acf":[],"yoast_head":"<!-- This site is optimized with the Yoast SEO plugin v24.0 - https:\/\/yoast.com\/wordpress\/plugins\/seo\/ -->\n<title>Opinn dagur \u00ed Grunnsk\u00f3lanum \u00ed Borgarnesi - Grunnsk\u00f3linn \u00ed Borgarnesi<\/title>\n<meta name=\"robots\" content=\"index, follow, max-snippet:-1, max-image-preview:large, max-video-preview:-1\" \/>\n<link rel=\"canonical\" href=\"https:\/\/dev.borgarbyggd.is\/grunnborg\/frettir\/opinn-dagur-i-grunnskolanum-i-borgarnesi\/\" \/>\n<meta property=\"og:locale\" content=\"en_US\" \/>\n<meta property=\"og:type\" content=\"article\" \/>\n<meta property=\"og:title\" content=\"Opinn dagur \u00ed Grunnsk\u00f3lanum \u00ed Borgarnesi - Grunnsk\u00f3linn \u00ed Borgarnesi\" \/>\n<meta property=\"og:description\" content=\"&nbsp; Opinn dagur \u00ed Grunnsk\u00f3lanum \u00ed Borgarnesi mi\u00f0vikudaginn 14. ma\u00ed fr\u00e1 kl. 10:00-13:00 &nbsp; Foreldrum og \u00f6\u00f0rum velunnurum sk\u00f3lans er bo\u00f0i\u00f0 \u00ed heims\u00f3kn til a\u00f0 sko\u00f0a sk\u00f3lann og kynna s\u00e9r starfi\u00f0. 9. bekkur ver\u00f0ur me\u00f0 kaffih\u00fas \u00fear sem kaupa m\u00e1 lj\u00faffengar veitingar. Allur \u00e1g\u00f3\u00f0i rennur \u00ed fer\u00f0asj\u00f3\u00f0 nemenda. \u00d6ll velkomin!\" \/>\n<meta property=\"og:url\" content=\"https:\/\/dev.borgarbyggd.is\/grunnborg\/frettir\/opinn-dagur-i-grunnskolanum-i-borgarnesi\/\" \/>\n<meta property=\"og:site_name\" content=\"Grunnsk\u00f3linn \u00ed Borgarnesi\" \/>\n<meta property=\"article:published_time\" content=\"2025-05-07T11:10:56+00:00\" \/>\n<meta property=\"article:modified_time\" content=\"2025-05-09T08:27:15+00:00\" \/>\n<meta property=\"og:image\" content=\"https:\/\/dev.borgarbyggd.is\/grunnborg\/wp-content\/uploads\/sites\/2\/2025\/05\/Opinn-dagur-e1746622186350.jpg\" \/>\n\t<meta property=\"og:image:width\" content=\"518\" \/>\n\t<meta property=\"og:image:height\" content=\"288\" \/>\n\t<meta property=\"og:image:type\" content=\"image\/jpeg\" \/>\n<meta name=\"author\" content=\"sunna\" \/>\n<meta name=\"twitter:card\" content=\"summary_large_image\" \/>\n<meta name=\"twitter:label1\" content=\"Written by\" \/>\n\t<meta name=\"twitter:data1\" content=\"sunna\" \/>\n\t<meta name=\"twitter:label2\" content=\"Est. reading time\" \/>\n\t<meta name=\"twitter:data2\" content=\"1 minute\" \/>\n<script type=\"application\/ld+json\" class=\"yoast-schema-graph\">{\"@context\":\"https:\/\/schema.org\",\"@graph\":[{\"@type\":\"WebPage\",\"@id\":\"https:\/\/dev.borgarbyggd.is\/grunnborg\/frettir\/opinn-dagur-i-grunnskolanum-i-borgarnesi\/\",\"url\":\"https:\/\/dev.borgarbyggd.is\/grunnborg\/frettir\/opinn-dagur-i-grunnskolanum-i-borgarnesi\/\",\"name\":\"Opinn dagur \u00ed Grunnsk\u00f3lanum \u00ed Borgarnesi - Grunnsk\u00f3linn \u00ed Borgarnesi\",\"isPartOf\":{\"@id\":\"https:\/\/dev.borgarbyggd.is\/grunnborg\/#website\"},\"primaryImageOfPage\":{\"@id\":\"https:\/\/dev.borgarbyggd.is\/grunnborg\/frettir\/opinn-dagur-i-grunnskolanum-i-borgarnesi\/#primaryimage\"},\"image\":{\"@id\":\"https:\/\/dev.borgarbyggd.is\/grunnborg\/frettir\/opinn-dagur-i-grunnskolanum-i-borgarnesi\/#primaryimage\"},\"thumbnailUrl\":\"https:\/\/dev.borgarbyggd.is\/grunnborg\/wp-content\/uploads\/sites\/2\/2025\/05\/Opinn-dagur-e1746622186350.jpg\",\"datePublished\":\"2025-05-07T11:10:56+00:00\",\"dateModified\":\"2025-05-09T08:27:15+00:00\",\"author\":{\"@id\":\"https:\/\/dev.borgarbyggd.is\/grunnborg\/#\/schema\/person\/db4556fcf1c1b837fcec4f35f6edfe5d\"},\"breadcrumb\":{\"@id\":\"https:\/\/dev.borgarbyggd.is\/grunnborg\/frettir\/opinn-dagur-i-grunnskolanum-i-borgarnesi\/#breadcrumb\"},\"inLanguage\":\"en-US\",\"potentialAction\":[{\"@type\":\"ReadAction\",\"target\":[\"https:\/\/dev.borgarbyggd.is\/grunnborg\/frettir\/opinn-dagur-i-grunnskolanum-i-borgarnesi\/\"]}]},{\"@type\":\"ImageObject\",\"inLanguage\":\"en-US\",\"@id\":\"https:\/\/dev.borgarbyggd.is\/grunnborg\/frettir\/opinn-dagur-i-grunnskolanum-i-borgarnesi\/#primaryimage\",\"url\":\"https:\/\/dev.borgarbyggd.is\/grunnborg\/wp-content\/uploads\/sites\/2\/2025\/05\/Opinn-dagur-e1746622186350.jpg\",\"contentUrl\":\"https:\/\/dev.borgarbyggd.is\/grunnborg\/wp-content\/uploads\/sites\/2\/2025\/05\/Opinn-dagur-e1746622186350.jpg\",\"width\":518,\"height\":288},{\"@type\":\"BreadcrumbList\",\"@id\":\"https:\/\/dev.borgarbyggd.is\/grunnborg\/frettir\/opinn-dagur-i-grunnskolanum-i-borgarnesi\/#breadcrumb\",\"itemListElement\":[{\"@type\":\"ListItem\",\"position\":1,\"name\":\"Home\",\"item\":\"https:\/\/dev.borgarbyggd.is\/grunnborg\/\"},{\"@type\":\"ListItem\",\"position\":2,\"name\":\"Opinn dagur \u00ed Grunnsk\u00f3lanum \u00ed Borgarnesi\"}]},{\"@type\":\"WebSite\",\"@id\":\"https:\/\/dev.borgarbyggd.is\/grunnborg\/#website\",\"url\":\"https:\/\/dev.borgarbyggd.is\/grunnborg\/\",\"name\":\"Grunnsk\u00f3linn \u00ed Borgarnesi\",\"description\":\"\",\"potentialAction\":[{\"@type\":\"SearchAction\",\"target\":{\"@type\":\"EntryPoint\",\"urlTemplate\":\"https:\/\/dev.borgarbyggd.is\/grunnborg\/?s={search_term_string}\"},\"query-input\":{\"@type\":\"PropertyValueSpecification\",\"valueRequired\":true,\"valueName\":\"search_term_string\"}}],\"inLanguage\":\"en-US\"},{\"@type\":\"Person\",\"@id\":\"https:\/\/dev.borgarbyggd.is\/grunnborg\/#\/schema\/person\/db4556fcf1c1b837fcec4f35f6edfe5d\",\"name\":\"sunna\",\"image\":{\"@type\":\"ImageObject\",\"inLanguage\":\"en-US\",\"@id\":\"https:\/\/dev.borgarbyggd.is\/grunnborg\/#\/schema\/person\/image\/\",\"url\":\"https:\/\/secure.gravatar.com\/avatar\/d703ff4895950b72b9c113f8cd4b9b6776461a2ad7fdd403e9bc5ae672bd10c2?s=96&d=mm&r=g\",\"contentUrl\":\"https:\/\/secure.gravatar.com\/avatar\/d703ff4895950b72b9c113f8cd4b9b6776461a2ad7fdd403e9bc5ae672bd10c2?s=96&d=mm&r=g\",\"caption\":\"sunna\"},\"url\":\"https:\/\/dev.borgarbyggd.is\/grunnborg\/author\/sunna\/\"}]}<\/script>\n<!-- \/ Yoast SEO plugin. -->","yoast_head_json":{"title":"Opinn dagur \u00ed Grunnsk\u00f3lanum \u00ed Borgarnesi - Grunnsk\u00f3linn \u00ed Borgarnesi","robots":{"index":"index","follow":"follow","max-snippet":"max-snippet:-1","max-image-preview":"max-image-preview:large","max-video-preview":"max-video-preview:-1"},"canonical":"https:\/\/dev.borgarbyggd.is\/grunnborg\/frettir\/opinn-dagur-i-grunnskolanum-i-borgarnesi\/","og_locale":"en_US","og_type":"article","og_title":"Opinn dagur \u00ed Grunnsk\u00f3lanum \u00ed Borgarnesi - Grunnsk\u00f3linn \u00ed Borgarnesi","og_description":"&nbsp; Opinn dagur \u00ed Grunnsk\u00f3lanum \u00ed Borgarnesi mi\u00f0vikudaginn 14. ma\u00ed fr\u00e1 kl. 10:00-13:00 &nbsp; Foreldrum og \u00f6\u00f0rum velunnurum sk\u00f3lans er bo\u00f0i\u00f0 \u00ed heims\u00f3kn til a\u00f0 sko\u00f0a sk\u00f3lann og kynna s\u00e9r starfi\u00f0. 9. bekkur ver\u00f0ur me\u00f0 kaffih\u00fas \u00fear sem kaupa m\u00e1 lj\u00faffengar veitingar. Allur \u00e1g\u00f3\u00f0i rennur \u00ed fer\u00f0asj\u00f3\u00f0 nemenda. \u00d6ll velkomin!","og_url":"https:\/\/dev.borgarbyggd.is\/grunnborg\/frettir\/opinn-dagur-i-grunnskolanum-i-borgarnesi\/","og_site_name":"Grunnsk\u00f3linn \u00ed Borgarnesi","article_published_time":"2025-05-07T11:10:56+00:00","article_modified_time":"2025-05-09T08:27:15+00:00","og_image":[{"width":518,"height":288,"url":"https:\/\/dev.borgarbyggd.is\/grunnborg\/wp-content\/uploads\/sites\/2\/2025\/05\/Opinn-dagur-e1746622186350.jpg","type":"image\/jpeg"}],"author":"sunna","twitter_card":"summary_large_image","twitter_misc":{"Written by":"sunna","Est. reading time":"1 minute"},"schema":{"@context":"https:\/\/schema.org","@graph":[{"@type":"WebPage","@id":"https:\/\/dev.borgarbyggd.is\/grunnborg\/frettir\/opinn-dagur-i-grunnskolanum-i-borgarnesi\/","url":"https:\/\/dev.borgarbyggd.is\/grunnborg\/frettir\/opinn-dagur-i-grunnskolanum-i-borgarnesi\/","name":"Opinn dagur \u00ed Grunnsk\u00f3lanum \u00ed Borgarnesi - Grunnsk\u00f3linn \u00ed Borgarnesi","isPartOf":{"@id":"https:\/\/dev.borgarbyggd.is\/grunnborg\/#website"},"primaryImageOfPage":{"@id":"https:\/\/dev.borgarbyggd.is\/grunnborg\/frettir\/opinn-dagur-i-grunnskolanum-i-borgarnesi\/#primaryimage"},"image":{"@id":"https:\/\/dev.borgarbyggd.is\/grunnborg\/frettir\/opinn-dagur-i-grunnskolanum-i-borgarnesi\/#primaryimage"},"thumbnailUrl":"https:\/\/dev.borgarbyggd.is\/grunnborg\/wp-content\/uploads\/sites\/2\/2025\/05\/Opinn-dagur-e1746622186350.jpg","datePublished":"2025-05-07T11:10:56+00:00","dateModified":"2025-05-09T08:27:15+00:00","author":{"@id":"https:\/\/dev.borgarbyggd.is\/grunnborg\/#\/schema\/person\/db4556fcf1c1b837fcec4f35f6edfe5d"},"breadcrumb":{"@id":"https:\/\/dev.borgarbyggd.is\/grunnborg\/frettir\/opinn-dagur-i-grunnskolanum-i-borgarnesi\/#breadcrumb"},"inLanguage":"en-US","potentialAction":[{"@type":"ReadAction","target":["https:\/\/dev.borgarbyggd.is\/grunnborg\/frettir\/opinn-dagur-i-grunnskolanum-i-borgarnesi\/"]}]},{"@type":"ImageObject","inLanguage":"en-US","@id":"https:\/\/dev.borgarbyggd.is\/grunnborg\/frettir\/opinn-dagur-i-grunnskolanum-i-borgarnesi\/#primaryimage","url":"https:\/\/dev.borgarbyggd.is\/grunnborg\/wp-content\/uploads\/sites\/2\/2025\/05\/Opinn-dagur-e1746622186350.jpg","contentUrl":"https:\/\/dev.borgarbyggd.is\/grunnborg\/wp-content\/uploads\/sites\/2\/2025\/05\/Opinn-dagur-e1746622186350.jpg","width":518,"height":288},{"@type":"BreadcrumbList","@id":"https:\/\/dev.borgarbyggd.is\/grunnborg\/frettir\/opinn-dagur-i-grunnskolanum-i-borgarnesi\/#breadcrumb","itemListElement":[{"@type":"ListItem","position":1,"name":"Home","item":"https:\/\/dev.borgarbyggd.is\/grunnborg\/"},{"@type":"ListItem","position":2,"name":"Opinn dagur \u00ed Grunnsk\u00f3lanum \u00ed Borgarnesi"}]},{"@type":"WebSite","@id":"https:\/\/dev.borgarbyggd.is\/grunnborg\/#website","url":"https:\/\/dev.borgarbyggd.is\/grunnborg\/","name":"Grunnsk\u00f3linn \u00ed Borgarnesi","description":"","potentialAction":[{"@type":"SearchAction","target":{"@type":"EntryPoint","urlTemplate":"https:\/\/dev.borgarbyggd.is\/grunnborg\/?s={search_term_string}"},"query-input":{"@type":"PropertyValueSpecification","valueRequired":true,"valueName":"search_term_string"}}],"inLanguage":"en-US"},{"@type":"Person","@id":"https:\/\/dev.borgarbyggd.is\/grunnborg\/#\/schema\/person\/db4556fcf1c1b837fcec4f35f6edfe5d","name":"sunna","image":{"@type":"ImageObject","inLanguage":"en-US","@id":"https:\/\/dev.borgarbyggd.is\/grunnborg\/#\/schema\/person\/image\/","url":"https:\/\/secure.gravatar.com\/avatar\/d703ff4895950b72b9c113f8cd4b9b6776461a2ad7fdd403e9bc5ae672bd10c2?s=96&d=mm&r=g","contentUrl":"https:\/\/secure.gravatar.com\/avatar\/d703ff4895950b72b9c113f8cd4b9b6776461a2ad7fdd403e9bc5ae672bd10c2?s=96&d=mm&r=g","caption":"sunna"},"url":"https:\/\/dev.borgarbyggd.is\/grunnborg\/author\/sunna\/"}]}},"_links":{"self":[{"href":"https:\/\/dev.borgarbyggd.is\/grunnborg\/wp-json\/wp\/v2\/posts\/2121","targetHints":{"allow":["GET"]}}],"collection":[{"href":"https:\/\/dev.borgarbyggd.is\/grunnborg\/wp-json\/wp\/v2\/posts"}],"about":[{"href":"https:\/\/dev.borgarbyggd.is\/grunnborg\/wp-json\/wp\/v2\/types\/post"}],"author":[{"embeddable":true,"href":"https:\/\/dev.borgarbyggd.is\/grunnborg\/wp-json\/wp\/v2\/users\/47"}],"replies":[{"embeddable":true,"href":"https:\/\/dev.borgarbyggd.is\/grunnborg\/wp-json\/wp\/v2\/comments?post=2121"}],"version-history":[{"count":0,"href":"https:\/\/dev.borgarbyggd.is\/grunnborg\/wp-json\/wp\/v2\/posts\/2121\/revisions"}],"wp:featuredmedia":[{"embeddable":true,"href":"https:\/\/dev.borgarbyggd.is\/grunnborg\/wp-json\/wp\/v2\/media\/2122"}],"wp:attachment":[{"href":"https:\/\/dev.borgarbyggd.is\/grunnborg\/wp-json\/wp\/v2\/media?parent=2121"}],"wp:term":[{"taxonomy":"category","embeddable":true,"href":"https:\/\/dev.borgarbyggd.is\/grunnborg\/wp-json\/wp\/v2\/categories?post=2121"},{"taxonomy":"post_tag","embeddable":true,"href":"https:\/\/dev.borgarbyggd.is\/grunnborg\/wp-json\/wp\/v2\/tags?post=2121"}],"curies":[{"name":"wp","href":"https:\/\/api.w.org\/{rel}","templated":true}]}}