{"id":2107,"date":"2025-04-09T08:10:45","date_gmt":"2025-04-09T08:10:45","guid":{"rendered":"https:\/\/dev.borgarbyggd.is\/grunnborg\/?p=2107"},"modified":"2025-04-09T14:30:33","modified_gmt":"2025-04-09T14:30:33","slug":"arshatid-grunnskolans-i-borgarnesi-2025","status":"publish","type":"post","link":"https:\/\/dev.borgarbyggd.is\/grunnborg\/frettir\/arshatid-grunnskolans-i-borgarnesi-2025\/","title":{"rendered":"\u00c1rsh\u00e1t\u00ed\u00f0 Grunnsk\u00f3lans \u00ed Borgarnesi"},"content":{"rendered":"<h1>Fimmtudaginn 10. apr\u00edl!<\/h1>\n<p>\u00deema \u00e1rsh\u00e1t\u00ed\u00f0arinnar er frelsi, og munu nemendur sk\u00f3lans t\u00falka \u00fea\u00f0 \u00e1 fj\u00f6lbreyttan h\u00e1tt.<\/p>\n<p>A\u00f0gangseyrir er 1.000 kr\u00f3nur fyrir 16 \u00e1ra og eldri en fr\u00edtt fyrir 15 \u00e1ra og yngri.<br \/>\nEnginn posi er \u00e1 sta\u00f0num. \u00c1g\u00f3\u00f0inn rennur \u00ed fer\u00f0asj\u00f3\u00f0 nemenda.<\/p>\n<p>&nbsp;<\/p>\n","protected":false},"excerpt":{"rendered":"<p>Fimmtudaginn 10. apr\u00edl! \u00deema \u00e1rsh\u00e1t\u00ed\u00f0arinnar er frelsi, og munu nemendur sk\u00f3lans t\u00falka \u00fea\u00f0 \u00e1 fj\u00f6lbreyttan h\u00e1tt. A\u00f0gangseyrir er 1.000 kr\u00f3nur fyrir 16 \u00e1ra og eldri en fr\u00edtt fyrir 15 \u00e1ra og yngri. Enginn posi er \u00e1 sta\u00f0num. \u00c1g\u00f3\u00f0inn rennur \u00ed fer\u00f0asj\u00f3\u00f0 nemenda. &nbsp;<\/p>\n","protected":false},"author":47,"featured_media":2114,"comment_status":"closed","ping_status":"closed","sticky":false,"template":"","format":"image","meta":{"_acf_changed":false,"footnotes":""},"categories":[1],"tags":[],"class_list":["post-2107","post","type-post","status-publish","format-image","has-post-thumbnail","hentry","category-frettir","post_format-post-format-image"],"acf":[],"yoast_head":"<!-- This site is optimized with the Yoast SEO plugin v24.0 - https:\/\/yoast.com\/wordpress\/plugins\/seo\/ -->\n<title>\u00c1rsh\u00e1t\u00ed\u00f0 Grunnsk\u00f3lans \u00ed Borgarnesi - Grunnsk\u00f3linn \u00ed Borgarnesi<\/title>\n<meta name=\"robots\" content=\"index, follow, max-snippet:-1, max-image-preview:large, max-video-preview:-1\" \/>\n<link rel=\"canonical\" href=\"https:\/\/dev.borgarbyggd.is\/grunnborg\/frettir\/arshatid-grunnskolans-i-borgarnesi-2025\/\" \/>\n<meta property=\"og:locale\" content=\"en_US\" \/>\n<meta property=\"og:type\" content=\"article\" \/>\n<meta property=\"og:title\" content=\"\u00c1rsh\u00e1t\u00ed\u00f0 Grunnsk\u00f3lans \u00ed Borgarnesi - Grunnsk\u00f3linn \u00ed Borgarnesi\" \/>\n<meta property=\"og:description\" content=\"Fimmtudaginn 10. apr\u00edl! \u00deema \u00e1rsh\u00e1t\u00ed\u00f0arinnar er frelsi, og munu nemendur sk\u00f3lans t\u00falka \u00fea\u00f0 \u00e1 fj\u00f6lbreyttan h\u00e1tt. A\u00f0gangseyrir er 1.000 kr\u00f3nur fyrir 16 \u00e1ra og eldri en fr\u00edtt fyrir 15 \u00e1ra og yngri. Enginn posi er \u00e1 sta\u00f0num. \u00c1g\u00f3\u00f0inn rennur \u00ed fer\u00f0asj\u00f3\u00f0 nemenda. &nbsp;\" \/>\n<meta property=\"og:url\" content=\"https:\/\/dev.borgarbyggd.is\/grunnborg\/frettir\/arshatid-grunnskolans-i-borgarnesi-2025\/\" \/>\n<meta property=\"og:site_name\" content=\"Grunnsk\u00f3linn \u00ed Borgarnesi\" \/>\n<meta property=\"article:published_time\" content=\"2025-04-09T08:10:45+00:00\" \/>\n<meta property=\"article:modified_time\" content=\"2025-04-09T14:30:33+00:00\" \/>\n<meta property=\"og:image\" content=\"https:\/\/dev.borgarbyggd.is\/grunnborg\/wp-content\/uploads\/sites\/2\/2025\/04\/thumbnail_Arshatid-augl2025-ny-1.png\" \/>\n\t<meta property=\"og:image:width\" content=\"1587\" \/>\n\t<meta property=\"og:image:height\" content=\"1329\" \/>\n\t<meta property=\"og:image:type\" content=\"image\/png\" \/>\n<meta name=\"author\" content=\"sunna\" \/>\n<meta name=\"twitter:card\" content=\"summary_large_image\" \/>\n<meta name=\"twitter:label1\" content=\"Written by\" \/>\n\t<meta name=\"twitter:data1\" content=\"sunna\" \/>\n\t<meta name=\"twitter:label2\" content=\"Est. reading time\" \/>\n\t<meta name=\"twitter:data2\" content=\"1 minute\" \/>\n<script type=\"application\/ld+json\" class=\"yoast-schema-graph\">{\"@context\":\"https:\/\/schema.org\",\"@graph\":[{\"@type\":\"WebPage\",\"@id\":\"https:\/\/dev.borgarbyggd.is\/grunnborg\/frettir\/arshatid-grunnskolans-i-borgarnesi-2025\/\",\"url\":\"https:\/\/dev.borgarbyggd.is\/grunnborg\/frettir\/arshatid-grunnskolans-i-borgarnesi-2025\/\",\"name\":\"\u00c1rsh\u00e1t\u00ed\u00f0 Grunnsk\u00f3lans \u00ed Borgarnesi - Grunnsk\u00f3linn \u00ed Borgarnesi\",\"isPartOf\":{\"@id\":\"https:\/\/dev.borgarbyggd.is\/grunnborg\/#website\"},\"primaryImageOfPage\":{\"@id\":\"https:\/\/dev.borgarbyggd.is\/grunnborg\/frettir\/arshatid-grunnskolans-i-borgarnesi-2025\/#primaryimage\"},\"image\":{\"@id\":\"https:\/\/dev.borgarbyggd.is\/grunnborg\/frettir\/arshatid-grunnskolans-i-borgarnesi-2025\/#primaryimage\"},\"thumbnailUrl\":\"https:\/\/dev.borgarbyggd.is\/grunnborg\/wp-content\/uploads\/sites\/2\/2025\/04\/thumbnail_Arshatid-augl2025-ny-1.png\",\"datePublished\":\"2025-04-09T08:10:45+00:00\",\"dateModified\":\"2025-04-09T14:30:33+00:00\",\"author\":{\"@id\":\"https:\/\/dev.borgarbyggd.is\/grunnborg\/#\/schema\/person\/db4556fcf1c1b837fcec4f35f6edfe5d\"},\"breadcrumb\":{\"@id\":\"https:\/\/dev.borgarbyggd.is\/grunnborg\/frettir\/arshatid-grunnskolans-i-borgarnesi-2025\/#breadcrumb\"},\"inLanguage\":\"en-US\",\"potentialAction\":[{\"@type\":\"ReadAction\",\"target\":[\"https:\/\/dev.borgarbyggd.is\/grunnborg\/frettir\/arshatid-grunnskolans-i-borgarnesi-2025\/\"]}]},{\"@type\":\"ImageObject\",\"inLanguage\":\"en-US\",\"@id\":\"https:\/\/dev.borgarbyggd.is\/grunnborg\/frettir\/arshatid-grunnskolans-i-borgarnesi-2025\/#primaryimage\",\"url\":\"https:\/\/dev.borgarbyggd.is\/grunnborg\/wp-content\/uploads\/sites\/2\/2025\/04\/thumbnail_Arshatid-augl2025-ny-1.png\",\"contentUrl\":\"https:\/\/dev.borgarbyggd.is\/grunnborg\/wp-content\/uploads\/sites\/2\/2025\/04\/thumbnail_Arshatid-augl2025-ny-1.png\",\"width\":1587,\"height\":1329},{\"@type\":\"BreadcrumbList\",\"@id\":\"https:\/\/dev.borgarbyggd.is\/grunnborg\/frettir\/arshatid-grunnskolans-i-borgarnesi-2025\/#breadcrumb\",\"itemListElement\":[{\"@type\":\"ListItem\",\"position\":1,\"name\":\"Home\",\"item\":\"https:\/\/dev.borgarbyggd.is\/grunnborg\/\"},{\"@type\":\"ListItem\",\"position\":2,\"name\":\"\u00c1rsh\u00e1t\u00ed\u00f0 Grunnsk\u00f3lans \u00ed Borgarnesi\"}]},{\"@type\":\"WebSite\",\"@id\":\"https:\/\/dev.borgarbyggd.is\/grunnborg\/#website\",\"url\":\"https:\/\/dev.borgarbyggd.is\/grunnborg\/\",\"name\":\"Grunnsk\u00f3linn \u00ed Borgarnesi\",\"description\":\"\",\"potentialAction\":[{\"@type\":\"SearchAction\",\"target\":{\"@type\":\"EntryPoint\",\"urlTemplate\":\"https:\/\/dev.borgarbyggd.is\/grunnborg\/?s={search_term_string}\"},\"query-input\":{\"@type\":\"PropertyValueSpecification\",\"valueRequired\":true,\"valueName\":\"search_term_string\"}}],\"inLanguage\":\"en-US\"},{\"@type\":\"Person\",\"@id\":\"https:\/\/dev.borgarbyggd.is\/grunnborg\/#\/schema\/person\/db4556fcf1c1b837fcec4f35f6edfe5d\",\"name\":\"sunna\",\"image\":{\"@type\":\"ImageObject\",\"inLanguage\":\"en-US\",\"@id\":\"https:\/\/dev.borgarbyggd.is\/grunnborg\/#\/schema\/person\/image\/\",\"url\":\"https:\/\/secure.gravatar.com\/avatar\/d703ff4895950b72b9c113f8cd4b9b6776461a2ad7fdd403e9bc5ae672bd10c2?s=96&d=mm&r=g\",\"contentUrl\":\"https:\/\/secure.gravatar.com\/avatar\/d703ff4895950b72b9c113f8cd4b9b6776461a2ad7fdd403e9bc5ae672bd10c2?s=96&d=mm&r=g\",\"caption\":\"sunna\"},\"url\":\"https:\/\/dev.borgarbyggd.is\/grunnborg\/author\/sunna\/\"}]}<\/script>\n<!-- \/ Yoast SEO plugin. -->","yoast_head_json":{"title":"\u00c1rsh\u00e1t\u00ed\u00f0 Grunnsk\u00f3lans \u00ed Borgarnesi - Grunnsk\u00f3linn \u00ed Borgarnesi","robots":{"index":"index","follow":"follow","max-snippet":"max-snippet:-1","max-image-preview":"max-image-preview:large","max-video-preview":"max-video-preview:-1"},"canonical":"https:\/\/dev.borgarbyggd.is\/grunnborg\/frettir\/arshatid-grunnskolans-i-borgarnesi-2025\/","og_locale":"en_US","og_type":"article","og_title":"\u00c1rsh\u00e1t\u00ed\u00f0 Grunnsk\u00f3lans \u00ed Borgarnesi - Grunnsk\u00f3linn \u00ed Borgarnesi","og_description":"Fimmtudaginn 10. apr\u00edl! \u00deema \u00e1rsh\u00e1t\u00ed\u00f0arinnar er frelsi, og munu nemendur sk\u00f3lans t\u00falka \u00fea\u00f0 \u00e1 fj\u00f6lbreyttan h\u00e1tt. A\u00f0gangseyrir er 1.000 kr\u00f3nur fyrir 16 \u00e1ra og eldri en fr\u00edtt fyrir 15 \u00e1ra og yngri. Enginn posi er \u00e1 sta\u00f0num. \u00c1g\u00f3\u00f0inn rennur \u00ed fer\u00f0asj\u00f3\u00f0 nemenda. &nbsp;","og_url":"https:\/\/dev.borgarbyggd.is\/grunnborg\/frettir\/arshatid-grunnskolans-i-borgarnesi-2025\/","og_site_name":"Grunnsk\u00f3linn \u00ed Borgarnesi","article_published_time":"2025-04-09T08:10:45+00:00","article_modified_time":"2025-04-09T14:30:33+00:00","og_image":[{"width":1587,"height":1329,"url":"https:\/\/dev.borgarbyggd.is\/grunnborg\/wp-content\/uploads\/sites\/2\/2025\/04\/thumbnail_Arshatid-augl2025-ny-1.png","type":"image\/png"}],"author":"sunna","twitter_card":"summary_large_image","twitter_misc":{"Written by":"sunna","Est. reading time":"1 minute"},"schema":{"@context":"https:\/\/schema.org","@graph":[{"@type":"WebPage","@id":"https:\/\/dev.borgarbyggd.is\/grunnborg\/frettir\/arshatid-grunnskolans-i-borgarnesi-2025\/","url":"https:\/\/dev.borgarbyggd.is\/grunnborg\/frettir\/arshatid-grunnskolans-i-borgarnesi-2025\/","name":"\u00c1rsh\u00e1t\u00ed\u00f0 Grunnsk\u00f3lans \u00ed Borgarnesi - Grunnsk\u00f3linn \u00ed Borgarnesi","isPartOf":{"@id":"https:\/\/dev.borgarbyggd.is\/grunnborg\/#website"},"primaryImageOfPage":{"@id":"https:\/\/dev.borgarbyggd.is\/grunnborg\/frettir\/arshatid-grunnskolans-i-borgarnesi-2025\/#primaryimage"},"image":{"@id":"https:\/\/dev.borgarbyggd.is\/grunnborg\/frettir\/arshatid-grunnskolans-i-borgarnesi-2025\/#primaryimage"},"thumbnailUrl":"https:\/\/dev.borgarbyggd.is\/grunnborg\/wp-content\/uploads\/sites\/2\/2025\/04\/thumbnail_Arshatid-augl2025-ny-1.png","datePublished":"2025-04-09T08:10:45+00:00","dateModified":"2025-04-09T14:30:33+00:00","author":{"@id":"https:\/\/dev.borgarbyggd.is\/grunnborg\/#\/schema\/person\/db4556fcf1c1b837fcec4f35f6edfe5d"},"breadcrumb":{"@id":"https:\/\/dev.borgarbyggd.is\/grunnborg\/frettir\/arshatid-grunnskolans-i-borgarnesi-2025\/#breadcrumb"},"inLanguage":"en-US","potentialAction":[{"@type":"ReadAction","target":["https:\/\/dev.borgarbyggd.is\/grunnborg\/frettir\/arshatid-grunnskolans-i-borgarnesi-2025\/"]}]},{"@type":"ImageObject","inLanguage":"en-US","@id":"https:\/\/dev.borgarbyggd.is\/grunnborg\/frettir\/arshatid-grunnskolans-i-borgarnesi-2025\/#primaryimage","url":"https:\/\/dev.borgarbyggd.is\/grunnborg\/wp-content\/uploads\/sites\/2\/2025\/04\/thumbnail_Arshatid-augl2025-ny-1.png","contentUrl":"https:\/\/dev.borgarbyggd.is\/grunnborg\/wp-content\/uploads\/sites\/2\/2025\/04\/thumbnail_Arshatid-augl2025-ny-1.png","width":1587,"height":1329},{"@type":"BreadcrumbList","@id":"https:\/\/dev.borgarbyggd.is\/grunnborg\/frettir\/arshatid-grunnskolans-i-borgarnesi-2025\/#breadcrumb","itemListElement":[{"@type":"ListItem","position":1,"name":"Home","item":"https:\/\/dev.borgarbyggd.is\/grunnborg\/"},{"@type":"ListItem","position":2,"name":"\u00c1rsh\u00e1t\u00ed\u00f0 Grunnsk\u00f3lans \u00ed Borgarnesi"}]},{"@type":"WebSite","@id":"https:\/\/dev.borgarbyggd.is\/grunnborg\/#website","url":"https:\/\/dev.borgarbyggd.is\/grunnborg\/","name":"Grunnsk\u00f3linn \u00ed Borgarnesi","description":"","potentialAction":[{"@type":"SearchAction","target":{"@type":"EntryPoint","urlTemplate":"https:\/\/dev.borgarbyggd.is\/grunnborg\/?s={search_term_string}"},"query-input":{"@type":"PropertyValueSpecification","valueRequired":true,"valueName":"search_term_string"}}],"inLanguage":"en-US"},{"@type":"Person","@id":"https:\/\/dev.borgarbyggd.is\/grunnborg\/#\/schema\/person\/db4556fcf1c1b837fcec4f35f6edfe5d","name":"sunna","image":{"@type":"ImageObject","inLanguage":"en-US","@id":"https:\/\/dev.borgarbyggd.is\/grunnborg\/#\/schema\/person\/image\/","url":"https:\/\/secure.gravatar.com\/avatar\/d703ff4895950b72b9c113f8cd4b9b6776461a2ad7fdd403e9bc5ae672bd10c2?s=96&d=mm&r=g","contentUrl":"https:\/\/secure.gravatar.com\/avatar\/d703ff4895950b72b9c113f8cd4b9b6776461a2ad7fdd403e9bc5ae672bd10c2?s=96&d=mm&r=g","caption":"sunna"},"url":"https:\/\/dev.borgarbyggd.is\/grunnborg\/author\/sunna\/"}]}},"_links":{"self":[{"href":"https:\/\/dev.borgarbyggd.is\/grunnborg\/wp-json\/wp\/v2\/posts\/2107","targetHints":{"allow":["GET"]}}],"collection":[{"href":"https:\/\/dev.borgarbyggd.is\/grunnborg\/wp-json\/wp\/v2\/posts"}],"about":[{"href":"https:\/\/dev.borgarbyggd.is\/grunnborg\/wp-json\/wp\/v2\/types\/post"}],"author":[{"embeddable":true,"href":"https:\/\/dev.borgarbyggd.is\/grunnborg\/wp-json\/wp\/v2\/users\/47"}],"replies":[{"embeddable":true,"href":"https:\/\/dev.borgarbyggd.is\/grunnborg\/wp-json\/wp\/v2\/comments?post=2107"}],"version-history":[{"count":0,"href":"https:\/\/dev.borgarbyggd.is\/grunnborg\/wp-json\/wp\/v2\/posts\/2107\/revisions"}],"wp:featuredmedia":[{"embeddable":true,"href":"https:\/\/dev.borgarbyggd.is\/grunnborg\/wp-json\/wp\/v2\/media\/2114"}],"wp:attachment":[{"href":"https:\/\/dev.borgarbyggd.is\/grunnborg\/wp-json\/wp\/v2\/media?parent=2107"}],"wp:term":[{"taxonomy":"category","embeddable":true,"href":"https:\/\/dev.borgarbyggd.is\/grunnborg\/wp-json\/wp\/v2\/categories?post=2107"},{"taxonomy":"post_tag","embeddable":true,"href":"https:\/\/dev.borgarbyggd.is\/grunnborg\/wp-json\/wp\/v2\/tags?post=2107"}],"curies":[{"name":"wp","href":"https:\/\/api.w.org\/{rel}","templated":true}]}}