{"id":2094,"date":"2025-03-21T13:50:06","date_gmt":"2025-03-21T13:50:06","guid":{"rendered":"https:\/\/dev.borgarbyggd.is\/grunnborg\/?p=2094"},"modified":"2025-03-21T14:14:31","modified_gmt":"2025-03-21T14:14:31","slug":"hond-i-hond","status":"publish","type":"post","link":"https:\/\/dev.borgarbyggd.is\/grunnborg\/frettir\/hond-i-hond\/","title":{"rendered":"H\u00f6nd \u00ed h\u00f6nd"},"content":{"rendered":"<p>\u00cd dag er Al\u00fej\u00f3\u00f0legur dagur gegn kyn\u00fe\u00e1ttamisr\u00e9ttis en hann er\u00a0haldin 21. mars \u00e1r hvert. Af \u00fev\u00ed tilefni er um alla Evr\u00f3pu haldnir vi\u00f0bur\u00f0ir fyrir fj\u00f6lbreytileika undir yfirskriftinni\u00a0<em>Evr\u00f3puvika gegn kyn\u00fe\u00e1ttamisr\u00e9tti<\/em>. S\u00ed\u00f0ustu \u00e1r hefur Mannr\u00e9ttindaskrifstofa \u00cdslands sta\u00f0i\u00f0 a\u00f0 margv\u00edslegum vi\u00f0bur\u00f0um \u00ed samstarfi vi\u00f0 ungt f\u00f3lk.<\/p>\n<p>S\u00ed\u00f0ustu \u00e1r hafa grunnsk\u00f3lar og f\u00e9lagsmi\u00f0st\u00f6\u00f0var \u00e1 landinu \u00f6llu teki\u00f0 \u00fe\u00e1tt \u00ed verkefni sem nefnist <strong>h\u00f6nd \u00ed h\u00f6nd<\/strong>, \u00fear sem ungmenni og starfsf\u00f3lk taka h\u00f6nd \u00ed h\u00f6nd \u00ed kringum sk\u00f3labyggingar s\u00ednar til a\u00f0 s\u00fdna samst\u00f6\u00f0u me\u00f0 margbreytileika.<\/p>\n<p>&nbsp;<\/p>\n<div class=\"x-video player\" data-x-element-mejs><div class=\"x-video-inner\"><video class=\"x-mejs x-wp-video-shortcode advanced-controls\" id=\"video-2094-1\" width=\"576\" height=\"1024\" preload=\"metadata\" controls=\"controls\"><source type=\"video\/mp4\" src=\"https:\/\/dev.borgarbyggd.is\/grunnborg\/wp-content\/uploads\/sites\/2\/2025\/03\/485166462_9580335892012667_7672501645039486307_n.mp4?_=1\" \/><\/video><\/div><\/div>\n","protected":false},"excerpt":{"rendered":"<p>\u00cd dag er Al\u00fej\u00f3\u00f0legur dagur gegn kyn\u00fe\u00e1ttamisr\u00e9ttis en hann er\u00a0haldin 21. mars \u00e1r hvert. Af \u00fev\u00ed tilefni er um alla Evr\u00f3pu haldnir vi\u00f0bur\u00f0ir fyrir fj\u00f6lbreytileika undir yfirskriftinni\u00a0Evr\u00f3puvika gegn kyn\u00fe\u00e1ttamisr\u00e9tti. S\u00ed\u00f0ustu \u00e1r hefur Mannr\u00e9ttindaskrifstofa \u00cdslands sta\u00f0i\u00f0 a\u00f0 margv\u00edslegum vi\u00f0bur\u00f0um \u00ed samstarfi vi\u00f0 ungt f\u00f3lk. S\u00ed\u00f0ustu \u00e1r hafa grunnsk\u00f3lar og f\u00e9lagsmi\u00f0st\u00f6\u00f0var \u00e1 landinu \u00f6llu teki\u00f0 \u00fe\u00e1tt \u00ed verkefni sem nefnist h\u00f6nd \u00ed &#8230; <\/p>\n<div><a href=\"https:\/\/dev.borgarbyggd.is\/grunnborg\/frettir\/hond-i-hond\/\" class=\"more-link\">Read More<\/a><\/div>\n","protected":false},"author":43,"featured_media":2100,"comment_status":"closed","ping_status":"closed","sticky":false,"template":"","format":"standard","meta":{"_acf_changed":false,"footnotes":""},"categories":[1],"tags":[],"class_list":["post-2094","post","type-post","status-publish","format-standard","has-post-thumbnail","hentry","category-frettir"],"acf":[],"yoast_head":"<!-- This site is optimized with the Yoast SEO plugin v24.0 - https:\/\/yoast.com\/wordpress\/plugins\/seo\/ -->\n<title>H\u00f6nd \u00ed h\u00f6nd - Grunnsk\u00f3linn \u00ed Borgarnesi<\/title>\n<meta name=\"robots\" content=\"index, follow, max-snippet:-1, max-image-preview:large, max-video-preview:-1\" \/>\n<link rel=\"canonical\" href=\"https:\/\/dev.borgarbyggd.is\/grunnborg\/frettir\/hond-i-hond\/\" \/>\n<meta property=\"og:locale\" content=\"en_US\" \/>\n<meta property=\"og:type\" content=\"article\" \/>\n<meta property=\"og:title\" content=\"H\u00f6nd \u00ed h\u00f6nd - Grunnsk\u00f3linn \u00ed Borgarnesi\" \/>\n<meta property=\"og:description\" content=\"\u00cd dag er Al\u00fej\u00f3\u00f0legur dagur gegn kyn\u00fe\u00e1ttamisr\u00e9ttis en hann er\u00a0haldin 21. mars \u00e1r hvert. Af \u00fev\u00ed tilefni er um alla Evr\u00f3pu haldnir vi\u00f0bur\u00f0ir fyrir fj\u00f6lbreytileika undir yfirskriftinni\u00a0Evr\u00f3puvika gegn kyn\u00fe\u00e1ttamisr\u00e9tti. S\u00ed\u00f0ustu \u00e1r hefur Mannr\u00e9ttindaskrifstofa \u00cdslands sta\u00f0i\u00f0 a\u00f0 margv\u00edslegum vi\u00f0bur\u00f0um \u00ed samstarfi vi\u00f0 ungt f\u00f3lk. S\u00ed\u00f0ustu \u00e1r hafa grunnsk\u00f3lar og f\u00e9lagsmi\u00f0st\u00f6\u00f0var \u00e1 landinu \u00f6llu teki\u00f0 \u00fe\u00e1tt \u00ed verkefni sem nefnist h\u00f6nd \u00ed ... Read More\" \/>\n<meta property=\"og:url\" content=\"https:\/\/dev.borgarbyggd.is\/grunnborg\/frettir\/hond-i-hond\/\" \/>\n<meta property=\"og:site_name\" content=\"Grunnsk\u00f3linn \u00ed Borgarnesi\" \/>\n<meta property=\"article:published_time\" content=\"2025-03-21T13:50:06+00:00\" \/>\n<meta property=\"article:modified_time\" content=\"2025-03-21T14:14:31+00:00\" \/>\n<meta property=\"og:image\" content=\"https:\/\/dev.borgarbyggd.is\/grunnborg\/wp-content\/uploads\/sites\/2\/2025\/03\/20250321_095847-scaled.jpg\" \/>\n\t<meta property=\"og:image:width\" content=\"1920\" \/>\n\t<meta property=\"og:image:height\" content=\"2560\" \/>\n\t<meta property=\"og:image:type\" content=\"image\/jpeg\" \/>\n<meta name=\"author\" content=\"guddis\" \/>\n<meta name=\"twitter:card\" content=\"summary_large_image\" \/>\n<meta name=\"twitter:label1\" content=\"Written by\" \/>\n\t<meta name=\"twitter:data1\" content=\"guddis\" \/>\n\t<meta name=\"twitter:label2\" content=\"Est. reading time\" \/>\n\t<meta name=\"twitter:data2\" content=\"1 minute\" \/>\n<script type=\"application\/ld+json\" class=\"yoast-schema-graph\">{\"@context\":\"https:\/\/schema.org\",\"@graph\":[{\"@type\":\"WebPage\",\"@id\":\"https:\/\/dev.borgarbyggd.is\/grunnborg\/frettir\/hond-i-hond\/\",\"url\":\"https:\/\/dev.borgarbyggd.is\/grunnborg\/frettir\/hond-i-hond\/\",\"name\":\"H\u00f6nd \u00ed h\u00f6nd - Grunnsk\u00f3linn \u00ed Borgarnesi\",\"isPartOf\":{\"@id\":\"https:\/\/dev.borgarbyggd.is\/grunnborg\/#website\"},\"primaryImageOfPage\":{\"@id\":\"https:\/\/dev.borgarbyggd.is\/grunnborg\/frettir\/hond-i-hond\/#primaryimage\"},\"image\":{\"@id\":\"https:\/\/dev.borgarbyggd.is\/grunnborg\/frettir\/hond-i-hond\/#primaryimage\"},\"thumbnailUrl\":\"https:\/\/dev.borgarbyggd.is\/grunnborg\/wp-content\/uploads\/sites\/2\/2025\/03\/20250321_095847-scaled.jpg\",\"datePublished\":\"2025-03-21T13:50:06+00:00\",\"dateModified\":\"2025-03-21T14:14:31+00:00\",\"author\":{\"@id\":\"https:\/\/dev.borgarbyggd.is\/grunnborg\/#\/schema\/person\/17a330ec2c07817e93411c3b6608f7d6\"},\"breadcrumb\":{\"@id\":\"https:\/\/dev.borgarbyggd.is\/grunnborg\/frettir\/hond-i-hond\/#breadcrumb\"},\"inLanguage\":\"en-US\",\"potentialAction\":[{\"@type\":\"ReadAction\",\"target\":[\"https:\/\/dev.borgarbyggd.is\/grunnborg\/frettir\/hond-i-hond\/\"]}]},{\"@type\":\"ImageObject\",\"inLanguage\":\"en-US\",\"@id\":\"https:\/\/dev.borgarbyggd.is\/grunnborg\/frettir\/hond-i-hond\/#primaryimage\",\"url\":\"https:\/\/dev.borgarbyggd.is\/grunnborg\/wp-content\/uploads\/sites\/2\/2025\/03\/20250321_095847-scaled.jpg\",\"contentUrl\":\"https:\/\/dev.borgarbyggd.is\/grunnborg\/wp-content\/uploads\/sites\/2\/2025\/03\/20250321_095847-scaled.jpg\",\"width\":1920,\"height\":2560},{\"@type\":\"BreadcrumbList\",\"@id\":\"https:\/\/dev.borgarbyggd.is\/grunnborg\/frettir\/hond-i-hond\/#breadcrumb\",\"itemListElement\":[{\"@type\":\"ListItem\",\"position\":1,\"name\":\"Home\",\"item\":\"https:\/\/dev.borgarbyggd.is\/grunnborg\/\"},{\"@type\":\"ListItem\",\"position\":2,\"name\":\"H\u00f6nd \u00ed h\u00f6nd\"}]},{\"@type\":\"WebSite\",\"@id\":\"https:\/\/dev.borgarbyggd.is\/grunnborg\/#website\",\"url\":\"https:\/\/dev.borgarbyggd.is\/grunnborg\/\",\"name\":\"Grunnsk\u00f3linn \u00ed Borgarnesi\",\"description\":\"\",\"potentialAction\":[{\"@type\":\"SearchAction\",\"target\":{\"@type\":\"EntryPoint\",\"urlTemplate\":\"https:\/\/dev.borgarbyggd.is\/grunnborg\/?s={search_term_string}\"},\"query-input\":{\"@type\":\"PropertyValueSpecification\",\"valueRequired\":true,\"valueName\":\"search_term_string\"}}],\"inLanguage\":\"en-US\"},{\"@type\":\"Person\",\"@id\":\"https:\/\/dev.borgarbyggd.is\/grunnborg\/#\/schema\/person\/17a330ec2c07817e93411c3b6608f7d6\",\"name\":\"guddis\",\"image\":{\"@type\":\"ImageObject\",\"inLanguage\":\"en-US\",\"@id\":\"https:\/\/dev.borgarbyggd.is\/grunnborg\/#\/schema\/person\/image\/\",\"url\":\"https:\/\/secure.gravatar.com\/avatar\/18789ddb8185f2ed19fe02cbd026d1bfc4089f85cd4014786e1e9196a00ded49?s=96&d=mm&r=g\",\"contentUrl\":\"https:\/\/secure.gravatar.com\/avatar\/18789ddb8185f2ed19fe02cbd026d1bfc4089f85cd4014786e1e9196a00ded49?s=96&d=mm&r=g\",\"caption\":\"guddis\"},\"url\":\"https:\/\/dev.borgarbyggd.is\/grunnborg\/author\/guddis\/\"}]}<\/script>\n<!-- \/ Yoast SEO plugin. -->","yoast_head_json":{"title":"H\u00f6nd \u00ed h\u00f6nd - Grunnsk\u00f3linn \u00ed Borgarnesi","robots":{"index":"index","follow":"follow","max-snippet":"max-snippet:-1","max-image-preview":"max-image-preview:large","max-video-preview":"max-video-preview:-1"},"canonical":"https:\/\/dev.borgarbyggd.is\/grunnborg\/frettir\/hond-i-hond\/","og_locale":"en_US","og_type":"article","og_title":"H\u00f6nd \u00ed h\u00f6nd - Grunnsk\u00f3linn \u00ed Borgarnesi","og_description":"\u00cd dag er Al\u00fej\u00f3\u00f0legur dagur gegn kyn\u00fe\u00e1ttamisr\u00e9ttis en hann er\u00a0haldin 21. mars \u00e1r hvert. Af \u00fev\u00ed tilefni er um alla Evr\u00f3pu haldnir vi\u00f0bur\u00f0ir fyrir fj\u00f6lbreytileika undir yfirskriftinni\u00a0Evr\u00f3puvika gegn kyn\u00fe\u00e1ttamisr\u00e9tti. S\u00ed\u00f0ustu \u00e1r hefur Mannr\u00e9ttindaskrifstofa \u00cdslands sta\u00f0i\u00f0 a\u00f0 margv\u00edslegum vi\u00f0bur\u00f0um \u00ed samstarfi vi\u00f0 ungt f\u00f3lk. S\u00ed\u00f0ustu \u00e1r hafa grunnsk\u00f3lar og f\u00e9lagsmi\u00f0st\u00f6\u00f0var \u00e1 landinu \u00f6llu teki\u00f0 \u00fe\u00e1tt \u00ed verkefni sem nefnist h\u00f6nd \u00ed ... Read More","og_url":"https:\/\/dev.borgarbyggd.is\/grunnborg\/frettir\/hond-i-hond\/","og_site_name":"Grunnsk\u00f3linn \u00ed Borgarnesi","article_published_time":"2025-03-21T13:50:06+00:00","article_modified_time":"2025-03-21T14:14:31+00:00","og_image":[{"width":1920,"height":2560,"url":"https:\/\/dev.borgarbyggd.is\/grunnborg\/wp-content\/uploads\/sites\/2\/2025\/03\/20250321_095847-scaled.jpg","type":"image\/jpeg"}],"author":"guddis","twitter_card":"summary_large_image","twitter_misc":{"Written by":"guddis","Est. reading time":"1 minute"},"schema":{"@context":"https:\/\/schema.org","@graph":[{"@type":"WebPage","@id":"https:\/\/dev.borgarbyggd.is\/grunnborg\/frettir\/hond-i-hond\/","url":"https:\/\/dev.borgarbyggd.is\/grunnborg\/frettir\/hond-i-hond\/","name":"H\u00f6nd \u00ed h\u00f6nd - Grunnsk\u00f3linn \u00ed Borgarnesi","isPartOf":{"@id":"https:\/\/dev.borgarbyggd.is\/grunnborg\/#website"},"primaryImageOfPage":{"@id":"https:\/\/dev.borgarbyggd.is\/grunnborg\/frettir\/hond-i-hond\/#primaryimage"},"image":{"@id":"https:\/\/dev.borgarbyggd.is\/grunnborg\/frettir\/hond-i-hond\/#primaryimage"},"thumbnailUrl":"https:\/\/dev.borgarbyggd.is\/grunnborg\/wp-content\/uploads\/sites\/2\/2025\/03\/20250321_095847-scaled.jpg","datePublished":"2025-03-21T13:50:06+00:00","dateModified":"2025-03-21T14:14:31+00:00","author":{"@id":"https:\/\/dev.borgarbyggd.is\/grunnborg\/#\/schema\/person\/17a330ec2c07817e93411c3b6608f7d6"},"breadcrumb":{"@id":"https:\/\/dev.borgarbyggd.is\/grunnborg\/frettir\/hond-i-hond\/#breadcrumb"},"inLanguage":"en-US","potentialAction":[{"@type":"ReadAction","target":["https:\/\/dev.borgarbyggd.is\/grunnborg\/frettir\/hond-i-hond\/"]}]},{"@type":"ImageObject","inLanguage":"en-US","@id":"https:\/\/dev.borgarbyggd.is\/grunnborg\/frettir\/hond-i-hond\/#primaryimage","url":"https:\/\/dev.borgarbyggd.is\/grunnborg\/wp-content\/uploads\/sites\/2\/2025\/03\/20250321_095847-scaled.jpg","contentUrl":"https:\/\/dev.borgarbyggd.is\/grunnborg\/wp-content\/uploads\/sites\/2\/2025\/03\/20250321_095847-scaled.jpg","width":1920,"height":2560},{"@type":"BreadcrumbList","@id":"https:\/\/dev.borgarbyggd.is\/grunnborg\/frettir\/hond-i-hond\/#breadcrumb","itemListElement":[{"@type":"ListItem","position":1,"name":"Home","item":"https:\/\/dev.borgarbyggd.is\/grunnborg\/"},{"@type":"ListItem","position":2,"name":"H\u00f6nd \u00ed h\u00f6nd"}]},{"@type":"WebSite","@id":"https:\/\/dev.borgarbyggd.is\/grunnborg\/#website","url":"https:\/\/dev.borgarbyggd.is\/grunnborg\/","name":"Grunnsk\u00f3linn \u00ed Borgarnesi","description":"","potentialAction":[{"@type":"SearchAction","target":{"@type":"EntryPoint","urlTemplate":"https:\/\/dev.borgarbyggd.is\/grunnborg\/?s={search_term_string}"},"query-input":{"@type":"PropertyValueSpecification","valueRequired":true,"valueName":"search_term_string"}}],"inLanguage":"en-US"},{"@type":"Person","@id":"https:\/\/dev.borgarbyggd.is\/grunnborg\/#\/schema\/person\/17a330ec2c07817e93411c3b6608f7d6","name":"guddis","image":{"@type":"ImageObject","inLanguage":"en-US","@id":"https:\/\/dev.borgarbyggd.is\/grunnborg\/#\/schema\/person\/image\/","url":"https:\/\/secure.gravatar.com\/avatar\/18789ddb8185f2ed19fe02cbd026d1bfc4089f85cd4014786e1e9196a00ded49?s=96&d=mm&r=g","contentUrl":"https:\/\/secure.gravatar.com\/avatar\/18789ddb8185f2ed19fe02cbd026d1bfc4089f85cd4014786e1e9196a00ded49?s=96&d=mm&r=g","caption":"guddis"},"url":"https:\/\/dev.borgarbyggd.is\/grunnborg\/author\/guddis\/"}]}},"_links":{"self":[{"href":"https:\/\/dev.borgarbyggd.is\/grunnborg\/wp-json\/wp\/v2\/posts\/2094","targetHints":{"allow":["GET"]}}],"collection":[{"href":"https:\/\/dev.borgarbyggd.is\/grunnborg\/wp-json\/wp\/v2\/posts"}],"about":[{"href":"https:\/\/dev.borgarbyggd.is\/grunnborg\/wp-json\/wp\/v2\/types\/post"}],"author":[{"embeddable":true,"href":"https:\/\/dev.borgarbyggd.is\/grunnborg\/wp-json\/wp\/v2\/users\/43"}],"replies":[{"embeddable":true,"href":"https:\/\/dev.borgarbyggd.is\/grunnborg\/wp-json\/wp\/v2\/comments?post=2094"}],"version-history":[{"count":0,"href":"https:\/\/dev.borgarbyggd.is\/grunnborg\/wp-json\/wp\/v2\/posts\/2094\/revisions"}],"wp:featuredmedia":[{"embeddable":true,"href":"https:\/\/dev.borgarbyggd.is\/grunnborg\/wp-json\/wp\/v2\/media\/2100"}],"wp:attachment":[{"href":"https:\/\/dev.borgarbyggd.is\/grunnborg\/wp-json\/wp\/v2\/media?parent=2094"}],"wp:term":[{"taxonomy":"category","embeddable":true,"href":"https:\/\/dev.borgarbyggd.is\/grunnborg\/wp-json\/wp\/v2\/categories?post=2094"},{"taxonomy":"post_tag","embeddable":true,"href":"https:\/\/dev.borgarbyggd.is\/grunnborg\/wp-json\/wp\/v2\/tags?post=2094"}],"curies":[{"name":"wp","href":"https:\/\/api.w.org\/{rel}","templated":true}]}}