{"id":2089,"date":"2025-03-21T07:55:45","date_gmt":"2025-03-21T07:55:45","guid":{"rendered":"https:\/\/dev.borgarbyggd.is\/grunnborg\/?p=2089"},"modified":"2025-03-21T07:56:48","modified_gmt":"2025-03-21T07:56:48","slug":"stora-upplestrarkeppnin-2","status":"publish","type":"post","link":"https:\/\/dev.borgarbyggd.is\/grunnborg\/frettir\/stora-upplestrarkeppnin-2\/","title":{"rendered":"St\u00f3ra Upplestrarkeppnin"},"content":{"rendered":"<div dir=\"auto\" data-olk-copy-source=\"MessageBody\">St\u00f3ra Upplestrarkeppnin var haldin \u00e1 Varmalandi \u00ed Borgarfir\u00f0i mi\u00f0vikudaginn 19. mars. En keppnin er samstarfsverkefni nokkurra grunnsk\u00f3la \u00e1 Vesturlandi.\u00a0 Grunnsk\u00f3linn \u00ed Borgarnesi \u00e1tti tvo fulltr\u00faa, \u00fe\u00e6r \u00c1sd\u00edsi Veru Gunnarsd\u00f3ttur og S\u00f3leyju R\u00f3su Sigurj\u00f3nsd\u00f3ttur.<\/div>\n<div dir=\"auto\">\u00de\u00e6r st\u00f3\u00f0u sig b\u00e1\u00f0ar me\u00f0 stakri pr\u00fd\u00f0i og S\u00f3ley R\u00f3sa st\u00f3\u00f0 uppi sem sigurvegari keppninnar \u00ed \u00e1r.<\/div>\n<div dir=\"auto\"><\/div>\n<div dir=\"auto\"><img loading=\"lazy\" decoding=\"async\" class=\"alignnone size-medium wp-image-2090\" src=\"https:\/\/dev.borgarbyggd.is\/grunnborg\/wp-content\/uploads\/sites\/2\/2025\/03\/20250319_142049-146x300.jpg\" alt=\"\" width=\"146\" height=\"300\" srcset=\"https:\/\/dev.borgarbyggd.is\/grunnborg\/wp-content\/uploads\/sites\/2\/2025\/03\/20250319_142049-146x300.jpg 146w, https:\/\/dev.borgarbyggd.is\/grunnborg\/wp-content\/uploads\/sites\/2\/2025\/03\/20250319_142049-498x1024.jpg 498w, https:\/\/dev.borgarbyggd.is\/grunnborg\/wp-content\/uploads\/sites\/2\/2025\/03\/20250319_142049-768x1580.jpg 768w, https:\/\/dev.borgarbyggd.is\/grunnborg\/wp-content\/uploads\/sites\/2\/2025\/03\/20250319_142049-747x1536.jpg 747w, https:\/\/dev.borgarbyggd.is\/grunnborg\/wp-content\/uploads\/sites\/2\/2025\/03\/20250319_142049-996x2048.jpg 996w, https:\/\/dev.borgarbyggd.is\/grunnborg\/wp-content\/uploads\/sites\/2\/2025\/03\/20250319_142049-100x206.jpg 100w, https:\/\/dev.borgarbyggd.is\/grunnborg\/wp-content\/uploads\/sites\/2\/2025\/03\/20250319_142049-1200x2469.jpg 1200w, https:\/\/dev.borgarbyggd.is\/grunnborg\/wp-content\/uploads\/sites\/2\/2025\/03\/20250319_142049-scaled.jpg 1244w\" sizes=\"auto, (max-width: 146px) 100vw, 146px\" \/> <img loading=\"lazy\" decoding=\"async\" class=\"alignnone size-medium wp-image-2091\" src=\"https:\/\/dev.borgarbyggd.is\/grunnborg\/wp-content\/uploads\/sites\/2\/2025\/03\/20250319_142147-146x300.jpg\" alt=\"\" width=\"146\" height=\"300\" srcset=\"https:\/\/dev.borgarbyggd.is\/grunnborg\/wp-content\/uploads\/sites\/2\/2025\/03\/20250319_142147-146x300.jpg 146w, https:\/\/dev.borgarbyggd.is\/grunnborg\/wp-content\/uploads\/sites\/2\/2025\/03\/20250319_142147-498x1024.jpg 498w, https:\/\/dev.borgarbyggd.is\/grunnborg\/wp-content\/uploads\/sites\/2\/2025\/03\/20250319_142147-768x1580.jpg 768w, https:\/\/dev.borgarbyggd.is\/grunnborg\/wp-content\/uploads\/sites\/2\/2025\/03\/20250319_142147-747x1536.jpg 747w, https:\/\/dev.borgarbyggd.is\/grunnborg\/wp-content\/uploads\/sites\/2\/2025\/03\/20250319_142147-996x2048.jpg 996w, https:\/\/dev.borgarbyggd.is\/grunnborg\/wp-content\/uploads\/sites\/2\/2025\/03\/20250319_142147-100x206.jpg 100w, https:\/\/dev.borgarbyggd.is\/grunnborg\/wp-content\/uploads\/sites\/2\/2025\/03\/20250319_142147-1200x2469.jpg 1200w, https:\/\/dev.borgarbyggd.is\/grunnborg\/wp-content\/uploads\/sites\/2\/2025\/03\/20250319_142147-scaled.jpg 1244w\" sizes=\"auto, (max-width: 146px) 100vw, 146px\" \/> <img loading=\"lazy\" decoding=\"async\" class=\"alignnone size-medium wp-image-2092\" src=\"https:\/\/dev.borgarbyggd.is\/grunnborg\/wp-content\/uploads\/sites\/2\/2025\/03\/20250319_144845-146x300.jpg\" alt=\"\" width=\"146\" height=\"300\" srcset=\"https:\/\/dev.borgarbyggd.is\/grunnborg\/wp-content\/uploads\/sites\/2\/2025\/03\/20250319_144845-146x300.jpg 146w, https:\/\/dev.borgarbyggd.is\/grunnborg\/wp-content\/uploads\/sites\/2\/2025\/03\/20250319_144845-498x1024.jpg 498w, https:\/\/dev.borgarbyggd.is\/grunnborg\/wp-content\/uploads\/sites\/2\/2025\/03\/20250319_144845-768x1580.jpg 768w, https:\/\/dev.borgarbyggd.is\/grunnborg\/wp-content\/uploads\/sites\/2\/2025\/03\/20250319_144845-747x1536.jpg 747w, https:\/\/dev.borgarbyggd.is\/grunnborg\/wp-content\/uploads\/sites\/2\/2025\/03\/20250319_144845-996x2048.jpg 996w, https:\/\/dev.borgarbyggd.is\/grunnborg\/wp-content\/uploads\/sites\/2\/2025\/03\/20250319_144845-100x206.jpg 100w, https:\/\/dev.borgarbyggd.is\/grunnborg\/wp-content\/uploads\/sites\/2\/2025\/03\/20250319_144845-1200x2469.jpg 1200w, https:\/\/dev.borgarbyggd.is\/grunnborg\/wp-content\/uploads\/sites\/2\/2025\/03\/20250319_144845-scaled.jpg 1244w\" sizes=\"auto, (max-width: 146px) 100vw, 146px\" \/> <img loading=\"lazy\" decoding=\"async\" class=\"alignnone size-medium wp-image-2093\" src=\"https:\/\/dev.borgarbyggd.is\/grunnborg\/wp-content\/uploads\/sites\/2\/2025\/03\/20250319_150831-146x300.jpg\" alt=\"\" width=\"146\" height=\"300\" srcset=\"https:\/\/dev.borgarbyggd.is\/grunnborg\/wp-content\/uploads\/sites\/2\/2025\/03\/20250319_150831-146x300.jpg 146w, https:\/\/dev.borgarbyggd.is\/grunnborg\/wp-content\/uploads\/sites\/2\/2025\/03\/20250319_150831-498x1024.jpg 498w, https:\/\/dev.borgarbyggd.is\/grunnborg\/wp-content\/uploads\/sites\/2\/2025\/03\/20250319_150831-768x1580.jpg 768w, https:\/\/dev.borgarbyggd.is\/grunnborg\/wp-content\/uploads\/sites\/2\/2025\/03\/20250319_150831-747x1536.jpg 747w, https:\/\/dev.borgarbyggd.is\/grunnborg\/wp-content\/uploads\/sites\/2\/2025\/03\/20250319_150831-996x2048.jpg 996w, https:\/\/dev.borgarbyggd.is\/grunnborg\/wp-content\/uploads\/sites\/2\/2025\/03\/20250319_150831-100x206.jpg 100w, https:\/\/dev.borgarbyggd.is\/grunnborg\/wp-content\/uploads\/sites\/2\/2025\/03\/20250319_150831-1200x2469.jpg 1200w, https:\/\/dev.borgarbyggd.is\/grunnborg\/wp-content\/uploads\/sites\/2\/2025\/03\/20250319_150831-scaled.jpg 1244w\" sizes=\"auto, (max-width: 146px) 100vw, 146px\" \/><\/div>\n","protected":false},"excerpt":{"rendered":"<p>St\u00f3ra Upplestrarkeppnin var haldin \u00e1 Varmalandi \u00ed Borgarfir\u00f0i mi\u00f0vikudaginn 19. mars. En keppnin er samstarfsverkefni nokkurra grunnsk\u00f3la \u00e1 Vesturlandi.\u00a0 Grunnsk\u00f3linn \u00ed Borgarnesi \u00e1tti tvo fulltr\u00faa, \u00fe\u00e6r \u00c1sd\u00edsi Veru Gunnarsd\u00f3ttur og S\u00f3leyju R\u00f3su Sigurj\u00f3nsd\u00f3ttur. \u00de\u00e6r st\u00f3\u00f0u sig b\u00e1\u00f0ar me\u00f0 stakri pr\u00fd\u00f0i og S\u00f3ley R\u00f3sa st\u00f3\u00f0 uppi sem sigurvegari keppninnar \u00ed \u00e1r.<\/p>\n","protected":false},"author":43,"featured_media":0,"comment_status":"closed","ping_status":"closed","sticky":false,"template":"","format":"standard","meta":{"_acf_changed":false,"footnotes":""},"categories":[1],"tags":[],"class_list":["post-2089","post","type-post","status-publish","format-standard","hentry","category-frettir","no-post-thumbnail"],"acf":[],"yoast_head":"<!-- This site is optimized with the Yoast SEO plugin v24.0 - https:\/\/yoast.com\/wordpress\/plugins\/seo\/ -->\n<title>St\u00f3ra Upplestrarkeppnin - Grunnsk\u00f3linn \u00ed Borgarnesi<\/title>\n<meta name=\"robots\" content=\"index, follow, max-snippet:-1, max-image-preview:large, max-video-preview:-1\" \/>\n<link rel=\"canonical\" href=\"https:\/\/dev.borgarbyggd.is\/grunnborg\/frettir\/stora-upplestrarkeppnin-2\/\" \/>\n<meta property=\"og:locale\" content=\"en_US\" \/>\n<meta property=\"og:type\" content=\"article\" \/>\n<meta property=\"og:title\" content=\"St\u00f3ra Upplestrarkeppnin - Grunnsk\u00f3linn \u00ed Borgarnesi\" \/>\n<meta property=\"og:description\" content=\"St\u00f3ra Upplestrarkeppnin var haldin \u00e1 Varmalandi \u00ed Borgarfir\u00f0i mi\u00f0vikudaginn 19. mars. En keppnin er samstarfsverkefni nokkurra grunnsk\u00f3la \u00e1 Vesturlandi.\u00a0 Grunnsk\u00f3linn \u00ed Borgarnesi \u00e1tti tvo fulltr\u00faa, \u00fe\u00e6r \u00c1sd\u00edsi Veru Gunnarsd\u00f3ttur og S\u00f3leyju R\u00f3su Sigurj\u00f3nsd\u00f3ttur. \u00de\u00e6r st\u00f3\u00f0u sig b\u00e1\u00f0ar me\u00f0 stakri pr\u00fd\u00f0i og S\u00f3ley R\u00f3sa st\u00f3\u00f0 uppi sem sigurvegari keppninnar \u00ed \u00e1r.\" \/>\n<meta property=\"og:url\" content=\"https:\/\/dev.borgarbyggd.is\/grunnborg\/frettir\/stora-upplestrarkeppnin-2\/\" \/>\n<meta property=\"og:site_name\" content=\"Grunnsk\u00f3linn \u00ed Borgarnesi\" \/>\n<meta property=\"article:published_time\" content=\"2025-03-21T07:55:45+00:00\" \/>\n<meta property=\"article:modified_time\" content=\"2025-03-21T07:56:48+00:00\" \/>\n<meta property=\"og:image\" content=\"https:\/\/dev.borgarbyggd.is\/grunnborg\/wp-content\/uploads\/sites\/2\/2025\/03\/20250319_142049-scaled.jpg\" \/>\n\t<meta property=\"og:image:width\" content=\"1244\" \/>\n\t<meta property=\"og:image:height\" content=\"2560\" \/>\n\t<meta property=\"og:image:type\" content=\"image\/jpeg\" \/>\n<meta name=\"author\" content=\"guddis\" \/>\n<meta name=\"twitter:card\" content=\"summary_large_image\" \/>\n<meta name=\"twitter:label1\" content=\"Written by\" \/>\n\t<meta name=\"twitter:data1\" content=\"guddis\" \/>\n\t<meta name=\"twitter:label2\" content=\"Est. reading time\" \/>\n\t<meta name=\"twitter:data2\" content=\"2 minutes\" \/>\n<script type=\"application\/ld+json\" class=\"yoast-schema-graph\">{\"@context\":\"https:\/\/schema.org\",\"@graph\":[{\"@type\":\"WebPage\",\"@id\":\"https:\/\/dev.borgarbyggd.is\/grunnborg\/frettir\/stora-upplestrarkeppnin-2\/\",\"url\":\"https:\/\/dev.borgarbyggd.is\/grunnborg\/frettir\/stora-upplestrarkeppnin-2\/\",\"name\":\"St\u00f3ra Upplestrarkeppnin - Grunnsk\u00f3linn \u00ed Borgarnesi\",\"isPartOf\":{\"@id\":\"https:\/\/dev.borgarbyggd.is\/grunnborg\/#website\"},\"primaryImageOfPage\":{\"@id\":\"https:\/\/dev.borgarbyggd.is\/grunnborg\/frettir\/stora-upplestrarkeppnin-2\/#primaryimage\"},\"image\":{\"@id\":\"https:\/\/dev.borgarbyggd.is\/grunnborg\/frettir\/stora-upplestrarkeppnin-2\/#primaryimage\"},\"thumbnailUrl\":\"https:\/\/dev.borgarbyggd.is\/grunnborg\/wp-content\/uploads\/sites\/2\/2025\/03\/20250319_142049-146x300.jpg\",\"datePublished\":\"2025-03-21T07:55:45+00:00\",\"dateModified\":\"2025-03-21T07:56:48+00:00\",\"author\":{\"@id\":\"https:\/\/dev.borgarbyggd.is\/grunnborg\/#\/schema\/person\/17a330ec2c07817e93411c3b6608f7d6\"},\"breadcrumb\":{\"@id\":\"https:\/\/dev.borgarbyggd.is\/grunnborg\/frettir\/stora-upplestrarkeppnin-2\/#breadcrumb\"},\"inLanguage\":\"en-US\",\"potentialAction\":[{\"@type\":\"ReadAction\",\"target\":[\"https:\/\/dev.borgarbyggd.is\/grunnborg\/frettir\/stora-upplestrarkeppnin-2\/\"]}]},{\"@type\":\"ImageObject\",\"inLanguage\":\"en-US\",\"@id\":\"https:\/\/dev.borgarbyggd.is\/grunnborg\/frettir\/stora-upplestrarkeppnin-2\/#primaryimage\",\"url\":\"https:\/\/dev.borgarbyggd.is\/grunnborg\/wp-content\/uploads\/sites\/2\/2025\/03\/20250319_142049-scaled.jpg\",\"contentUrl\":\"https:\/\/dev.borgarbyggd.is\/grunnborg\/wp-content\/uploads\/sites\/2\/2025\/03\/20250319_142049-scaled.jpg\",\"width\":1244,\"height\":2560},{\"@type\":\"BreadcrumbList\",\"@id\":\"https:\/\/dev.borgarbyggd.is\/grunnborg\/frettir\/stora-upplestrarkeppnin-2\/#breadcrumb\",\"itemListElement\":[{\"@type\":\"ListItem\",\"position\":1,\"name\":\"Home\",\"item\":\"https:\/\/dev.borgarbyggd.is\/grunnborg\/\"},{\"@type\":\"ListItem\",\"position\":2,\"name\":\"St\u00f3ra Upplestrarkeppnin\"}]},{\"@type\":\"WebSite\",\"@id\":\"https:\/\/dev.borgarbyggd.is\/grunnborg\/#website\",\"url\":\"https:\/\/dev.borgarbyggd.is\/grunnborg\/\",\"name\":\"Grunnsk\u00f3linn \u00ed Borgarnesi\",\"description\":\"\",\"potentialAction\":[{\"@type\":\"SearchAction\",\"target\":{\"@type\":\"EntryPoint\",\"urlTemplate\":\"https:\/\/dev.borgarbyggd.is\/grunnborg\/?s={search_term_string}\"},\"query-input\":{\"@type\":\"PropertyValueSpecification\",\"valueRequired\":true,\"valueName\":\"search_term_string\"}}],\"inLanguage\":\"en-US\"},{\"@type\":\"Person\",\"@id\":\"https:\/\/dev.borgarbyggd.is\/grunnborg\/#\/schema\/person\/17a330ec2c07817e93411c3b6608f7d6\",\"name\":\"guddis\",\"image\":{\"@type\":\"ImageObject\",\"inLanguage\":\"en-US\",\"@id\":\"https:\/\/dev.borgarbyggd.is\/grunnborg\/#\/schema\/person\/image\/\",\"url\":\"https:\/\/secure.gravatar.com\/avatar\/18789ddb8185f2ed19fe02cbd026d1bfc4089f85cd4014786e1e9196a00ded49?s=96&d=mm&r=g\",\"contentUrl\":\"https:\/\/secure.gravatar.com\/avatar\/18789ddb8185f2ed19fe02cbd026d1bfc4089f85cd4014786e1e9196a00ded49?s=96&d=mm&r=g\",\"caption\":\"guddis\"},\"url\":\"https:\/\/dev.borgarbyggd.is\/grunnborg\/author\/guddis\/\"}]}<\/script>\n<!-- \/ Yoast SEO plugin. -->","yoast_head_json":{"title":"St\u00f3ra Upplestrarkeppnin - Grunnsk\u00f3linn \u00ed Borgarnesi","robots":{"index":"index","follow":"follow","max-snippet":"max-snippet:-1","max-image-preview":"max-image-preview:large","max-video-preview":"max-video-preview:-1"},"canonical":"https:\/\/dev.borgarbyggd.is\/grunnborg\/frettir\/stora-upplestrarkeppnin-2\/","og_locale":"en_US","og_type":"article","og_title":"St\u00f3ra Upplestrarkeppnin - Grunnsk\u00f3linn \u00ed Borgarnesi","og_description":"St\u00f3ra Upplestrarkeppnin var haldin \u00e1 Varmalandi \u00ed Borgarfir\u00f0i mi\u00f0vikudaginn 19. mars. En keppnin er samstarfsverkefni nokkurra grunnsk\u00f3la \u00e1 Vesturlandi.\u00a0 Grunnsk\u00f3linn \u00ed Borgarnesi \u00e1tti tvo fulltr\u00faa, \u00fe\u00e6r \u00c1sd\u00edsi Veru Gunnarsd\u00f3ttur og S\u00f3leyju R\u00f3su Sigurj\u00f3nsd\u00f3ttur. \u00de\u00e6r st\u00f3\u00f0u sig b\u00e1\u00f0ar me\u00f0 stakri pr\u00fd\u00f0i og S\u00f3ley R\u00f3sa st\u00f3\u00f0 uppi sem sigurvegari keppninnar \u00ed \u00e1r.","og_url":"https:\/\/dev.borgarbyggd.is\/grunnborg\/frettir\/stora-upplestrarkeppnin-2\/","og_site_name":"Grunnsk\u00f3linn \u00ed Borgarnesi","article_published_time":"2025-03-21T07:55:45+00:00","article_modified_time":"2025-03-21T07:56:48+00:00","og_image":[{"width":1244,"height":2560,"url":"https:\/\/dev.borgarbyggd.is\/grunnborg\/wp-content\/uploads\/sites\/2\/2025\/03\/20250319_142049-scaled.jpg","type":"image\/jpeg"}],"author":"guddis","twitter_card":"summary_large_image","twitter_misc":{"Written by":"guddis","Est. reading time":"2 minutes"},"schema":{"@context":"https:\/\/schema.org","@graph":[{"@type":"WebPage","@id":"https:\/\/dev.borgarbyggd.is\/grunnborg\/frettir\/stora-upplestrarkeppnin-2\/","url":"https:\/\/dev.borgarbyggd.is\/grunnborg\/frettir\/stora-upplestrarkeppnin-2\/","name":"St\u00f3ra Upplestrarkeppnin - Grunnsk\u00f3linn \u00ed Borgarnesi","isPartOf":{"@id":"https:\/\/dev.borgarbyggd.is\/grunnborg\/#website"},"primaryImageOfPage":{"@id":"https:\/\/dev.borgarbyggd.is\/grunnborg\/frettir\/stora-upplestrarkeppnin-2\/#primaryimage"},"image":{"@id":"https:\/\/dev.borgarbyggd.is\/grunnborg\/frettir\/stora-upplestrarkeppnin-2\/#primaryimage"},"thumbnailUrl":"https:\/\/dev.borgarbyggd.is\/grunnborg\/wp-content\/uploads\/sites\/2\/2025\/03\/20250319_142049-146x300.jpg","datePublished":"2025-03-21T07:55:45+00:00","dateModified":"2025-03-21T07:56:48+00:00","author":{"@id":"https:\/\/dev.borgarbyggd.is\/grunnborg\/#\/schema\/person\/17a330ec2c07817e93411c3b6608f7d6"},"breadcrumb":{"@id":"https:\/\/dev.borgarbyggd.is\/grunnborg\/frettir\/stora-upplestrarkeppnin-2\/#breadcrumb"},"inLanguage":"en-US","potentialAction":[{"@type":"ReadAction","target":["https:\/\/dev.borgarbyggd.is\/grunnborg\/frettir\/stora-upplestrarkeppnin-2\/"]}]},{"@type":"ImageObject","inLanguage":"en-US","@id":"https:\/\/dev.borgarbyggd.is\/grunnborg\/frettir\/stora-upplestrarkeppnin-2\/#primaryimage","url":"https:\/\/dev.borgarbyggd.is\/grunnborg\/wp-content\/uploads\/sites\/2\/2025\/03\/20250319_142049-scaled.jpg","contentUrl":"https:\/\/dev.borgarbyggd.is\/grunnborg\/wp-content\/uploads\/sites\/2\/2025\/03\/20250319_142049-scaled.jpg","width":1244,"height":2560},{"@type":"BreadcrumbList","@id":"https:\/\/dev.borgarbyggd.is\/grunnborg\/frettir\/stora-upplestrarkeppnin-2\/#breadcrumb","itemListElement":[{"@type":"ListItem","position":1,"name":"Home","item":"https:\/\/dev.borgarbyggd.is\/grunnborg\/"},{"@type":"ListItem","position":2,"name":"St\u00f3ra Upplestrarkeppnin"}]},{"@type":"WebSite","@id":"https:\/\/dev.borgarbyggd.is\/grunnborg\/#website","url":"https:\/\/dev.borgarbyggd.is\/grunnborg\/","name":"Grunnsk\u00f3linn \u00ed Borgarnesi","description":"","potentialAction":[{"@type":"SearchAction","target":{"@type":"EntryPoint","urlTemplate":"https:\/\/dev.borgarbyggd.is\/grunnborg\/?s={search_term_string}"},"query-input":{"@type":"PropertyValueSpecification","valueRequired":true,"valueName":"search_term_string"}}],"inLanguage":"en-US"},{"@type":"Person","@id":"https:\/\/dev.borgarbyggd.is\/grunnborg\/#\/schema\/person\/17a330ec2c07817e93411c3b6608f7d6","name":"guddis","image":{"@type":"ImageObject","inLanguage":"en-US","@id":"https:\/\/dev.borgarbyggd.is\/grunnborg\/#\/schema\/person\/image\/","url":"https:\/\/secure.gravatar.com\/avatar\/18789ddb8185f2ed19fe02cbd026d1bfc4089f85cd4014786e1e9196a00ded49?s=96&d=mm&r=g","contentUrl":"https:\/\/secure.gravatar.com\/avatar\/18789ddb8185f2ed19fe02cbd026d1bfc4089f85cd4014786e1e9196a00ded49?s=96&d=mm&r=g","caption":"guddis"},"url":"https:\/\/dev.borgarbyggd.is\/grunnborg\/author\/guddis\/"}]}},"_links":{"self":[{"href":"https:\/\/dev.borgarbyggd.is\/grunnborg\/wp-json\/wp\/v2\/posts\/2089","targetHints":{"allow":["GET"]}}],"collection":[{"href":"https:\/\/dev.borgarbyggd.is\/grunnborg\/wp-json\/wp\/v2\/posts"}],"about":[{"href":"https:\/\/dev.borgarbyggd.is\/grunnborg\/wp-json\/wp\/v2\/types\/post"}],"author":[{"embeddable":true,"href":"https:\/\/dev.borgarbyggd.is\/grunnborg\/wp-json\/wp\/v2\/users\/43"}],"replies":[{"embeddable":true,"href":"https:\/\/dev.borgarbyggd.is\/grunnborg\/wp-json\/wp\/v2\/comments?post=2089"}],"version-history":[{"count":0,"href":"https:\/\/dev.borgarbyggd.is\/grunnborg\/wp-json\/wp\/v2\/posts\/2089\/revisions"}],"wp:attachment":[{"href":"https:\/\/dev.borgarbyggd.is\/grunnborg\/wp-json\/wp\/v2\/media?parent=2089"}],"wp:term":[{"taxonomy":"category","embeddable":true,"href":"https:\/\/dev.borgarbyggd.is\/grunnborg\/wp-json\/wp\/v2\/categories?post=2089"},{"taxonomy":"post_tag","embeddable":true,"href":"https:\/\/dev.borgarbyggd.is\/grunnborg\/wp-json\/wp\/v2\/tags?post=2089"}],"curies":[{"name":"wp","href":"https:\/\/api.w.org\/{rel}","templated":true}]}}