{"id":2080,"date":"2025-03-19T09:40:47","date_gmt":"2025-03-19T09:40:47","guid":{"rendered":"https:\/\/dev.borgarbyggd.is\/grunnborg\/?p=2080"},"modified":"2025-03-19T16:03:57","modified_gmt":"2025-03-19T16:03:57","slug":"gjafir-fra-oldunni","status":"publish","type":"post","link":"https:\/\/dev.borgarbyggd.is\/grunnborg\/frettir\/gjafir-fra-oldunni\/","title":{"rendered":"Gjafir fr\u00e1 \u00d6ldunni"},"content":{"rendered":"<div class=\"x_elementToProof\" data-olk-copy-source=\"MessageBody\">Aldan er vinnustofa fyrir f\u00f3lk me\u00f0 skerta starfsgetu. \u00dear fer fram starfs- og f\u00e9lags\u00fej\u00e1lfun \u00fear sem \u00e1hersla er l\u00f6g\u00f0 \u00e1 a\u00f0 vi\u00f0halda og auka sj\u00e1lfst\u00e6\u00f0 vinnubr\u00f6g\u00f0, starfs\u00ferek og f\u00e9laglega f\u00e6rni.<br \/>\n\u00c1 s\u00ed\u00f0ustu d\u00f6gunum hefur okkur borist skemmtilegar gjafir fr\u00e1 \u00d6ldunni. En \u00de\u00f3r\u00f0ur K\u00e1rason hefur hanna\u00f0 og sm\u00ed\u00f0a\u00f0 gjafir handa nemendum \u00ed\u00a0 1. &#8211; 7. bekk. \u00de\u00f3r\u00f0ur lag\u00f0i miki\u00f0 upp \u00far \u00fev\u00ed a\u00f0 gjafirnar hentu\u00f0u hverjum bekk fyrir sig og voru \u00fe\u00e6r \u00fatf\u00e6r\u00f0ar sem allskonar \u00ferautir.<\/div>\n<div class=\"x_elementToProof\">Ragnar Magni, Benni og \u00d6lver komu me\u00f0 \u00de\u00f3r\u00f0i \u00ed sk\u00f3lann og afhentu bekkjunum gjafirnir.<\/div>\n<div><\/div>\n<div><\/div>\n<div>Vi\u00f0 \u00fe\u00f6kkum \u00feeim k\u00e6rlega fyrir.<\/div>\n<div><img loading=\"lazy\" decoding=\"async\" class=\"size-medium wp-image-2081 alignleft\" src=\"https:\/\/dev.borgarbyggd.is\/grunnborg\/wp-content\/uploads\/sites\/2\/2025\/03\/1000000697-300x225.jpg\" alt=\"\" width=\"300\" height=\"225\" srcset=\"https:\/\/dev.borgarbyggd.is\/grunnborg\/wp-content\/uploads\/sites\/2\/2025\/03\/1000000697-300x225.jpg 300w, https:\/\/dev.borgarbyggd.is\/grunnborg\/wp-content\/uploads\/sites\/2\/2025\/03\/1000000697-1024x768.jpg 1024w, https:\/\/dev.borgarbyggd.is\/grunnborg\/wp-content\/uploads\/sites\/2\/2025\/03\/1000000697-768x576.jpg 768w, https:\/\/dev.borgarbyggd.is\/grunnborg\/wp-content\/uploads\/sites\/2\/2025\/03\/1000000697-1536x1152.jpg 1536w, https:\/\/dev.borgarbyggd.is\/grunnborg\/wp-content\/uploads\/sites\/2\/2025\/03\/1000000697-2048x1536.jpg 2048w, https:\/\/dev.borgarbyggd.is\/grunnborg\/wp-content\/uploads\/sites\/2\/2025\/03\/1000000697-100x75.jpg 100w, https:\/\/dev.borgarbyggd.is\/grunnborg\/wp-content\/uploads\/sites\/2\/2025\/03\/1000000697-1200x900.jpg 1200w\" sizes=\"auto, (max-width: 300px) 100vw, 300px\" \/> <img loading=\"lazy\" decoding=\"async\" class=\"size-medium wp-image-2082 alignleft\" src=\"https:\/\/dev.borgarbyggd.is\/grunnborg\/wp-content\/uploads\/sites\/2\/2025\/03\/1000000693-225x300.jpg\" alt=\"\" width=\"225\" height=\"300\" srcset=\"https:\/\/dev.borgarbyggd.is\/grunnborg\/wp-content\/uploads\/sites\/2\/2025\/03\/1000000693-225x300.jpg 225w, https:\/\/dev.borgarbyggd.is\/grunnborg\/wp-content\/uploads\/sites\/2\/2025\/03\/1000000693-768x1024.jpg 768w, https:\/\/dev.borgarbyggd.is\/grunnborg\/wp-content\/uploads\/sites\/2\/2025\/03\/1000000693-1152x1536.jpg 1152w, https:\/\/dev.borgarbyggd.is\/grunnborg\/wp-content\/uploads\/sites\/2\/2025\/03\/1000000693-1536x2048.jpg 1536w, https:\/\/dev.borgarbyggd.is\/grunnborg\/wp-content\/uploads\/sites\/2\/2025\/03\/1000000693-100x133.jpg 100w, https:\/\/dev.borgarbyggd.is\/grunnborg\/wp-content\/uploads\/sites\/2\/2025\/03\/1000000693-1200x1600.jpg 1200w, https:\/\/dev.borgarbyggd.is\/grunnborg\/wp-content\/uploads\/sites\/2\/2025\/03\/1000000693-scaled.jpg 1920w\" sizes=\"auto, (max-width: 225px) 100vw, 225px\" \/> <img loading=\"lazy\" decoding=\"async\" class=\"size-medium wp-image-2083 alignleft\" src=\"https:\/\/dev.borgarbyggd.is\/grunnborg\/wp-content\/uploads\/sites\/2\/2025\/03\/1000000695-300x225.jpg\" alt=\"\" width=\"300\" height=\"225\" srcset=\"https:\/\/dev.borgarbyggd.is\/grunnborg\/wp-content\/uploads\/sites\/2\/2025\/03\/1000000695-300x225.jpg 300w, https:\/\/dev.borgarbyggd.is\/grunnborg\/wp-content\/uploads\/sites\/2\/2025\/03\/1000000695-1024x768.jpg 1024w, https:\/\/dev.borgarbyggd.is\/grunnborg\/wp-content\/uploads\/sites\/2\/2025\/03\/1000000695-768x576.jpg 768w, https:\/\/dev.borgarbyggd.is\/grunnborg\/wp-content\/uploads\/sites\/2\/2025\/03\/1000000695-1536x1152.jpg 1536w, https:\/\/dev.borgarbyggd.is\/grunnborg\/wp-content\/uploads\/sites\/2\/2025\/03\/1000000695-2048x1536.jpg 2048w, https:\/\/dev.borgarbyggd.is\/grunnborg\/wp-content\/uploads\/sites\/2\/2025\/03\/1000000695-100x75.jpg 100w, https:\/\/dev.borgarbyggd.is\/grunnborg\/wp-content\/uploads\/sites\/2\/2025\/03\/1000000695-1200x900.jpg 1200w\" sizes=\"auto, (max-width: 300px) 100vw, 300px\" \/> <img loading=\"lazy\" decoding=\"async\" class=\"size-medium wp-image-2084 alignleft\" src=\"https:\/\/dev.borgarbyggd.is\/grunnborg\/wp-content\/uploads\/sites\/2\/2025\/03\/1000000696-300x225.jpg\" alt=\"\" width=\"300\" height=\"225\" srcset=\"https:\/\/dev.borgarbyggd.is\/grunnborg\/wp-content\/uploads\/sites\/2\/2025\/03\/1000000696-300x225.jpg 300w, https:\/\/dev.borgarbyggd.is\/grunnborg\/wp-content\/uploads\/sites\/2\/2025\/03\/1000000696-1024x768.jpg 1024w, https:\/\/dev.borgarbyggd.is\/grunnborg\/wp-content\/uploads\/sites\/2\/2025\/03\/1000000696-768x576.jpg 768w, https:\/\/dev.borgarbyggd.is\/grunnborg\/wp-content\/uploads\/sites\/2\/2025\/03\/1000000696-1536x1152.jpg 1536w, https:\/\/dev.borgarbyggd.is\/grunnborg\/wp-content\/uploads\/sites\/2\/2025\/03\/1000000696-2048x1536.jpg 2048w, https:\/\/dev.borgarbyggd.is\/grunnborg\/wp-content\/uploads\/sites\/2\/2025\/03\/1000000696-100x75.jpg 100w, https:\/\/dev.borgarbyggd.is\/grunnborg\/wp-content\/uploads\/sites\/2\/2025\/03\/1000000696-1200x900.jpg 1200w\" sizes=\"auto, (max-width: 300px) 100vw, 300px\" \/><\/div>\n<div><img loading=\"lazy\" decoding=\"async\" class=\"size-medium wp-image-2086 alignleft\" src=\"https:\/\/dev.borgarbyggd.is\/grunnborg\/wp-content\/uploads\/sites\/2\/2025\/03\/485084113_2476572609353008_7704699349675739836_n-300x225.jpg\" alt=\"\" width=\"300\" height=\"225\" srcset=\"https:\/\/dev.borgarbyggd.is\/grunnborg\/wp-content\/uploads\/sites\/2\/2025\/03\/485084113_2476572609353008_7704699349675739836_n-300x225.jpg 300w, https:\/\/dev.borgarbyggd.is\/grunnborg\/wp-content\/uploads\/sites\/2\/2025\/03\/485084113_2476572609353008_7704699349675739836_n-1024x768.jpg 1024w, https:\/\/dev.borgarbyggd.is\/grunnborg\/wp-content\/uploads\/sites\/2\/2025\/03\/485084113_2476572609353008_7704699349675739836_n-768x576.jpg 768w, https:\/\/dev.borgarbyggd.is\/grunnborg\/wp-content\/uploads\/sites\/2\/2025\/03\/485084113_2476572609353008_7704699349675739836_n-1536x1152.jpg 1536w, https:\/\/dev.borgarbyggd.is\/grunnborg\/wp-content\/uploads\/sites\/2\/2025\/03\/485084113_2476572609353008_7704699349675739836_n-100x75.jpg 100w, https:\/\/dev.borgarbyggd.is\/grunnborg\/wp-content\/uploads\/sites\/2\/2025\/03\/485084113_2476572609353008_7704699349675739836_n-1200x900.jpg 1200w, https:\/\/dev.borgarbyggd.is\/grunnborg\/wp-content\/uploads\/sites\/2\/2025\/03\/485084113_2476572609353008_7704699349675739836_n.jpg 1600w\" sizes=\"auto, (max-width: 300px) 100vw, 300px\" \/><img loading=\"lazy\" decoding=\"async\" class=\"size-medium wp-image-2087 alignleft\" src=\"https:\/\/dev.borgarbyggd.is\/grunnborg\/wp-content\/uploads\/sites\/2\/2025\/03\/485088180_629542796514960_4078154961084448445_n-225x300.jpg\" alt=\"\" width=\"225\" height=\"300\" srcset=\"https:\/\/dev.borgarbyggd.is\/grunnborg\/wp-content\/uploads\/sites\/2\/2025\/03\/485088180_629542796514960_4078154961084448445_n-225x300.jpg 225w, https:\/\/dev.borgarbyggd.is\/grunnborg\/wp-content\/uploads\/sites\/2\/2025\/03\/485088180_629542796514960_4078154961084448445_n-768x1024.jpg 768w, https:\/\/dev.borgarbyggd.is\/grunnborg\/wp-content\/uploads\/sites\/2\/2025\/03\/485088180_629542796514960_4078154961084448445_n-1152x1536.jpg 1152w, https:\/\/dev.borgarbyggd.is\/grunnborg\/wp-content\/uploads\/sites\/2\/2025\/03\/485088180_629542796514960_4078154961084448445_n-100x133.jpg 100w, https:\/\/dev.borgarbyggd.is\/grunnborg\/wp-content\/uploads\/sites\/2\/2025\/03\/485088180_629542796514960_4078154961084448445_n.jpg 1200w\" sizes=\"auto, (max-width: 225px) 100vw, 225px\" \/><img loading=\"lazy\" decoding=\"async\" class=\"size-medium wp-image-2085 alignleft\" src=\"https:\/\/dev.borgarbyggd.is\/grunnborg\/wp-content\/uploads\/sites\/2\/2025\/03\/485083847_513206368508443_3503035039383182422_n-225x300.jpg\" alt=\"\" width=\"225\" height=\"300\" srcset=\"https:\/\/dev.borgarbyggd.is\/grunnborg\/wp-content\/uploads\/sites\/2\/2025\/03\/485083847_513206368508443_3503035039383182422_n-225x300.jpg 225w, https:\/\/dev.borgarbyggd.is\/grunnborg\/wp-content\/uploads\/sites\/2\/2025\/03\/485083847_513206368508443_3503035039383182422_n-768x1024.jpg 768w, https:\/\/dev.borgarbyggd.is\/grunnborg\/wp-content\/uploads\/sites\/2\/2025\/03\/485083847_513206368508443_3503035039383182422_n-1152x1536.jpg 1152w, https:\/\/dev.borgarbyggd.is\/grunnborg\/wp-content\/uploads\/sites\/2\/2025\/03\/485083847_513206368508443_3503035039383182422_n-100x133.jpg 100w, https:\/\/dev.borgarbyggd.is\/grunnborg\/wp-content\/uploads\/sites\/2\/2025\/03\/485083847_513206368508443_3503035039383182422_n.jpg 1200w\" sizes=\"auto, (max-width: 225px) 100vw, 225px\" \/><\/div>\n<div><\/div>\n<div><\/div>\n<div><\/div>\n","protected":false},"excerpt":{"rendered":"<p>Aldan er vinnustofa fyrir f\u00f3lk me\u00f0 skerta starfsgetu. \u00dear fer fram starfs- og f\u00e9lags\u00fej\u00e1lfun \u00fear sem \u00e1hersla er l\u00f6g\u00f0 \u00e1 a\u00f0 vi\u00f0halda og auka sj\u00e1lfst\u00e6\u00f0 vinnubr\u00f6g\u00f0, starfs\u00ferek og f\u00e9laglega f\u00e6rni. \u00c1 s\u00ed\u00f0ustu d\u00f6gunum hefur okkur borist skemmtilegar gjafir fr\u00e1 \u00d6ldunni. En \u00de\u00f3r\u00f0ur K\u00e1rason hefur hanna\u00f0 og sm\u00ed\u00f0a\u00f0 gjafir handa nemendum \u00ed\u00a0 1. &#8211; 7. bekk. \u00de\u00f3r\u00f0ur lag\u00f0i miki\u00f0 upp \u00far &#8230; <\/p>\n<div><a href=\"https:\/\/dev.borgarbyggd.is\/grunnborg\/frettir\/gjafir-fra-oldunni\/\" class=\"more-link\">Read More<\/a><\/div>\n","protected":false},"author":43,"featured_media":2082,"comment_status":"closed","ping_status":"closed","sticky":false,"template":"","format":"standard","meta":{"_acf_changed":false,"footnotes":""},"categories":[1],"tags":[],"class_list":["post-2080","post","type-post","status-publish","format-standard","has-post-thumbnail","hentry","category-frettir"],"acf":[],"yoast_head":"<!-- This site is optimized with the Yoast SEO plugin v24.0 - https:\/\/yoast.com\/wordpress\/plugins\/seo\/ -->\n<title>Gjafir fr\u00e1 \u00d6ldunni - Grunnsk\u00f3linn \u00ed Borgarnesi<\/title>\n<meta name=\"robots\" content=\"index, follow, max-snippet:-1, max-image-preview:large, max-video-preview:-1\" \/>\n<link rel=\"canonical\" href=\"https:\/\/dev.borgarbyggd.is\/grunnborg\/frettir\/gjafir-fra-oldunni\/\" \/>\n<meta property=\"og:locale\" content=\"en_US\" \/>\n<meta property=\"og:type\" content=\"article\" \/>\n<meta property=\"og:title\" content=\"Gjafir fr\u00e1 \u00d6ldunni - Grunnsk\u00f3linn \u00ed Borgarnesi\" \/>\n<meta property=\"og:description\" content=\"Aldan er vinnustofa fyrir f\u00f3lk me\u00f0 skerta starfsgetu. \u00dear fer fram starfs- og f\u00e9lags\u00fej\u00e1lfun \u00fear sem \u00e1hersla er l\u00f6g\u00f0 \u00e1 a\u00f0 vi\u00f0halda og auka sj\u00e1lfst\u00e6\u00f0 vinnubr\u00f6g\u00f0, starfs\u00ferek og f\u00e9laglega f\u00e6rni. \u00c1 s\u00ed\u00f0ustu d\u00f6gunum hefur okkur borist skemmtilegar gjafir fr\u00e1 \u00d6ldunni. En \u00de\u00f3r\u00f0ur K\u00e1rason hefur hanna\u00f0 og sm\u00ed\u00f0a\u00f0 gjafir handa nemendum \u00ed\u00a0 1. &#8211; 7. bekk. \u00de\u00f3r\u00f0ur lag\u00f0i miki\u00f0 upp \u00far ... Read More\" \/>\n<meta property=\"og:url\" content=\"https:\/\/dev.borgarbyggd.is\/grunnborg\/frettir\/gjafir-fra-oldunni\/\" \/>\n<meta property=\"og:site_name\" content=\"Grunnsk\u00f3linn \u00ed Borgarnesi\" \/>\n<meta property=\"article:published_time\" content=\"2025-03-19T09:40:47+00:00\" \/>\n<meta property=\"article:modified_time\" content=\"2025-03-19T16:03:57+00:00\" \/>\n<meta property=\"og:image\" content=\"https:\/\/dev.borgarbyggd.is\/grunnborg\/wp-content\/uploads\/sites\/2\/2025\/03\/1000000693-scaled.jpg\" \/>\n\t<meta property=\"og:image:width\" content=\"1920\" \/>\n\t<meta property=\"og:image:height\" content=\"2560\" \/>\n\t<meta property=\"og:image:type\" content=\"image\/jpeg\" \/>\n<meta name=\"author\" content=\"guddis\" \/>\n<meta name=\"twitter:card\" content=\"summary_large_image\" \/>\n<meta name=\"twitter:label1\" content=\"Written by\" \/>\n\t<meta name=\"twitter:data1\" content=\"guddis\" \/>\n\t<meta name=\"twitter:label2\" content=\"Est. reading time\" \/>\n\t<meta name=\"twitter:data2\" content=\"3 minutes\" \/>\n<script type=\"application\/ld+json\" class=\"yoast-schema-graph\">{\"@context\":\"https:\/\/schema.org\",\"@graph\":[{\"@type\":\"WebPage\",\"@id\":\"https:\/\/dev.borgarbyggd.is\/grunnborg\/frettir\/gjafir-fra-oldunni\/\",\"url\":\"https:\/\/dev.borgarbyggd.is\/grunnborg\/frettir\/gjafir-fra-oldunni\/\",\"name\":\"Gjafir fr\u00e1 \u00d6ldunni - Grunnsk\u00f3linn \u00ed Borgarnesi\",\"isPartOf\":{\"@id\":\"https:\/\/dev.borgarbyggd.is\/grunnborg\/#website\"},\"primaryImageOfPage\":{\"@id\":\"https:\/\/dev.borgarbyggd.is\/grunnborg\/frettir\/gjafir-fra-oldunni\/#primaryimage\"},\"image\":{\"@id\":\"https:\/\/dev.borgarbyggd.is\/grunnborg\/frettir\/gjafir-fra-oldunni\/#primaryimage\"},\"thumbnailUrl\":\"https:\/\/dev.borgarbyggd.is\/grunnborg\/wp-content\/uploads\/sites\/2\/2025\/03\/1000000693-scaled.jpg\",\"datePublished\":\"2025-03-19T09:40:47+00:00\",\"dateModified\":\"2025-03-19T16:03:57+00:00\",\"author\":{\"@id\":\"https:\/\/dev.borgarbyggd.is\/grunnborg\/#\/schema\/person\/17a330ec2c07817e93411c3b6608f7d6\"},\"breadcrumb\":{\"@id\":\"https:\/\/dev.borgarbyggd.is\/grunnborg\/frettir\/gjafir-fra-oldunni\/#breadcrumb\"},\"inLanguage\":\"en-US\",\"potentialAction\":[{\"@type\":\"ReadAction\",\"target\":[\"https:\/\/dev.borgarbyggd.is\/grunnborg\/frettir\/gjafir-fra-oldunni\/\"]}]},{\"@type\":\"ImageObject\",\"inLanguage\":\"en-US\",\"@id\":\"https:\/\/dev.borgarbyggd.is\/grunnborg\/frettir\/gjafir-fra-oldunni\/#primaryimage\",\"url\":\"https:\/\/dev.borgarbyggd.is\/grunnborg\/wp-content\/uploads\/sites\/2\/2025\/03\/1000000693-scaled.jpg\",\"contentUrl\":\"https:\/\/dev.borgarbyggd.is\/grunnborg\/wp-content\/uploads\/sites\/2\/2025\/03\/1000000693-scaled.jpg\",\"width\":1920,\"height\":2560},{\"@type\":\"BreadcrumbList\",\"@id\":\"https:\/\/dev.borgarbyggd.is\/grunnborg\/frettir\/gjafir-fra-oldunni\/#breadcrumb\",\"itemListElement\":[{\"@type\":\"ListItem\",\"position\":1,\"name\":\"Home\",\"item\":\"https:\/\/dev.borgarbyggd.is\/grunnborg\/\"},{\"@type\":\"ListItem\",\"position\":2,\"name\":\"Gjafir fr\u00e1 \u00d6ldunni\"}]},{\"@type\":\"WebSite\",\"@id\":\"https:\/\/dev.borgarbyggd.is\/grunnborg\/#website\",\"url\":\"https:\/\/dev.borgarbyggd.is\/grunnborg\/\",\"name\":\"Grunnsk\u00f3linn \u00ed Borgarnesi\",\"description\":\"\",\"potentialAction\":[{\"@type\":\"SearchAction\",\"target\":{\"@type\":\"EntryPoint\",\"urlTemplate\":\"https:\/\/dev.borgarbyggd.is\/grunnborg\/?s={search_term_string}\"},\"query-input\":{\"@type\":\"PropertyValueSpecification\",\"valueRequired\":true,\"valueName\":\"search_term_string\"}}],\"inLanguage\":\"en-US\"},{\"@type\":\"Person\",\"@id\":\"https:\/\/dev.borgarbyggd.is\/grunnborg\/#\/schema\/person\/17a330ec2c07817e93411c3b6608f7d6\",\"name\":\"guddis\",\"image\":{\"@type\":\"ImageObject\",\"inLanguage\":\"en-US\",\"@id\":\"https:\/\/dev.borgarbyggd.is\/grunnborg\/#\/schema\/person\/image\/\",\"url\":\"https:\/\/secure.gravatar.com\/avatar\/18789ddb8185f2ed19fe02cbd026d1bfc4089f85cd4014786e1e9196a00ded49?s=96&d=mm&r=g\",\"contentUrl\":\"https:\/\/secure.gravatar.com\/avatar\/18789ddb8185f2ed19fe02cbd026d1bfc4089f85cd4014786e1e9196a00ded49?s=96&d=mm&r=g\",\"caption\":\"guddis\"},\"url\":\"https:\/\/dev.borgarbyggd.is\/grunnborg\/author\/guddis\/\"}]}<\/script>\n<!-- \/ Yoast SEO plugin. -->","yoast_head_json":{"title":"Gjafir fr\u00e1 \u00d6ldunni - Grunnsk\u00f3linn \u00ed Borgarnesi","robots":{"index":"index","follow":"follow","max-snippet":"max-snippet:-1","max-image-preview":"max-image-preview:large","max-video-preview":"max-video-preview:-1"},"canonical":"https:\/\/dev.borgarbyggd.is\/grunnborg\/frettir\/gjafir-fra-oldunni\/","og_locale":"en_US","og_type":"article","og_title":"Gjafir fr\u00e1 \u00d6ldunni - Grunnsk\u00f3linn \u00ed Borgarnesi","og_description":"Aldan er vinnustofa fyrir f\u00f3lk me\u00f0 skerta starfsgetu. \u00dear fer fram starfs- og f\u00e9lags\u00fej\u00e1lfun \u00fear sem \u00e1hersla er l\u00f6g\u00f0 \u00e1 a\u00f0 vi\u00f0halda og auka sj\u00e1lfst\u00e6\u00f0 vinnubr\u00f6g\u00f0, starfs\u00ferek og f\u00e9laglega f\u00e6rni. \u00c1 s\u00ed\u00f0ustu d\u00f6gunum hefur okkur borist skemmtilegar gjafir fr\u00e1 \u00d6ldunni. En \u00de\u00f3r\u00f0ur K\u00e1rason hefur hanna\u00f0 og sm\u00ed\u00f0a\u00f0 gjafir handa nemendum \u00ed\u00a0 1. &#8211; 7. bekk. \u00de\u00f3r\u00f0ur lag\u00f0i miki\u00f0 upp \u00far ... Read More","og_url":"https:\/\/dev.borgarbyggd.is\/grunnborg\/frettir\/gjafir-fra-oldunni\/","og_site_name":"Grunnsk\u00f3linn \u00ed Borgarnesi","article_published_time":"2025-03-19T09:40:47+00:00","article_modified_time":"2025-03-19T16:03:57+00:00","og_image":[{"width":1920,"height":2560,"url":"https:\/\/dev.borgarbyggd.is\/grunnborg\/wp-content\/uploads\/sites\/2\/2025\/03\/1000000693-scaled.jpg","type":"image\/jpeg"}],"author":"guddis","twitter_card":"summary_large_image","twitter_misc":{"Written by":"guddis","Est. reading time":"3 minutes"},"schema":{"@context":"https:\/\/schema.org","@graph":[{"@type":"WebPage","@id":"https:\/\/dev.borgarbyggd.is\/grunnborg\/frettir\/gjafir-fra-oldunni\/","url":"https:\/\/dev.borgarbyggd.is\/grunnborg\/frettir\/gjafir-fra-oldunni\/","name":"Gjafir fr\u00e1 \u00d6ldunni - Grunnsk\u00f3linn \u00ed Borgarnesi","isPartOf":{"@id":"https:\/\/dev.borgarbyggd.is\/grunnborg\/#website"},"primaryImageOfPage":{"@id":"https:\/\/dev.borgarbyggd.is\/grunnborg\/frettir\/gjafir-fra-oldunni\/#primaryimage"},"image":{"@id":"https:\/\/dev.borgarbyggd.is\/grunnborg\/frettir\/gjafir-fra-oldunni\/#primaryimage"},"thumbnailUrl":"https:\/\/dev.borgarbyggd.is\/grunnborg\/wp-content\/uploads\/sites\/2\/2025\/03\/1000000693-scaled.jpg","datePublished":"2025-03-19T09:40:47+00:00","dateModified":"2025-03-19T16:03:57+00:00","author":{"@id":"https:\/\/dev.borgarbyggd.is\/grunnborg\/#\/schema\/person\/17a330ec2c07817e93411c3b6608f7d6"},"breadcrumb":{"@id":"https:\/\/dev.borgarbyggd.is\/grunnborg\/frettir\/gjafir-fra-oldunni\/#breadcrumb"},"inLanguage":"en-US","potentialAction":[{"@type":"ReadAction","target":["https:\/\/dev.borgarbyggd.is\/grunnborg\/frettir\/gjafir-fra-oldunni\/"]}]},{"@type":"ImageObject","inLanguage":"en-US","@id":"https:\/\/dev.borgarbyggd.is\/grunnborg\/frettir\/gjafir-fra-oldunni\/#primaryimage","url":"https:\/\/dev.borgarbyggd.is\/grunnborg\/wp-content\/uploads\/sites\/2\/2025\/03\/1000000693-scaled.jpg","contentUrl":"https:\/\/dev.borgarbyggd.is\/grunnborg\/wp-content\/uploads\/sites\/2\/2025\/03\/1000000693-scaled.jpg","width":1920,"height":2560},{"@type":"BreadcrumbList","@id":"https:\/\/dev.borgarbyggd.is\/grunnborg\/frettir\/gjafir-fra-oldunni\/#breadcrumb","itemListElement":[{"@type":"ListItem","position":1,"name":"Home","item":"https:\/\/dev.borgarbyggd.is\/grunnborg\/"},{"@type":"ListItem","position":2,"name":"Gjafir fr\u00e1 \u00d6ldunni"}]},{"@type":"WebSite","@id":"https:\/\/dev.borgarbyggd.is\/grunnborg\/#website","url":"https:\/\/dev.borgarbyggd.is\/grunnborg\/","name":"Grunnsk\u00f3linn \u00ed Borgarnesi","description":"","potentialAction":[{"@type":"SearchAction","target":{"@type":"EntryPoint","urlTemplate":"https:\/\/dev.borgarbyggd.is\/grunnborg\/?s={search_term_string}"},"query-input":{"@type":"PropertyValueSpecification","valueRequired":true,"valueName":"search_term_string"}}],"inLanguage":"en-US"},{"@type":"Person","@id":"https:\/\/dev.borgarbyggd.is\/grunnborg\/#\/schema\/person\/17a330ec2c07817e93411c3b6608f7d6","name":"guddis","image":{"@type":"ImageObject","inLanguage":"en-US","@id":"https:\/\/dev.borgarbyggd.is\/grunnborg\/#\/schema\/person\/image\/","url":"https:\/\/secure.gravatar.com\/avatar\/18789ddb8185f2ed19fe02cbd026d1bfc4089f85cd4014786e1e9196a00ded49?s=96&d=mm&r=g","contentUrl":"https:\/\/secure.gravatar.com\/avatar\/18789ddb8185f2ed19fe02cbd026d1bfc4089f85cd4014786e1e9196a00ded49?s=96&d=mm&r=g","caption":"guddis"},"url":"https:\/\/dev.borgarbyggd.is\/grunnborg\/author\/guddis\/"}]}},"_links":{"self":[{"href":"https:\/\/dev.borgarbyggd.is\/grunnborg\/wp-json\/wp\/v2\/posts\/2080","targetHints":{"allow":["GET"]}}],"collection":[{"href":"https:\/\/dev.borgarbyggd.is\/grunnborg\/wp-json\/wp\/v2\/posts"}],"about":[{"href":"https:\/\/dev.borgarbyggd.is\/grunnborg\/wp-json\/wp\/v2\/types\/post"}],"author":[{"embeddable":true,"href":"https:\/\/dev.borgarbyggd.is\/grunnborg\/wp-json\/wp\/v2\/users\/43"}],"replies":[{"embeddable":true,"href":"https:\/\/dev.borgarbyggd.is\/grunnborg\/wp-json\/wp\/v2\/comments?post=2080"}],"version-history":[{"count":0,"href":"https:\/\/dev.borgarbyggd.is\/grunnborg\/wp-json\/wp\/v2\/posts\/2080\/revisions"}],"wp:featuredmedia":[{"embeddable":true,"href":"https:\/\/dev.borgarbyggd.is\/grunnborg\/wp-json\/wp\/v2\/media\/2082"}],"wp:attachment":[{"href":"https:\/\/dev.borgarbyggd.is\/grunnborg\/wp-json\/wp\/v2\/media?parent=2080"}],"wp:term":[{"taxonomy":"category","embeddable":true,"href":"https:\/\/dev.borgarbyggd.is\/grunnborg\/wp-json\/wp\/v2\/categories?post=2080"},{"taxonomy":"post_tag","embeddable":true,"href":"https:\/\/dev.borgarbyggd.is\/grunnborg\/wp-json\/wp\/v2\/tags?post=2080"}],"curies":[{"name":"wp","href":"https:\/\/api.w.org\/{rel}","templated":true}]}}