{"id":2072,"date":"2025-03-14T12:37:34","date_gmt":"2025-03-14T12:37:34","guid":{"rendered":"https:\/\/dev.borgarbyggd.is\/grunnborg\/?p=2072"},"modified":"2025-03-14T12:44:19","modified_gmt":"2025-03-14T12:44:19","slug":"dagur-staerdfraedinnar","status":"publish","type":"post","link":"https:\/\/dev.borgarbyggd.is\/grunnborg\/frettir\/dagur-staerdfraedinnar\/","title":{"rendered":"Dagur st\u00e6r\u00f0fr\u00e6\u00f0innar"},"content":{"rendered":"<div class=\"wp-block-columns is-layout-flex wp-container-core-columns-is-layout-1 wp-block-columns-is-layout-flex\">\n<div class=\"wp-block-column is-layout-flow wp-block-column-is-layout-flow\">\n<p>Haldi\u00f0 er upp \u00e1\u00a0<a title=\"\" href=\"https:\/\/www.idm314.org\/\" target=\"_blank\" rel=\"noopener\">al\u00fej\u00f3\u00f0legan dag st\u00e6r\u00f0fr\u00e6\u00f0innar\u00a0<\/a>f\u00f6studaginn 14. mars 2025. Dagsetningin er engin tilviljun \u00fev\u00ed h\u00fan tengist t\u00f6lunni p\u00ed (3,14) sem er eitt \u00feekktasta t\u00e1kn st\u00e6r\u00f0fr\u00e6\u00f0innar.<\/p>\n<p>\u00deema\u00f0 \u00ed \u00e1r er\u00a0<a title=\"\" href=\"https:\/\/flatarmal.is\/wp-content\/uploads\/2025\/03\/Dagur-staerdfraedinnar-2025.pdf\" target=\"_blank\" rel=\"noopener\">st\u00e6r\u00f0fr\u00e6\u00f0i, listir og sk\u00f6pun<\/a> (e. Mathematics, art, and creativity). St\u00e6r\u00f0fr\u00e6\u00f0i og listir hafa veri\u00f0 samofin \u00ed gegnum t\u00ed\u00f0ina. Hvort sem um r\u00e6\u00f0ir samhverfur \u00ed n\u00e1tt\u00farunni, gullinsni\u00f0 \u00ed myndlist, endurtekningu og mynstur \u00ed t\u00f3nlist e\u00f0a reiknirit \u00ed t\u00f6lvulist er h\u00e6gt a\u00f0 sj\u00e1 hvernig st\u00e6r\u00f0fr\u00e6\u00f0ileg hugsun m\u00f3tar sk\u00f6pun \u00ed margv\u00edslegu formi. \u00cd gegnum t\u00ed\u00f0ina hafa listamenn n\u00fdtt st\u00e6r\u00f0fr\u00e6\u00f0ileg hugt\u00f6k til a\u00f0 skapa heillandi verk og \u00e1 sama t\u00edma hefur st\u00e6r\u00f0fr\u00e6\u00f0in krafist sk\u00f6punar \u00feegar kemur a\u00f0 lausnaleit og n\u00fdjum uppg\u00f6tvunum. (teki\u00f0 af flatarm\u00e1l.is)<\/p>\n<p>Vi\u00f0 l\u00e1tum nokkrar svipmyndir fr\u00e1 \u00feessum degi fylgja me\u00f0<\/p>\n<p><img loading=\"lazy\" decoding=\"async\" class=\"alignnone size-medium wp-image-2075\" src=\"https:\/\/dev.borgarbyggd.is\/grunnborg\/wp-content\/uploads\/sites\/2\/2025\/03\/1000000753-300x225.jpg\" alt=\"\" width=\"300\" height=\"225\" srcset=\"https:\/\/dev.borgarbyggd.is\/grunnborg\/wp-content\/uploads\/sites\/2\/2025\/03\/1000000753-300x225.jpg 300w, https:\/\/dev.borgarbyggd.is\/grunnborg\/wp-content\/uploads\/sites\/2\/2025\/03\/1000000753-1024x768.jpg 1024w, https:\/\/dev.borgarbyggd.is\/grunnborg\/wp-content\/uploads\/sites\/2\/2025\/03\/1000000753-768x576.jpg 768w, https:\/\/dev.borgarbyggd.is\/grunnborg\/wp-content\/uploads\/sites\/2\/2025\/03\/1000000753-1536x1152.jpg 1536w, https:\/\/dev.borgarbyggd.is\/grunnborg\/wp-content\/uploads\/sites\/2\/2025\/03\/1000000753-2048x1536.jpg 2048w, https:\/\/dev.borgarbyggd.is\/grunnborg\/wp-content\/uploads\/sites\/2\/2025\/03\/1000000753-100x75.jpg 100w, https:\/\/dev.borgarbyggd.is\/grunnborg\/wp-content\/uploads\/sites\/2\/2025\/03\/1000000753-1200x900.jpg 1200w\" sizes=\"auto, (max-width: 300px) 100vw, 300px\" \/> <img loading=\"lazy\" decoding=\"async\" class=\"alignnone size-medium wp-image-2076\" src=\"https:\/\/dev.borgarbyggd.is\/grunnborg\/wp-content\/uploads\/sites\/2\/2025\/03\/1000000754-300x225.jpg\" alt=\"\" width=\"300\" height=\"225\" srcset=\"https:\/\/dev.borgarbyggd.is\/grunnborg\/wp-content\/uploads\/sites\/2\/2025\/03\/1000000754-300x225.jpg 300w, https:\/\/dev.borgarbyggd.is\/grunnborg\/wp-content\/uploads\/sites\/2\/2025\/03\/1000000754-1024x768.jpg 1024w, https:\/\/dev.borgarbyggd.is\/grunnborg\/wp-content\/uploads\/sites\/2\/2025\/03\/1000000754-768x576.jpg 768w, https:\/\/dev.borgarbyggd.is\/grunnborg\/wp-content\/uploads\/sites\/2\/2025\/03\/1000000754-1536x1152.jpg 1536w, https:\/\/dev.borgarbyggd.is\/grunnborg\/wp-content\/uploads\/sites\/2\/2025\/03\/1000000754-2048x1536.jpg 2048w, https:\/\/dev.borgarbyggd.is\/grunnborg\/wp-content\/uploads\/sites\/2\/2025\/03\/1000000754-100x75.jpg 100w, https:\/\/dev.borgarbyggd.is\/grunnborg\/wp-content\/uploads\/sites\/2\/2025\/03\/1000000754-1200x900.jpg 1200w\" sizes=\"auto, (max-width: 300px) 100vw, 300px\" \/> <img loading=\"lazy\" decoding=\"async\" class=\"alignnone size-medium wp-image-2077\" src=\"https:\/\/dev.borgarbyggd.is\/grunnborg\/wp-content\/uploads\/sites\/2\/2025\/03\/1000000749-300x225.jpg\" alt=\"\" width=\"300\" height=\"225\" srcset=\"https:\/\/dev.borgarbyggd.is\/grunnborg\/wp-content\/uploads\/sites\/2\/2025\/03\/1000000749-300x225.jpg 300w, https:\/\/dev.borgarbyggd.is\/grunnborg\/wp-content\/uploads\/sites\/2\/2025\/03\/1000000749-1024x768.jpg 1024w, https:\/\/dev.borgarbyggd.is\/grunnborg\/wp-content\/uploads\/sites\/2\/2025\/03\/1000000749-768x576.jpg 768w, https:\/\/dev.borgarbyggd.is\/grunnborg\/wp-content\/uploads\/sites\/2\/2025\/03\/1000000749-1536x1152.jpg 1536w, https:\/\/dev.borgarbyggd.is\/grunnborg\/wp-content\/uploads\/sites\/2\/2025\/03\/1000000749-2048x1536.jpg 2048w, https:\/\/dev.borgarbyggd.is\/grunnborg\/wp-content\/uploads\/sites\/2\/2025\/03\/1000000749-100x75.jpg 100w, https:\/\/dev.borgarbyggd.is\/grunnborg\/wp-content\/uploads\/sites\/2\/2025\/03\/1000000749-1200x900.jpg 1200w\" sizes=\"auto, (max-width: 300px) 100vw, 300px\" \/> <img loading=\"lazy\" decoding=\"async\" class=\"alignnone size-medium wp-image-2078\" src=\"https:\/\/dev.borgarbyggd.is\/grunnborg\/wp-content\/uploads\/sites\/2\/2025\/03\/1000000751-300x225.jpg\" alt=\"\" width=\"300\" height=\"225\" srcset=\"https:\/\/dev.borgarbyggd.is\/grunnborg\/wp-content\/uploads\/sites\/2\/2025\/03\/1000000751-300x225.jpg 300w, https:\/\/dev.borgarbyggd.is\/grunnborg\/wp-content\/uploads\/sites\/2\/2025\/03\/1000000751-1024x768.jpg 1024w, https:\/\/dev.borgarbyggd.is\/grunnborg\/wp-content\/uploads\/sites\/2\/2025\/03\/1000000751-768x576.jpg 768w, https:\/\/dev.borgarbyggd.is\/grunnborg\/wp-content\/uploads\/sites\/2\/2025\/03\/1000000751-1536x1152.jpg 1536w, https:\/\/dev.borgarbyggd.is\/grunnborg\/wp-content\/uploads\/sites\/2\/2025\/03\/1000000751-2048x1536.jpg 2048w, https:\/\/dev.borgarbyggd.is\/grunnborg\/wp-content\/uploads\/sites\/2\/2025\/03\/1000000751-100x75.jpg 100w, https:\/\/dev.borgarbyggd.is\/grunnborg\/wp-content\/uploads\/sites\/2\/2025\/03\/1000000751-1200x900.jpg 1200w\" sizes=\"auto, (max-width: 300px) 100vw, 300px\" \/><\/p>\n<\/div>\n<\/div>\n","protected":false},"excerpt":{"rendered":"<p>Haldi\u00f0 er upp \u00e1\u00a0al\u00fej\u00f3\u00f0legan dag st\u00e6r\u00f0fr\u00e6\u00f0innar\u00a0f\u00f6studaginn 14. mars 2025. Dagsetningin er engin tilviljun \u00fev\u00ed h\u00fan tengist t\u00f6lunni p\u00ed (3,14) sem er eitt \u00feekktasta t\u00e1kn st\u00e6r\u00f0fr\u00e6\u00f0innar. \u00deema\u00f0 \u00ed \u00e1r er\u00a0st\u00e6r\u00f0fr\u00e6\u00f0i, listir og sk\u00f6pun (e. Mathematics, art, and creativity). St\u00e6r\u00f0fr\u00e6\u00f0i og listir hafa veri\u00f0 samofin \u00ed gegnum t\u00ed\u00f0ina. Hvort sem um r\u00e6\u00f0ir samhverfur \u00ed n\u00e1tt\u00farunni, gullinsni\u00f0 \u00ed myndlist, endurtekningu og mynstur \u00ed &#8230; <\/p>\n<div><a href=\"https:\/\/dev.borgarbyggd.is\/grunnborg\/frettir\/dagur-staerdfraedinnar\/\" class=\"more-link\">Read More<\/a><\/div>\n","protected":false},"author":43,"featured_media":2073,"comment_status":"closed","ping_status":"closed","sticky":false,"template":"","format":"standard","meta":{"_acf_changed":false,"footnotes":""},"categories":[1],"tags":[],"class_list":["post-2072","post","type-post","status-publish","format-standard","has-post-thumbnail","hentry","category-frettir"],"acf":[],"yoast_head":"<!-- This site is optimized with the Yoast SEO plugin v24.0 - https:\/\/yoast.com\/wordpress\/plugins\/seo\/ -->\n<title>Dagur st\u00e6r\u00f0fr\u00e6\u00f0innar - Grunnsk\u00f3linn \u00ed Borgarnesi<\/title>\n<meta name=\"robots\" content=\"index, follow, max-snippet:-1, max-image-preview:large, max-video-preview:-1\" \/>\n<link rel=\"canonical\" href=\"https:\/\/dev.borgarbyggd.is\/grunnborg\/frettir\/dagur-staerdfraedinnar\/\" \/>\n<meta property=\"og:locale\" content=\"en_US\" \/>\n<meta property=\"og:type\" content=\"article\" \/>\n<meta property=\"og:title\" content=\"Dagur st\u00e6r\u00f0fr\u00e6\u00f0innar - Grunnsk\u00f3linn \u00ed Borgarnesi\" \/>\n<meta property=\"og:description\" content=\"Haldi\u00f0 er upp \u00e1\u00a0al\u00fej\u00f3\u00f0legan dag st\u00e6r\u00f0fr\u00e6\u00f0innar\u00a0f\u00f6studaginn 14. mars 2025. Dagsetningin er engin tilviljun \u00fev\u00ed h\u00fan tengist t\u00f6lunni p\u00ed (3,14) sem er eitt \u00feekktasta t\u00e1kn st\u00e6r\u00f0fr\u00e6\u00f0innar. \u00deema\u00f0 \u00ed \u00e1r er\u00a0st\u00e6r\u00f0fr\u00e6\u00f0i, listir og sk\u00f6pun (e. Mathematics, art, and creativity). St\u00e6r\u00f0fr\u00e6\u00f0i og listir hafa veri\u00f0 samofin \u00ed gegnum t\u00ed\u00f0ina. Hvort sem um r\u00e6\u00f0ir samhverfur \u00ed n\u00e1tt\u00farunni, gullinsni\u00f0 \u00ed myndlist, endurtekningu og mynstur \u00ed ... Read More\" \/>\n<meta property=\"og:url\" content=\"https:\/\/dev.borgarbyggd.is\/grunnborg\/frettir\/dagur-staerdfraedinnar\/\" \/>\n<meta property=\"og:site_name\" content=\"Grunnsk\u00f3linn \u00ed Borgarnesi\" \/>\n<meta property=\"article:published_time\" content=\"2025-03-14T12:37:34+00:00\" \/>\n<meta property=\"article:modified_time\" content=\"2025-03-14T12:44:19+00:00\" \/>\n<meta property=\"og:image\" content=\"https:\/\/dev.borgarbyggd.is\/grunnborg\/wp-content\/uploads\/sites\/2\/2025\/03\/1000000756-scaled.jpg\" \/>\n\t<meta property=\"og:image:width\" content=\"1920\" \/>\n\t<meta property=\"og:image:height\" content=\"2560\" \/>\n\t<meta property=\"og:image:type\" content=\"image\/jpeg\" \/>\n<meta name=\"author\" content=\"guddis\" \/>\n<meta name=\"twitter:card\" content=\"summary_large_image\" \/>\n<meta name=\"twitter:label1\" content=\"Written by\" \/>\n\t<meta name=\"twitter:data1\" content=\"guddis\" \/>\n\t<meta name=\"twitter:label2\" content=\"Est. reading time\" \/>\n\t<meta name=\"twitter:data2\" content=\"2 minutes\" \/>\n<script type=\"application\/ld+json\" class=\"yoast-schema-graph\">{\"@context\":\"https:\/\/schema.org\",\"@graph\":[{\"@type\":\"WebPage\",\"@id\":\"https:\/\/dev.borgarbyggd.is\/grunnborg\/frettir\/dagur-staerdfraedinnar\/\",\"url\":\"https:\/\/dev.borgarbyggd.is\/grunnborg\/frettir\/dagur-staerdfraedinnar\/\",\"name\":\"Dagur st\u00e6r\u00f0fr\u00e6\u00f0innar - Grunnsk\u00f3linn \u00ed Borgarnesi\",\"isPartOf\":{\"@id\":\"https:\/\/dev.borgarbyggd.is\/grunnborg\/#website\"},\"primaryImageOfPage\":{\"@id\":\"https:\/\/dev.borgarbyggd.is\/grunnborg\/frettir\/dagur-staerdfraedinnar\/#primaryimage\"},\"image\":{\"@id\":\"https:\/\/dev.borgarbyggd.is\/grunnborg\/frettir\/dagur-staerdfraedinnar\/#primaryimage\"},\"thumbnailUrl\":\"https:\/\/dev.borgarbyggd.is\/grunnborg\/wp-content\/uploads\/sites\/2\/2025\/03\/1000000756-scaled.jpg\",\"datePublished\":\"2025-03-14T12:37:34+00:00\",\"dateModified\":\"2025-03-14T12:44:19+00:00\",\"author\":{\"@id\":\"https:\/\/dev.borgarbyggd.is\/grunnborg\/#\/schema\/person\/17a330ec2c07817e93411c3b6608f7d6\"},\"breadcrumb\":{\"@id\":\"https:\/\/dev.borgarbyggd.is\/grunnborg\/frettir\/dagur-staerdfraedinnar\/#breadcrumb\"},\"inLanguage\":\"en-US\",\"potentialAction\":[{\"@type\":\"ReadAction\",\"target\":[\"https:\/\/dev.borgarbyggd.is\/grunnborg\/frettir\/dagur-staerdfraedinnar\/\"]}]},{\"@type\":\"ImageObject\",\"inLanguage\":\"en-US\",\"@id\":\"https:\/\/dev.borgarbyggd.is\/grunnborg\/frettir\/dagur-staerdfraedinnar\/#primaryimage\",\"url\":\"https:\/\/dev.borgarbyggd.is\/grunnborg\/wp-content\/uploads\/sites\/2\/2025\/03\/1000000756-scaled.jpg\",\"contentUrl\":\"https:\/\/dev.borgarbyggd.is\/grunnborg\/wp-content\/uploads\/sites\/2\/2025\/03\/1000000756-scaled.jpg\",\"width\":1920,\"height\":2560},{\"@type\":\"BreadcrumbList\",\"@id\":\"https:\/\/dev.borgarbyggd.is\/grunnborg\/frettir\/dagur-staerdfraedinnar\/#breadcrumb\",\"itemListElement\":[{\"@type\":\"ListItem\",\"position\":1,\"name\":\"Home\",\"item\":\"https:\/\/dev.borgarbyggd.is\/grunnborg\/\"},{\"@type\":\"ListItem\",\"position\":2,\"name\":\"Dagur st\u00e6r\u00f0fr\u00e6\u00f0innar\"}]},{\"@type\":\"WebSite\",\"@id\":\"https:\/\/dev.borgarbyggd.is\/grunnborg\/#website\",\"url\":\"https:\/\/dev.borgarbyggd.is\/grunnborg\/\",\"name\":\"Grunnsk\u00f3linn \u00ed Borgarnesi\",\"description\":\"\",\"potentialAction\":[{\"@type\":\"SearchAction\",\"target\":{\"@type\":\"EntryPoint\",\"urlTemplate\":\"https:\/\/dev.borgarbyggd.is\/grunnborg\/?s={search_term_string}\"},\"query-input\":{\"@type\":\"PropertyValueSpecification\",\"valueRequired\":true,\"valueName\":\"search_term_string\"}}],\"inLanguage\":\"en-US\"},{\"@type\":\"Person\",\"@id\":\"https:\/\/dev.borgarbyggd.is\/grunnborg\/#\/schema\/person\/17a330ec2c07817e93411c3b6608f7d6\",\"name\":\"guddis\",\"image\":{\"@type\":\"ImageObject\",\"inLanguage\":\"en-US\",\"@id\":\"https:\/\/dev.borgarbyggd.is\/grunnborg\/#\/schema\/person\/image\/\",\"url\":\"https:\/\/secure.gravatar.com\/avatar\/18789ddb8185f2ed19fe02cbd026d1bfc4089f85cd4014786e1e9196a00ded49?s=96&d=mm&r=g\",\"contentUrl\":\"https:\/\/secure.gravatar.com\/avatar\/18789ddb8185f2ed19fe02cbd026d1bfc4089f85cd4014786e1e9196a00ded49?s=96&d=mm&r=g\",\"caption\":\"guddis\"},\"url\":\"https:\/\/dev.borgarbyggd.is\/grunnborg\/author\/guddis\/\"}]}<\/script>\n<!-- \/ Yoast SEO plugin. -->","yoast_head_json":{"title":"Dagur st\u00e6r\u00f0fr\u00e6\u00f0innar - Grunnsk\u00f3linn \u00ed Borgarnesi","robots":{"index":"index","follow":"follow","max-snippet":"max-snippet:-1","max-image-preview":"max-image-preview:large","max-video-preview":"max-video-preview:-1"},"canonical":"https:\/\/dev.borgarbyggd.is\/grunnborg\/frettir\/dagur-staerdfraedinnar\/","og_locale":"en_US","og_type":"article","og_title":"Dagur st\u00e6r\u00f0fr\u00e6\u00f0innar - Grunnsk\u00f3linn \u00ed Borgarnesi","og_description":"Haldi\u00f0 er upp \u00e1\u00a0al\u00fej\u00f3\u00f0legan dag st\u00e6r\u00f0fr\u00e6\u00f0innar\u00a0f\u00f6studaginn 14. mars 2025. Dagsetningin er engin tilviljun \u00fev\u00ed h\u00fan tengist t\u00f6lunni p\u00ed (3,14) sem er eitt \u00feekktasta t\u00e1kn st\u00e6r\u00f0fr\u00e6\u00f0innar. \u00deema\u00f0 \u00ed \u00e1r er\u00a0st\u00e6r\u00f0fr\u00e6\u00f0i, listir og sk\u00f6pun (e. Mathematics, art, and creativity). St\u00e6r\u00f0fr\u00e6\u00f0i og listir hafa veri\u00f0 samofin \u00ed gegnum t\u00ed\u00f0ina. Hvort sem um r\u00e6\u00f0ir samhverfur \u00ed n\u00e1tt\u00farunni, gullinsni\u00f0 \u00ed myndlist, endurtekningu og mynstur \u00ed ... Read More","og_url":"https:\/\/dev.borgarbyggd.is\/grunnborg\/frettir\/dagur-staerdfraedinnar\/","og_site_name":"Grunnsk\u00f3linn \u00ed Borgarnesi","article_published_time":"2025-03-14T12:37:34+00:00","article_modified_time":"2025-03-14T12:44:19+00:00","og_image":[{"width":1920,"height":2560,"url":"https:\/\/dev.borgarbyggd.is\/grunnborg\/wp-content\/uploads\/sites\/2\/2025\/03\/1000000756-scaled.jpg","type":"image\/jpeg"}],"author":"guddis","twitter_card":"summary_large_image","twitter_misc":{"Written by":"guddis","Est. reading time":"2 minutes"},"schema":{"@context":"https:\/\/schema.org","@graph":[{"@type":"WebPage","@id":"https:\/\/dev.borgarbyggd.is\/grunnborg\/frettir\/dagur-staerdfraedinnar\/","url":"https:\/\/dev.borgarbyggd.is\/grunnborg\/frettir\/dagur-staerdfraedinnar\/","name":"Dagur st\u00e6r\u00f0fr\u00e6\u00f0innar - Grunnsk\u00f3linn \u00ed Borgarnesi","isPartOf":{"@id":"https:\/\/dev.borgarbyggd.is\/grunnborg\/#website"},"primaryImageOfPage":{"@id":"https:\/\/dev.borgarbyggd.is\/grunnborg\/frettir\/dagur-staerdfraedinnar\/#primaryimage"},"image":{"@id":"https:\/\/dev.borgarbyggd.is\/grunnborg\/frettir\/dagur-staerdfraedinnar\/#primaryimage"},"thumbnailUrl":"https:\/\/dev.borgarbyggd.is\/grunnborg\/wp-content\/uploads\/sites\/2\/2025\/03\/1000000756-scaled.jpg","datePublished":"2025-03-14T12:37:34+00:00","dateModified":"2025-03-14T12:44:19+00:00","author":{"@id":"https:\/\/dev.borgarbyggd.is\/grunnborg\/#\/schema\/person\/17a330ec2c07817e93411c3b6608f7d6"},"breadcrumb":{"@id":"https:\/\/dev.borgarbyggd.is\/grunnborg\/frettir\/dagur-staerdfraedinnar\/#breadcrumb"},"inLanguage":"en-US","potentialAction":[{"@type":"ReadAction","target":["https:\/\/dev.borgarbyggd.is\/grunnborg\/frettir\/dagur-staerdfraedinnar\/"]}]},{"@type":"ImageObject","inLanguage":"en-US","@id":"https:\/\/dev.borgarbyggd.is\/grunnborg\/frettir\/dagur-staerdfraedinnar\/#primaryimage","url":"https:\/\/dev.borgarbyggd.is\/grunnborg\/wp-content\/uploads\/sites\/2\/2025\/03\/1000000756-scaled.jpg","contentUrl":"https:\/\/dev.borgarbyggd.is\/grunnborg\/wp-content\/uploads\/sites\/2\/2025\/03\/1000000756-scaled.jpg","width":1920,"height":2560},{"@type":"BreadcrumbList","@id":"https:\/\/dev.borgarbyggd.is\/grunnborg\/frettir\/dagur-staerdfraedinnar\/#breadcrumb","itemListElement":[{"@type":"ListItem","position":1,"name":"Home","item":"https:\/\/dev.borgarbyggd.is\/grunnborg\/"},{"@type":"ListItem","position":2,"name":"Dagur st\u00e6r\u00f0fr\u00e6\u00f0innar"}]},{"@type":"WebSite","@id":"https:\/\/dev.borgarbyggd.is\/grunnborg\/#website","url":"https:\/\/dev.borgarbyggd.is\/grunnborg\/","name":"Grunnsk\u00f3linn \u00ed Borgarnesi","description":"","potentialAction":[{"@type":"SearchAction","target":{"@type":"EntryPoint","urlTemplate":"https:\/\/dev.borgarbyggd.is\/grunnborg\/?s={search_term_string}"},"query-input":{"@type":"PropertyValueSpecification","valueRequired":true,"valueName":"search_term_string"}}],"inLanguage":"en-US"},{"@type":"Person","@id":"https:\/\/dev.borgarbyggd.is\/grunnborg\/#\/schema\/person\/17a330ec2c07817e93411c3b6608f7d6","name":"guddis","image":{"@type":"ImageObject","inLanguage":"en-US","@id":"https:\/\/dev.borgarbyggd.is\/grunnborg\/#\/schema\/person\/image\/","url":"https:\/\/secure.gravatar.com\/avatar\/18789ddb8185f2ed19fe02cbd026d1bfc4089f85cd4014786e1e9196a00ded49?s=96&d=mm&r=g","contentUrl":"https:\/\/secure.gravatar.com\/avatar\/18789ddb8185f2ed19fe02cbd026d1bfc4089f85cd4014786e1e9196a00ded49?s=96&d=mm&r=g","caption":"guddis"},"url":"https:\/\/dev.borgarbyggd.is\/grunnborg\/author\/guddis\/"}]}},"_links":{"self":[{"href":"https:\/\/dev.borgarbyggd.is\/grunnborg\/wp-json\/wp\/v2\/posts\/2072","targetHints":{"allow":["GET"]}}],"collection":[{"href":"https:\/\/dev.borgarbyggd.is\/grunnborg\/wp-json\/wp\/v2\/posts"}],"about":[{"href":"https:\/\/dev.borgarbyggd.is\/grunnborg\/wp-json\/wp\/v2\/types\/post"}],"author":[{"embeddable":true,"href":"https:\/\/dev.borgarbyggd.is\/grunnborg\/wp-json\/wp\/v2\/users\/43"}],"replies":[{"embeddable":true,"href":"https:\/\/dev.borgarbyggd.is\/grunnborg\/wp-json\/wp\/v2\/comments?post=2072"}],"version-history":[{"count":0,"href":"https:\/\/dev.borgarbyggd.is\/grunnborg\/wp-json\/wp\/v2\/posts\/2072\/revisions"}],"wp:featuredmedia":[{"embeddable":true,"href":"https:\/\/dev.borgarbyggd.is\/grunnborg\/wp-json\/wp\/v2\/media\/2073"}],"wp:attachment":[{"href":"https:\/\/dev.borgarbyggd.is\/grunnborg\/wp-json\/wp\/v2\/media?parent=2072"}],"wp:term":[{"taxonomy":"category","embeddable":true,"href":"https:\/\/dev.borgarbyggd.is\/grunnborg\/wp-json\/wp\/v2\/categories?post=2072"},{"taxonomy":"post_tag","embeddable":true,"href":"https:\/\/dev.borgarbyggd.is\/grunnborg\/wp-json\/wp\/v2\/tags?post=2072"}],"curies":[{"name":"wp","href":"https:\/\/api.w.org\/{rel}","templated":true}]}}