{"id":1984,"date":"2024-12-10T08:26:05","date_gmt":"2024-12-10T08:26:05","guid":{"rendered":"https:\/\/dev.borgarbyggd.is\/grunnborg\/?p=1984"},"modified":"2024-12-10T08:27:22","modified_gmt":"2024-12-10T08:27:22","slug":"hatidleg-athofn-a-bessastodum","status":"publish","type":"post","link":"https:\/\/dev.borgarbyggd.is\/grunnborg\/frettir\/hatidleg-athofn-a-bessastodum\/","title":{"rendered":"Forvarnardagurinn"},"content":{"rendered":"<p>Forvarnardagurinn er haldin \u00e1 hverju hausti og var n\u00fa haldin \u00ed 19. sinn. Dagskr\u00e1in er hugsu\u00f0 fyrir nemendur \u00ed 9.bekk grunnsk\u00f3la og fyrsta \u00e1ri \u00ed framhaldssk\u00f3la. A\u00f0 forvarnardeginum standa emb\u00e6tti forseta \u00cdslands, Reykjav\u00edkurborg, R\u00edkisl\u00f6greglustj\u00f3ri, \u00cd\u00fer\u00f3tta- og \u00f3lymp\u00edusamband \u00cdslands, Sk\u00e1tarnir, Ungmennaf\u00e9lag \u00cdslands, Ranns\u00f3knir og greining, Planet Youth, Samband \u00edslenskra sveitarf\u00e9laga, Samstarf f\u00e9lagasamtaka \u00ed forv\u00f6rnum, Samf\u00e9s, Heimili og sk\u00f3li og R\u00edkisl\u00f6greglustj\u00f3ri, auk emb\u00e6ttis landl\u00e6knis sem fer me\u00f0 verkefnastj\u00f3rn Forvarnardagsins.<\/p>\n<p>\u00cd \u00e1r t\u00f3ku nemendur og kennarar 9.bekkjar a\u00f0 sj\u00e1lfs\u00f6g\u00f0u fullan \u00fe\u00e1tt \u00ed Forvarnardeginum \u00fear sem nemendurnir fengu fr\u00e6\u00f0slu, unnu \u00ed umr\u00e6\u00f0uh\u00f3pum, sv\u00f6ru\u00f0u spurningum og skr\u00e1\u00f0u hugmyndir s\u00ednar ni\u00f0ur. Nemendur t\u00f3ku einnig \u00fe\u00e1tt \u00ed leik \u00fear sem m\u00f6guleiki var \u00e1 ver\u00f0launum og eitt verkefni bekkjarins hlaut \u00feessi ver\u00f0laun og voru \u00feau afhent af forseta \u00cdslands vi\u00f0 h\u00e1t\u00ed\u00f0lega ath\u00f6fn \u00e1 Bessast\u00f6\u00f0um s\u00ed\u00f0astli\u00f0in laugardag. Vinningshafarnir voru \u00fe\u00e6r Agla D\u00eds Adolfsd\u00f3ttir, Emel\u00eda \u00ddr G\u00edslad\u00f3ttir, Emma Mist Andrad\u00f3ttir, Kristn\u00fd Halla Bragad\u00f3ttir og Vald\u00eds Bj\u00f6rk Sam\u00faelsd\u00f3ttir<\/p>\n<p>&nbsp;<\/p>\n<p>&nbsp;<\/p>\n","protected":false},"excerpt":{"rendered":"<p>Forvarnardagurinn er haldin \u00e1 hverju hausti og var n\u00fa haldin \u00ed 19. sinn. Dagskr\u00e1in er hugsu\u00f0 fyrir nemendur \u00ed 9.bekk grunnsk\u00f3la og fyrsta \u00e1ri \u00ed framhaldssk\u00f3la. A\u00f0 forvarnardeginum standa emb\u00e6tti forseta \u00cdslands, Reykjav\u00edkurborg, R\u00edkisl\u00f6greglustj\u00f3ri, \u00cd\u00fer\u00f3tta- og \u00f3lymp\u00edusamband \u00cdslands, Sk\u00e1tarnir, Ungmennaf\u00e9lag \u00cdslands, Ranns\u00f3knir og greining, Planet Youth, Samband \u00edslenskra sveitarf\u00e9laga, Samstarf f\u00e9lagasamtaka \u00ed forv\u00f6rnum, Samf\u00e9s, Heimili og sk\u00f3li og R\u00edkisl\u00f6greglustj\u00f3ri, auk &#8230; <\/p>\n<div><a href=\"https:\/\/dev.borgarbyggd.is\/grunnborg\/frettir\/hatidleg-athofn-a-bessastodum\/\" class=\"more-link\">Read More<\/a><\/div>\n","protected":false},"author":43,"featured_media":1987,"comment_status":"closed","ping_status":"closed","sticky":false,"template":"","format":"standard","meta":{"_acf_changed":false,"footnotes":""},"categories":[1],"tags":[],"class_list":["post-1984","post","type-post","status-publish","format-standard","has-post-thumbnail","hentry","category-frettir"],"acf":[],"yoast_head":"<!-- This site is optimized with the Yoast SEO plugin v24.0 - https:\/\/yoast.com\/wordpress\/plugins\/seo\/ -->\n<title>Forvarnardagurinn - Grunnsk\u00f3linn \u00ed Borgarnesi<\/title>\n<meta name=\"robots\" content=\"index, follow, max-snippet:-1, max-image-preview:large, max-video-preview:-1\" \/>\n<link rel=\"canonical\" href=\"https:\/\/dev.borgarbyggd.is\/grunnborg\/frettir\/hatidleg-athofn-a-bessastodum\/\" \/>\n<meta property=\"og:locale\" content=\"en_US\" \/>\n<meta property=\"og:type\" content=\"article\" \/>\n<meta property=\"og:title\" content=\"Forvarnardagurinn - Grunnsk\u00f3linn \u00ed Borgarnesi\" \/>\n<meta property=\"og:description\" content=\"Forvarnardagurinn er haldin \u00e1 hverju hausti og var n\u00fa haldin \u00ed 19. sinn. Dagskr\u00e1in er hugsu\u00f0 fyrir nemendur \u00ed 9.bekk grunnsk\u00f3la og fyrsta \u00e1ri \u00ed framhaldssk\u00f3la. A\u00f0 forvarnardeginum standa emb\u00e6tti forseta \u00cdslands, Reykjav\u00edkurborg, R\u00edkisl\u00f6greglustj\u00f3ri, \u00cd\u00fer\u00f3tta- og \u00f3lymp\u00edusamband \u00cdslands, Sk\u00e1tarnir, Ungmennaf\u00e9lag \u00cdslands, Ranns\u00f3knir og greining, Planet Youth, Samband \u00edslenskra sveitarf\u00e9laga, Samstarf f\u00e9lagasamtaka \u00ed forv\u00f6rnum, Samf\u00e9s, Heimili og sk\u00f3li og R\u00edkisl\u00f6greglustj\u00f3ri, auk ... Read More\" \/>\n<meta property=\"og:url\" content=\"https:\/\/dev.borgarbyggd.is\/grunnborg\/frettir\/hatidleg-athofn-a-bessastodum\/\" \/>\n<meta property=\"og:site_name\" content=\"Grunnsk\u00f3linn \u00ed Borgarnesi\" \/>\n<meta property=\"article:published_time\" content=\"2024-12-10T08:26:05+00:00\" \/>\n<meta property=\"article:modified_time\" content=\"2024-12-10T08:27:22+00:00\" \/>\n<meta property=\"og:image\" content=\"https:\/\/dev.borgarbyggd.is\/grunnborg\/wp-content\/uploads\/sites\/2\/2024\/12\/forvarnar.jpg\" \/>\n\t<meta property=\"og:image:width\" content=\"785\" \/>\n\t<meta property=\"og:image:height\" content=\"376\" \/>\n\t<meta property=\"og:image:type\" content=\"image\/jpeg\" \/>\n<meta name=\"author\" content=\"guddis\" \/>\n<meta name=\"twitter:card\" content=\"summary_large_image\" \/>\n<meta name=\"twitter:label1\" content=\"Written by\" \/>\n\t<meta name=\"twitter:data1\" content=\"guddis\" \/>\n\t<meta name=\"twitter:label2\" content=\"Est. reading time\" \/>\n\t<meta name=\"twitter:data2\" content=\"1 minute\" \/>\n<script type=\"application\/ld+json\" class=\"yoast-schema-graph\">{\"@context\":\"https:\/\/schema.org\",\"@graph\":[{\"@type\":\"WebPage\",\"@id\":\"https:\/\/dev.borgarbyggd.is\/grunnborg\/frettir\/hatidleg-athofn-a-bessastodum\/\",\"url\":\"https:\/\/dev.borgarbyggd.is\/grunnborg\/frettir\/hatidleg-athofn-a-bessastodum\/\",\"name\":\"Forvarnardagurinn - Grunnsk\u00f3linn \u00ed Borgarnesi\",\"isPartOf\":{\"@id\":\"https:\/\/dev.borgarbyggd.is\/grunnborg\/#website\"},\"primaryImageOfPage\":{\"@id\":\"https:\/\/dev.borgarbyggd.is\/grunnborg\/frettir\/hatidleg-athofn-a-bessastodum\/#primaryimage\"},\"image\":{\"@id\":\"https:\/\/dev.borgarbyggd.is\/grunnborg\/frettir\/hatidleg-athofn-a-bessastodum\/#primaryimage\"},\"thumbnailUrl\":\"https:\/\/dev.borgarbyggd.is\/grunnborg\/wp-content\/uploads\/sites\/2\/2024\/12\/forvarnar.jpg\",\"datePublished\":\"2024-12-10T08:26:05+00:00\",\"dateModified\":\"2024-12-10T08:27:22+00:00\",\"author\":{\"@id\":\"https:\/\/dev.borgarbyggd.is\/grunnborg\/#\/schema\/person\/17a330ec2c07817e93411c3b6608f7d6\"},\"breadcrumb\":{\"@id\":\"https:\/\/dev.borgarbyggd.is\/grunnborg\/frettir\/hatidleg-athofn-a-bessastodum\/#breadcrumb\"},\"inLanguage\":\"en-US\",\"potentialAction\":[{\"@type\":\"ReadAction\",\"target\":[\"https:\/\/dev.borgarbyggd.is\/grunnborg\/frettir\/hatidleg-athofn-a-bessastodum\/\"]}]},{\"@type\":\"ImageObject\",\"inLanguage\":\"en-US\",\"@id\":\"https:\/\/dev.borgarbyggd.is\/grunnborg\/frettir\/hatidleg-athofn-a-bessastodum\/#primaryimage\",\"url\":\"https:\/\/dev.borgarbyggd.is\/grunnborg\/wp-content\/uploads\/sites\/2\/2024\/12\/forvarnar.jpg\",\"contentUrl\":\"https:\/\/dev.borgarbyggd.is\/grunnborg\/wp-content\/uploads\/sites\/2\/2024\/12\/forvarnar.jpg\",\"width\":785,\"height\":376},{\"@type\":\"BreadcrumbList\",\"@id\":\"https:\/\/dev.borgarbyggd.is\/grunnborg\/frettir\/hatidleg-athofn-a-bessastodum\/#breadcrumb\",\"itemListElement\":[{\"@type\":\"ListItem\",\"position\":1,\"name\":\"Home\",\"item\":\"https:\/\/dev.borgarbyggd.is\/grunnborg\/\"},{\"@type\":\"ListItem\",\"position\":2,\"name\":\"Forvarnardagurinn\"}]},{\"@type\":\"WebSite\",\"@id\":\"https:\/\/dev.borgarbyggd.is\/grunnborg\/#website\",\"url\":\"https:\/\/dev.borgarbyggd.is\/grunnborg\/\",\"name\":\"Grunnsk\u00f3linn \u00ed Borgarnesi\",\"description\":\"\",\"potentialAction\":[{\"@type\":\"SearchAction\",\"target\":{\"@type\":\"EntryPoint\",\"urlTemplate\":\"https:\/\/dev.borgarbyggd.is\/grunnborg\/?s={search_term_string}\"},\"query-input\":{\"@type\":\"PropertyValueSpecification\",\"valueRequired\":true,\"valueName\":\"search_term_string\"}}],\"inLanguage\":\"en-US\"},{\"@type\":\"Person\",\"@id\":\"https:\/\/dev.borgarbyggd.is\/grunnborg\/#\/schema\/person\/17a330ec2c07817e93411c3b6608f7d6\",\"name\":\"guddis\",\"image\":{\"@type\":\"ImageObject\",\"inLanguage\":\"en-US\",\"@id\":\"https:\/\/dev.borgarbyggd.is\/grunnborg\/#\/schema\/person\/image\/\",\"url\":\"https:\/\/secure.gravatar.com\/avatar\/18789ddb8185f2ed19fe02cbd026d1bfc4089f85cd4014786e1e9196a00ded49?s=96&d=mm&r=g\",\"contentUrl\":\"https:\/\/secure.gravatar.com\/avatar\/18789ddb8185f2ed19fe02cbd026d1bfc4089f85cd4014786e1e9196a00ded49?s=96&d=mm&r=g\",\"caption\":\"guddis\"},\"url\":\"https:\/\/dev.borgarbyggd.is\/grunnborg\/author\/guddis\/\"}]}<\/script>\n<!-- \/ Yoast SEO plugin. -->","yoast_head_json":{"title":"Forvarnardagurinn - Grunnsk\u00f3linn \u00ed Borgarnesi","robots":{"index":"index","follow":"follow","max-snippet":"max-snippet:-1","max-image-preview":"max-image-preview:large","max-video-preview":"max-video-preview:-1"},"canonical":"https:\/\/dev.borgarbyggd.is\/grunnborg\/frettir\/hatidleg-athofn-a-bessastodum\/","og_locale":"en_US","og_type":"article","og_title":"Forvarnardagurinn - Grunnsk\u00f3linn \u00ed Borgarnesi","og_description":"Forvarnardagurinn er haldin \u00e1 hverju hausti og var n\u00fa haldin \u00ed 19. sinn. Dagskr\u00e1in er hugsu\u00f0 fyrir nemendur \u00ed 9.bekk grunnsk\u00f3la og fyrsta \u00e1ri \u00ed framhaldssk\u00f3la. A\u00f0 forvarnardeginum standa emb\u00e6tti forseta \u00cdslands, Reykjav\u00edkurborg, R\u00edkisl\u00f6greglustj\u00f3ri, \u00cd\u00fer\u00f3tta- og \u00f3lymp\u00edusamband \u00cdslands, Sk\u00e1tarnir, Ungmennaf\u00e9lag \u00cdslands, Ranns\u00f3knir og greining, Planet Youth, Samband \u00edslenskra sveitarf\u00e9laga, Samstarf f\u00e9lagasamtaka \u00ed forv\u00f6rnum, Samf\u00e9s, Heimili og sk\u00f3li og R\u00edkisl\u00f6greglustj\u00f3ri, auk ... Read More","og_url":"https:\/\/dev.borgarbyggd.is\/grunnborg\/frettir\/hatidleg-athofn-a-bessastodum\/","og_site_name":"Grunnsk\u00f3linn \u00ed Borgarnesi","article_published_time":"2024-12-10T08:26:05+00:00","article_modified_time":"2024-12-10T08:27:22+00:00","og_image":[{"width":785,"height":376,"url":"https:\/\/dev.borgarbyggd.is\/grunnborg\/wp-content\/uploads\/sites\/2\/2024\/12\/forvarnar.jpg","type":"image\/jpeg"}],"author":"guddis","twitter_card":"summary_large_image","twitter_misc":{"Written by":"guddis","Est. reading time":"1 minute"},"schema":{"@context":"https:\/\/schema.org","@graph":[{"@type":"WebPage","@id":"https:\/\/dev.borgarbyggd.is\/grunnborg\/frettir\/hatidleg-athofn-a-bessastodum\/","url":"https:\/\/dev.borgarbyggd.is\/grunnborg\/frettir\/hatidleg-athofn-a-bessastodum\/","name":"Forvarnardagurinn - Grunnsk\u00f3linn \u00ed Borgarnesi","isPartOf":{"@id":"https:\/\/dev.borgarbyggd.is\/grunnborg\/#website"},"primaryImageOfPage":{"@id":"https:\/\/dev.borgarbyggd.is\/grunnborg\/frettir\/hatidleg-athofn-a-bessastodum\/#primaryimage"},"image":{"@id":"https:\/\/dev.borgarbyggd.is\/grunnborg\/frettir\/hatidleg-athofn-a-bessastodum\/#primaryimage"},"thumbnailUrl":"https:\/\/dev.borgarbyggd.is\/grunnborg\/wp-content\/uploads\/sites\/2\/2024\/12\/forvarnar.jpg","datePublished":"2024-12-10T08:26:05+00:00","dateModified":"2024-12-10T08:27:22+00:00","author":{"@id":"https:\/\/dev.borgarbyggd.is\/grunnborg\/#\/schema\/person\/17a330ec2c07817e93411c3b6608f7d6"},"breadcrumb":{"@id":"https:\/\/dev.borgarbyggd.is\/grunnborg\/frettir\/hatidleg-athofn-a-bessastodum\/#breadcrumb"},"inLanguage":"en-US","potentialAction":[{"@type":"ReadAction","target":["https:\/\/dev.borgarbyggd.is\/grunnborg\/frettir\/hatidleg-athofn-a-bessastodum\/"]}]},{"@type":"ImageObject","inLanguage":"en-US","@id":"https:\/\/dev.borgarbyggd.is\/grunnborg\/frettir\/hatidleg-athofn-a-bessastodum\/#primaryimage","url":"https:\/\/dev.borgarbyggd.is\/grunnborg\/wp-content\/uploads\/sites\/2\/2024\/12\/forvarnar.jpg","contentUrl":"https:\/\/dev.borgarbyggd.is\/grunnborg\/wp-content\/uploads\/sites\/2\/2024\/12\/forvarnar.jpg","width":785,"height":376},{"@type":"BreadcrumbList","@id":"https:\/\/dev.borgarbyggd.is\/grunnborg\/frettir\/hatidleg-athofn-a-bessastodum\/#breadcrumb","itemListElement":[{"@type":"ListItem","position":1,"name":"Home","item":"https:\/\/dev.borgarbyggd.is\/grunnborg\/"},{"@type":"ListItem","position":2,"name":"Forvarnardagurinn"}]},{"@type":"WebSite","@id":"https:\/\/dev.borgarbyggd.is\/grunnborg\/#website","url":"https:\/\/dev.borgarbyggd.is\/grunnborg\/","name":"Grunnsk\u00f3linn \u00ed Borgarnesi","description":"","potentialAction":[{"@type":"SearchAction","target":{"@type":"EntryPoint","urlTemplate":"https:\/\/dev.borgarbyggd.is\/grunnborg\/?s={search_term_string}"},"query-input":{"@type":"PropertyValueSpecification","valueRequired":true,"valueName":"search_term_string"}}],"inLanguage":"en-US"},{"@type":"Person","@id":"https:\/\/dev.borgarbyggd.is\/grunnborg\/#\/schema\/person\/17a330ec2c07817e93411c3b6608f7d6","name":"guddis","image":{"@type":"ImageObject","inLanguage":"en-US","@id":"https:\/\/dev.borgarbyggd.is\/grunnborg\/#\/schema\/person\/image\/","url":"https:\/\/secure.gravatar.com\/avatar\/18789ddb8185f2ed19fe02cbd026d1bfc4089f85cd4014786e1e9196a00ded49?s=96&d=mm&r=g","contentUrl":"https:\/\/secure.gravatar.com\/avatar\/18789ddb8185f2ed19fe02cbd026d1bfc4089f85cd4014786e1e9196a00ded49?s=96&d=mm&r=g","caption":"guddis"},"url":"https:\/\/dev.borgarbyggd.is\/grunnborg\/author\/guddis\/"}]}},"_links":{"self":[{"href":"https:\/\/dev.borgarbyggd.is\/grunnborg\/wp-json\/wp\/v2\/posts\/1984","targetHints":{"allow":["GET"]}}],"collection":[{"href":"https:\/\/dev.borgarbyggd.is\/grunnborg\/wp-json\/wp\/v2\/posts"}],"about":[{"href":"https:\/\/dev.borgarbyggd.is\/grunnborg\/wp-json\/wp\/v2\/types\/post"}],"author":[{"embeddable":true,"href":"https:\/\/dev.borgarbyggd.is\/grunnborg\/wp-json\/wp\/v2\/users\/43"}],"replies":[{"embeddable":true,"href":"https:\/\/dev.borgarbyggd.is\/grunnborg\/wp-json\/wp\/v2\/comments?post=1984"}],"version-history":[{"count":0,"href":"https:\/\/dev.borgarbyggd.is\/grunnborg\/wp-json\/wp\/v2\/posts\/1984\/revisions"}],"wp:featuredmedia":[{"embeddable":true,"href":"https:\/\/dev.borgarbyggd.is\/grunnborg\/wp-json\/wp\/v2\/media\/1987"}],"wp:attachment":[{"href":"https:\/\/dev.borgarbyggd.is\/grunnborg\/wp-json\/wp\/v2\/media?parent=1984"}],"wp:term":[{"taxonomy":"category","embeddable":true,"href":"https:\/\/dev.borgarbyggd.is\/grunnborg\/wp-json\/wp\/v2\/categories?post=1984"},{"taxonomy":"post_tag","embeddable":true,"href":"https:\/\/dev.borgarbyggd.is\/grunnborg\/wp-json\/wp\/v2\/tags?post=1984"}],"curies":[{"name":"wp","href":"https:\/\/api.w.org\/{rel}","templated":true}]}}