{"id":1674,"date":"2024-05-10T10:23:03","date_gmt":"2024-05-10T10:23:03","guid":{"rendered":"https:\/\/dev.borgarbyggd.is\/grunnborg\/?p=1674"},"modified":"2024-05-10T10:23:03","modified_gmt":"2024-05-10T10:23:03","slug":"besta-barnabokin-2023","status":"publish","type":"post","link":"https:\/\/dev.borgarbyggd.is\/grunnborg\/frettir\/besta-barnabokin-2023\/","title":{"rendered":"Besta barnab\u00f3kin 2023"},"content":{"rendered":"<p>Kosi\u00f0 um bestu barnab\u00f3kina.<\/p>\n<p>Fyrir p\u00e1ska bau\u00f0st nemendum \u00ed 2.- 7. bekk a\u00f0 taka \u00fe\u00e1tt \u00ed kosningu \u00e1 b\u00f3kasafninu. Kosi\u00f0 var um bestu barnab\u00f3k \u00e1rsins 2023. Kosningin er hluti af verkefninu S\u00f6gur-b\u00f3kaver\u00f0laun barnanna sem n\u00e6r til allra barna \u00e1 landinu.<\/p>\n<p>174 atkv\u00e6\u00f0i voru greidd af 75 nemendum og skiptust \u00e1 42 \u00f3l\u00edka titla. \u00dea\u00f0 er greinilega mikill f\u00f3tbolta\u00e1hugi \u00ed okkar sk\u00f3la \u00fev\u00ed vins\u00e6lustu b\u00e6kurnar voru :<\/p>\n<ol>\n<li>Messi er fr\u00e1b\u00e6r<\/li>\n<li>Sveind\u00eds Jane; saga af stelpu \u00ed f\u00f3tbolta<\/li>\n<li>Mbapp\u00e9 er fr\u00e1b\u00e6r<\/li>\n<li>Strandagl\u00f3par; (n\u00e6stum \u00fev\u00ed) alveg s\u00f6nn saga<\/li>\n<li>L\u00e1ra missir t\u00f6nn og Sk\u00f3laslit 2 (jafnar \u00ed 5. S\u00e6ti).<\/li>\n<\/ol>\n<p>Einn heppinn nemandi af \u00feeim sem kusu var dreginn \u00fat og f\u00e9kk b\u00f3kaver\u00f0laun. Ver\u00f0launahafinn \u00ed \u00e1r var Emil Mager \u00ed 5. bekk. Vi\u00f0 \u00fe\u00f6kkum \u00f6llum \u00feeim sem t\u00f3ku \u00fe\u00e1tt.<\/p>\n<p>Atkv\u00e6\u00f0i \u00far okkar sk\u00f3la voru svo send \u00e1 Borgarb\u00f3kasafni\u00f0 \u00fear sem atkv\u00e6\u00f0i af \u00f6llu landinu voru talin. Sunnudaginn 14. apr\u00edl var \u00f6llum b\u00f3kelskandi b\u00f6rnum og foreldrum \u00feeirra bo\u00f0i\u00f0 \u00e1 Borgarb\u00f3kasafni\u00f0 \u00ed Gr\u00f3finni \u00fear sem \u00farslitin voru kynnt.<\/p>\n<p>\u00deetta eru b\u00e6kurnar sem fengu flest atkv\u00e6\u00f0i \u00e1 landsv\u00edsu \u00ed valinu um barnab\u00f3k \u00e1rsins 2023:<\/p>\n<p>L\u00e1ra missir t\u00f6nn<\/p>\n<p>Orri \u00f3st\u00f6\u00f0vandi &#8211; J\u00f3lin eru a\u00f0 koma<\/p>\n<p>Salka &#8211; Hrekkjavaka<\/p>\n<p>Alexander Dan\u00edel Hermann Dawidson &#8211; Banna\u00f0 a\u00f0 drepa<\/p>\n<p>Bella gella krossari<\/p>\n<p>Dagb\u00f3k Kidda klaufa &#8211; Rokkarinn reddar \u00f6llu<\/p>\n<p>Messi er fr\u00e1b\u00e6r<\/p>\n<p>Mbapp\u00e9 er fr\u00e1b\u00e6r<\/p>\n<p>G\u00f3\u00f0a n\u00f3tt le\u00f0urblaka<\/p>\n<p>Hundmann &#8211; Fl\u00f3adrottinssaga<\/p>\n<p>&nbsp;<\/p>\n<p>N\u00e6sta skref er rafr\u00e6n kosning \u00fear sem kr\u00f6kkum \u00e1\u00a0 aldrinum 6 \u2013 12 \u00e1ra b\u00fd\u00f0st a\u00f0 taka \u00fe\u00e1tt \u00ed kosningu Sagna &#8211; \u00a0ver\u00f0launah\u00e1t\u00ed\u00f0 barnanna. \u00dear geta \u00feau vali\u00f0 lag \u00e1rsins, texta \u00e1rsins, barna- og unglingaefni \u00e1rsins, fj\u00f6lskyldu\u00fe\u00e1tt \u00e1rsins, talsetta efni \u00e1rsins, s\u00fdningu \u00e1rsins, leikara\/flytjanda \u00e1rsins, sj\u00f3nvarpsstj\u00f6rnu \u00e1rsins og\u00a0b\u00f3k \u00e1rsins \u00ed flokki \u00edslenskra b\u00f3ka og \u00fe\u00fdddra b\u00f3ka.<\/p>\n<p>H\u00e9r er hlekkur fyrir \u00e1hugasama til a\u00f0 kj\u00f3sa:<span style=\"color: #0000ff\"><u><a style=\"color: #0000ff\" href=\"https:\/\/krakkaruv.is\/sogur\/kosning\/\">\u00a0<\/a><\/u><u><a style=\"color: #0000ff\" href=\"https:\/\/www.ruv.is\/frettir\/menning-og-daegurmal\/2024-04-14-kosning-sogur-verdlaunahatid-barnanna-2024-410096\">https:\/\/www.ruv.is\/frettir\/menning-og-daegurmal\/2024-04-14-kosning-sogur-verdlaunahatid-barnanna-2024-410096<\/a><\/u><\/span><\/p>\n<p>S\u00f6gur &#8211; ver\u00f0launah\u00e1t\u00ed\u00f0 barnanna ver\u00f0ur svo s\u00fdnd \u00ed beinni \u00fatsendingu \u00e1 R\u00daV \u00feann 8. j\u00fan\u00ed klukkan 19:55<\/p>\n<p>Myndir sem fylgja \u00feessari fr\u00e9tt eru fr\u00e1 b\u00f3kasafninu okkar \u00fear sem nemendur eiga s\u00e9r sm\u00e1 athvarf til a\u00f0 st\u00edga \u00fat \u00far skarkalanum sem stundum er \u00e1 g\u00f6ngum sk\u00f3lans.<\/p>\n<div id='gallery-1' class='gallery flex gap-4 flex-wrap justify-center galleryid-1674 gallery-columns-4 gallery-size-thumbnail'><dl class='gallery-item'>\n\t\t\t<dt class='gallery-icon landscape'>\n\t\t\t\t<a href='https:\/\/dev.borgarbyggd.is\/grunnborg\/b1\/'><img loading=\"lazy\" decoding=\"async\" width=\"150\" height=\"150\" src=\"https:\/\/dev.borgarbyggd.is\/grunnborg\/wp-content\/uploads\/sites\/2\/2024\/05\/b1-150x150.jpg\" class=\"attachment-thumbnail size-thumbnail\" alt=\"\" \/><\/a>\n\t\t\t<\/dt><\/dl><dl class='gallery-item'>\n\t\t\t<dt class='gallery-icon landscape'>\n\t\t\t\t<a href='https:\/\/dev.borgarbyggd.is\/grunnborg\/b3\/'><img loading=\"lazy\" decoding=\"async\" width=\"150\" height=\"150\" src=\"https:\/\/dev.borgarbyggd.is\/grunnborg\/wp-content\/uploads\/sites\/2\/2024\/05\/b3-150x150.jpg\" class=\"attachment-thumbnail size-thumbnail\" alt=\"\" \/><\/a>\n\t\t\t<\/dt><\/dl><dl class='gallery-item'>\n\t\t\t<dt class='gallery-icon landscape'>\n\t\t\t\t<a href='https:\/\/dev.borgarbyggd.is\/grunnborg\/b4\/'><img loading=\"lazy\" decoding=\"async\" width=\"150\" height=\"150\" src=\"https:\/\/dev.borgarbyggd.is\/grunnborg\/wp-content\/uploads\/sites\/2\/2024\/05\/b4-150x150.jpg\" class=\"attachment-thumbnail size-thumbnail\" alt=\"\" \/><\/a>\n\t\t\t<\/dt><\/dl><dl class='gallery-item'>\n\t\t\t<dt class='gallery-icon landscape'>\n\t\t\t\t<a href='https:\/\/dev.borgarbyggd.is\/grunnborg\/b5\/'><img loading=\"lazy\" decoding=\"async\" width=\"150\" height=\"150\" src=\"https:\/\/dev.borgarbyggd.is\/grunnborg\/wp-content\/uploads\/sites\/2\/2024\/05\/b5-150x150.jpg\" class=\"attachment-thumbnail size-thumbnail\" alt=\"\" \/><\/a>\n\t\t\t<\/dt><\/dl>\n\t\t<\/div>\n\n","protected":false},"excerpt":{"rendered":"<p>Kosi\u00f0 um bestu barnab\u00f3kina. Fyrir p\u00e1ska bau\u00f0st nemendum \u00ed 2.- 7. bekk a\u00f0 taka \u00fe\u00e1tt \u00ed kosningu \u00e1 b\u00f3kasafninu. Kosi\u00f0 var um bestu barnab\u00f3k \u00e1rsins 2023. Kosningin er hluti af verkefninu S\u00f6gur-b\u00f3kaver\u00f0laun barnanna sem n\u00e6r til allra barna \u00e1 landinu. 174 atkv\u00e6\u00f0i voru greidd af 75 nemendum og skiptust \u00e1 42 \u00f3l\u00edka titla. \u00dea\u00f0 er greinilega mikill f\u00f3tbolta\u00e1hugi \u00ed okkar &#8230; <\/p>\n<div><a href=\"https:\/\/dev.borgarbyggd.is\/grunnborg\/frettir\/besta-barnabokin-2023\/\" class=\"more-link\">Read More<\/a><\/div>\n","protected":false},"author":27,"featured_media":1670,"comment_status":"closed","ping_status":"closed","sticky":false,"template":"","format":"standard","meta":{"_acf_changed":false,"footnotes":""},"categories":[1],"tags":[],"class_list":["post-1674","post","type-post","status-publish","format-standard","has-post-thumbnail","hentry","category-frettir"],"acf":[],"yoast_head":"<!-- This site is optimized with the Yoast SEO plugin v24.0 - https:\/\/yoast.com\/wordpress\/plugins\/seo\/ -->\n<title>Besta barnab\u00f3kin 2023 - Grunnsk\u00f3linn \u00ed Borgarnesi<\/title>\n<meta name=\"robots\" content=\"index, follow, max-snippet:-1, max-image-preview:large, max-video-preview:-1\" \/>\n<link rel=\"canonical\" href=\"https:\/\/dev.borgarbyggd.is\/grunnborg\/frettir\/besta-barnabokin-2023\/\" \/>\n<meta property=\"og:locale\" content=\"en_US\" \/>\n<meta property=\"og:type\" content=\"article\" \/>\n<meta property=\"og:title\" content=\"Besta barnab\u00f3kin 2023 - Grunnsk\u00f3linn \u00ed Borgarnesi\" \/>\n<meta property=\"og:description\" content=\"Kosi\u00f0 um bestu barnab\u00f3kina. Fyrir p\u00e1ska bau\u00f0st nemendum \u00ed 2.- 7. bekk a\u00f0 taka \u00fe\u00e1tt \u00ed kosningu \u00e1 b\u00f3kasafninu. Kosi\u00f0 var um bestu barnab\u00f3k \u00e1rsins 2023. Kosningin er hluti af verkefninu S\u00f6gur-b\u00f3kaver\u00f0laun barnanna sem n\u00e6r til allra barna \u00e1 landinu. 174 atkv\u00e6\u00f0i voru greidd af 75 nemendum og skiptust \u00e1 42 \u00f3l\u00edka titla. \u00dea\u00f0 er greinilega mikill f\u00f3tbolta\u00e1hugi \u00ed okkar ... Read More\" \/>\n<meta property=\"og:url\" content=\"https:\/\/dev.borgarbyggd.is\/grunnborg\/frettir\/besta-barnabokin-2023\/\" \/>\n<meta property=\"og:site_name\" content=\"Grunnsk\u00f3linn \u00ed Borgarnesi\" \/>\n<meta property=\"article:published_time\" content=\"2024-05-10T10:23:03+00:00\" \/>\n<meta property=\"og:image\" content=\"https:\/\/dev.borgarbyggd.is\/grunnborg\/wp-content\/uploads\/sites\/2\/2024\/05\/b5.jpg\" \/>\n\t<meta property=\"og:image:width\" content=\"2000\" \/>\n\t<meta property=\"og:image:height\" content=\"924\" \/>\n\t<meta property=\"og:image:type\" content=\"image\/jpeg\" \/>\n<meta name=\"author\" content=\"huldag\" \/>\n<meta name=\"twitter:card\" content=\"summary_large_image\" \/>\n<meta name=\"twitter:label1\" content=\"Written by\" \/>\n\t<meta name=\"twitter:data1\" content=\"huldag\" \/>\n\t<meta name=\"twitter:label2\" content=\"Est. reading time\" \/>\n\t<meta name=\"twitter:data2\" content=\"2 minutes\" \/>\n<script type=\"application\/ld+json\" class=\"yoast-schema-graph\">{\"@context\":\"https:\/\/schema.org\",\"@graph\":[{\"@type\":\"WebPage\",\"@id\":\"https:\/\/dev.borgarbyggd.is\/grunnborg\/frettir\/besta-barnabokin-2023\/\",\"url\":\"https:\/\/dev.borgarbyggd.is\/grunnborg\/frettir\/besta-barnabokin-2023\/\",\"name\":\"Besta barnab\u00f3kin 2023 - Grunnsk\u00f3linn \u00ed Borgarnesi\",\"isPartOf\":{\"@id\":\"https:\/\/dev.borgarbyggd.is\/grunnborg\/#website\"},\"primaryImageOfPage\":{\"@id\":\"https:\/\/dev.borgarbyggd.is\/grunnborg\/frettir\/besta-barnabokin-2023\/#primaryimage\"},\"image\":{\"@id\":\"https:\/\/dev.borgarbyggd.is\/grunnborg\/frettir\/besta-barnabokin-2023\/#primaryimage\"},\"thumbnailUrl\":\"https:\/\/dev.borgarbyggd.is\/grunnborg\/wp-content\/uploads\/sites\/2\/2024\/05\/b5.jpg\",\"datePublished\":\"2024-05-10T10:23:03+00:00\",\"dateModified\":\"2024-05-10T10:23:03+00:00\",\"author\":{\"@id\":\"https:\/\/dev.borgarbyggd.is\/grunnborg\/#\/schema\/person\/a81f55c8091f235534589b6a441de894\"},\"breadcrumb\":{\"@id\":\"https:\/\/dev.borgarbyggd.is\/grunnborg\/frettir\/besta-barnabokin-2023\/#breadcrumb\"},\"inLanguage\":\"en-US\",\"potentialAction\":[{\"@type\":\"ReadAction\",\"target\":[\"https:\/\/dev.borgarbyggd.is\/grunnborg\/frettir\/besta-barnabokin-2023\/\"]}]},{\"@type\":\"ImageObject\",\"inLanguage\":\"en-US\",\"@id\":\"https:\/\/dev.borgarbyggd.is\/grunnborg\/frettir\/besta-barnabokin-2023\/#primaryimage\",\"url\":\"https:\/\/dev.borgarbyggd.is\/grunnborg\/wp-content\/uploads\/sites\/2\/2024\/05\/b5.jpg\",\"contentUrl\":\"https:\/\/dev.borgarbyggd.is\/grunnborg\/wp-content\/uploads\/sites\/2\/2024\/05\/b5.jpg\",\"width\":2000,\"height\":924},{\"@type\":\"BreadcrumbList\",\"@id\":\"https:\/\/dev.borgarbyggd.is\/grunnborg\/frettir\/besta-barnabokin-2023\/#breadcrumb\",\"itemListElement\":[{\"@type\":\"ListItem\",\"position\":1,\"name\":\"Home\",\"item\":\"https:\/\/dev.borgarbyggd.is\/grunnborg\/\"},{\"@type\":\"ListItem\",\"position\":2,\"name\":\"Besta barnab\u00f3kin 2023\"}]},{\"@type\":\"WebSite\",\"@id\":\"https:\/\/dev.borgarbyggd.is\/grunnborg\/#website\",\"url\":\"https:\/\/dev.borgarbyggd.is\/grunnborg\/\",\"name\":\"Grunnsk\u00f3linn \u00ed Borgarnesi\",\"description\":\"\",\"potentialAction\":[{\"@type\":\"SearchAction\",\"target\":{\"@type\":\"EntryPoint\",\"urlTemplate\":\"https:\/\/dev.borgarbyggd.is\/grunnborg\/?s={search_term_string}\"},\"query-input\":{\"@type\":\"PropertyValueSpecification\",\"valueRequired\":true,\"valueName\":\"search_term_string\"}}],\"inLanguage\":\"en-US\"},{\"@type\":\"Person\",\"@id\":\"https:\/\/dev.borgarbyggd.is\/grunnborg\/#\/schema\/person\/a81f55c8091f235534589b6a441de894\",\"name\":\"huldag\",\"image\":{\"@type\":\"ImageObject\",\"inLanguage\":\"en-US\",\"@id\":\"https:\/\/dev.borgarbyggd.is\/grunnborg\/#\/schema\/person\/image\/\",\"url\":\"https:\/\/secure.gravatar.com\/avatar\/5713c9ad3f3c9b3d04558014bcc83a7c1a4174ecf1b52ec7245a5513f341cf0a?s=96&d=mm&r=g\",\"contentUrl\":\"https:\/\/secure.gravatar.com\/avatar\/5713c9ad3f3c9b3d04558014bcc83a7c1a4174ecf1b52ec7245a5513f341cf0a?s=96&d=mm&r=g\",\"caption\":\"huldag\"},\"url\":\"https:\/\/dev.borgarbyggd.is\/grunnborg\/author\/huldag\/\"}]}<\/script>\n<!-- \/ Yoast SEO plugin. -->","yoast_head_json":{"title":"Besta barnab\u00f3kin 2023 - Grunnsk\u00f3linn \u00ed Borgarnesi","robots":{"index":"index","follow":"follow","max-snippet":"max-snippet:-1","max-image-preview":"max-image-preview:large","max-video-preview":"max-video-preview:-1"},"canonical":"https:\/\/dev.borgarbyggd.is\/grunnborg\/frettir\/besta-barnabokin-2023\/","og_locale":"en_US","og_type":"article","og_title":"Besta barnab\u00f3kin 2023 - Grunnsk\u00f3linn \u00ed Borgarnesi","og_description":"Kosi\u00f0 um bestu barnab\u00f3kina. Fyrir p\u00e1ska bau\u00f0st nemendum \u00ed 2.- 7. bekk a\u00f0 taka \u00fe\u00e1tt \u00ed kosningu \u00e1 b\u00f3kasafninu. Kosi\u00f0 var um bestu barnab\u00f3k \u00e1rsins 2023. Kosningin er hluti af verkefninu S\u00f6gur-b\u00f3kaver\u00f0laun barnanna sem n\u00e6r til allra barna \u00e1 landinu. 174 atkv\u00e6\u00f0i voru greidd af 75 nemendum og skiptust \u00e1 42 \u00f3l\u00edka titla. \u00dea\u00f0 er greinilega mikill f\u00f3tbolta\u00e1hugi \u00ed okkar ... Read More","og_url":"https:\/\/dev.borgarbyggd.is\/grunnborg\/frettir\/besta-barnabokin-2023\/","og_site_name":"Grunnsk\u00f3linn \u00ed Borgarnesi","article_published_time":"2024-05-10T10:23:03+00:00","og_image":[{"width":2000,"height":924,"url":"https:\/\/dev.borgarbyggd.is\/grunnborg\/wp-content\/uploads\/sites\/2\/2024\/05\/b5.jpg","type":"image\/jpeg"}],"author":"huldag","twitter_card":"summary_large_image","twitter_misc":{"Written by":"huldag","Est. reading time":"2 minutes"},"schema":{"@context":"https:\/\/schema.org","@graph":[{"@type":"WebPage","@id":"https:\/\/dev.borgarbyggd.is\/grunnborg\/frettir\/besta-barnabokin-2023\/","url":"https:\/\/dev.borgarbyggd.is\/grunnborg\/frettir\/besta-barnabokin-2023\/","name":"Besta barnab\u00f3kin 2023 - Grunnsk\u00f3linn \u00ed Borgarnesi","isPartOf":{"@id":"https:\/\/dev.borgarbyggd.is\/grunnborg\/#website"},"primaryImageOfPage":{"@id":"https:\/\/dev.borgarbyggd.is\/grunnborg\/frettir\/besta-barnabokin-2023\/#primaryimage"},"image":{"@id":"https:\/\/dev.borgarbyggd.is\/grunnborg\/frettir\/besta-barnabokin-2023\/#primaryimage"},"thumbnailUrl":"https:\/\/dev.borgarbyggd.is\/grunnborg\/wp-content\/uploads\/sites\/2\/2024\/05\/b5.jpg","datePublished":"2024-05-10T10:23:03+00:00","dateModified":"2024-05-10T10:23:03+00:00","author":{"@id":"https:\/\/dev.borgarbyggd.is\/grunnborg\/#\/schema\/person\/a81f55c8091f235534589b6a441de894"},"breadcrumb":{"@id":"https:\/\/dev.borgarbyggd.is\/grunnborg\/frettir\/besta-barnabokin-2023\/#breadcrumb"},"inLanguage":"en-US","potentialAction":[{"@type":"ReadAction","target":["https:\/\/dev.borgarbyggd.is\/grunnborg\/frettir\/besta-barnabokin-2023\/"]}]},{"@type":"ImageObject","inLanguage":"en-US","@id":"https:\/\/dev.borgarbyggd.is\/grunnborg\/frettir\/besta-barnabokin-2023\/#primaryimage","url":"https:\/\/dev.borgarbyggd.is\/grunnborg\/wp-content\/uploads\/sites\/2\/2024\/05\/b5.jpg","contentUrl":"https:\/\/dev.borgarbyggd.is\/grunnborg\/wp-content\/uploads\/sites\/2\/2024\/05\/b5.jpg","width":2000,"height":924},{"@type":"BreadcrumbList","@id":"https:\/\/dev.borgarbyggd.is\/grunnborg\/frettir\/besta-barnabokin-2023\/#breadcrumb","itemListElement":[{"@type":"ListItem","position":1,"name":"Home","item":"https:\/\/dev.borgarbyggd.is\/grunnborg\/"},{"@type":"ListItem","position":2,"name":"Besta barnab\u00f3kin 2023"}]},{"@type":"WebSite","@id":"https:\/\/dev.borgarbyggd.is\/grunnborg\/#website","url":"https:\/\/dev.borgarbyggd.is\/grunnborg\/","name":"Grunnsk\u00f3linn \u00ed Borgarnesi","description":"","potentialAction":[{"@type":"SearchAction","target":{"@type":"EntryPoint","urlTemplate":"https:\/\/dev.borgarbyggd.is\/grunnborg\/?s={search_term_string}"},"query-input":{"@type":"PropertyValueSpecification","valueRequired":true,"valueName":"search_term_string"}}],"inLanguage":"en-US"},{"@type":"Person","@id":"https:\/\/dev.borgarbyggd.is\/grunnborg\/#\/schema\/person\/a81f55c8091f235534589b6a441de894","name":"huldag","image":{"@type":"ImageObject","inLanguage":"en-US","@id":"https:\/\/dev.borgarbyggd.is\/grunnborg\/#\/schema\/person\/image\/","url":"https:\/\/secure.gravatar.com\/avatar\/5713c9ad3f3c9b3d04558014bcc83a7c1a4174ecf1b52ec7245a5513f341cf0a?s=96&d=mm&r=g","contentUrl":"https:\/\/secure.gravatar.com\/avatar\/5713c9ad3f3c9b3d04558014bcc83a7c1a4174ecf1b52ec7245a5513f341cf0a?s=96&d=mm&r=g","caption":"huldag"},"url":"https:\/\/dev.borgarbyggd.is\/grunnborg\/author\/huldag\/"}]}},"_links":{"self":[{"href":"https:\/\/dev.borgarbyggd.is\/grunnborg\/wp-json\/wp\/v2\/posts\/1674","targetHints":{"allow":["GET"]}}],"collection":[{"href":"https:\/\/dev.borgarbyggd.is\/grunnborg\/wp-json\/wp\/v2\/posts"}],"about":[{"href":"https:\/\/dev.borgarbyggd.is\/grunnborg\/wp-json\/wp\/v2\/types\/post"}],"author":[{"embeddable":true,"href":"https:\/\/dev.borgarbyggd.is\/grunnborg\/wp-json\/wp\/v2\/users\/27"}],"replies":[{"embeddable":true,"href":"https:\/\/dev.borgarbyggd.is\/grunnborg\/wp-json\/wp\/v2\/comments?post=1674"}],"version-history":[{"count":0,"href":"https:\/\/dev.borgarbyggd.is\/grunnborg\/wp-json\/wp\/v2\/posts\/1674\/revisions"}],"wp:featuredmedia":[{"embeddable":true,"href":"https:\/\/dev.borgarbyggd.is\/grunnborg\/wp-json\/wp\/v2\/media\/1670"}],"wp:attachment":[{"href":"https:\/\/dev.borgarbyggd.is\/grunnborg\/wp-json\/wp\/v2\/media?parent=1674"}],"wp:term":[{"taxonomy":"category","embeddable":true,"href":"https:\/\/dev.borgarbyggd.is\/grunnborg\/wp-json\/wp\/v2\/categories?post=1674"},{"taxonomy":"post_tag","embeddable":true,"href":"https:\/\/dev.borgarbyggd.is\/grunnborg\/wp-json\/wp\/v2\/tags?post=1674"}],"curies":[{"name":"wp","href":"https:\/\/api.w.org\/{rel}","templated":true}]}}