{"id":1668,"date":"2024-05-06T13:38:33","date_gmt":"2024-05-06T13:38:33","guid":{"rendered":"https:\/\/dev.borgarbyggd.is\/grunnborg\/?p=1668"},"modified":"2024-05-06T13:38:33","modified_gmt":"2024-05-06T13:38:33","slug":"7-bekkur-um-sundin-bla","status":"publish","type":"post","link":"https:\/\/dev.borgarbyggd.is\/grunnborg\/frettir\/7-bekkur-um-sundin-bla\/","title":{"rendered":"7. bekkur um sundin bl\u00e1"},"content":{"rendered":"<p>Sj\u00f6undi bekkur \u00ed Grunnsk\u00f3lanum \u00ed Borgarnesi br\u00e1 s\u00e9r \u00ed betri f\u00f6tin og skellti s\u00e9r til Reykjav\u00edkur \u00feri\u00f0judaginn 30. apr\u00edl \u00ed bo\u00f0i Faxafl\u00f3ahafna. Okkur var bo\u00f0i\u00f0 \u00ed sj\u00f3fer\u00f0 um sundin bl\u00e1, en \u00fea\u00f0 er fr\u00e6\u00f0slufer\u00f0 sem grunnsk\u00f3lab\u00f6rnum er bo\u00f0i\u00f0 \u00ed. Okkur til mikillar \u00e1n\u00e6gju breyttist fer\u00f0in \u00f3v\u00e6nt \u00fev\u00ed \u00e1 vegi okkar s\u00e1um vi\u00f0 hrefnur fyrir utan h\u00f6fnina sem vakti mikla k\u00e1t\u00ednu krakkanna. S\u00ed\u00f0an var siglt a\u00f0 Lundey en \u00fear var h\u00e6gt a\u00f0 sj\u00e1 lunda, s\u00falur, teistur og r\u00edtu svo eitthva\u00f0 s\u00e9 nefnt.<\/p>\n<p>\u00deegar \u00ed land var komi\u00f0 var stefnan tekin \u00e1 Skopp. \u00dear g\u00e1tu krakkarnir hoppa\u00f0 \u00ed d\u00e1g\u00f3\u00f0an t\u00edma \u00e1\u00f0ur en allir endu\u00f0u daginn \u00e1 a\u00f0 fylla magann me\u00f0 lj\u00faffengum pizzum.<\/p>\n<p>Allir f\u00f3ru gla\u00f0ir og s\u00e1ttir heim eftir fr\u00e1b\u00e6ra fer\u00f0.<\/p>\n<div id='gallery-1' class='gallery flex gap-4 flex-wrap justify-center galleryid-1668 gallery-columns-4 gallery-size-thumbnail'><dl class='gallery-item'>\n\t\t\t<dt class='gallery-icon landscape'>\n\t\t\t\t<a href='https:\/\/dev.borgarbyggd.is\/grunnborg\/su15\/'><img loading=\"lazy\" decoding=\"async\" width=\"150\" height=\"150\" src=\"https:\/\/dev.borgarbyggd.is\/grunnborg\/wp-content\/uploads\/sites\/2\/2024\/05\/su15-150x150.jpg\" class=\"attachment-thumbnail size-thumbnail\" alt=\"\" \/><\/a>\n\t\t\t<\/dt><\/dl><dl class='gallery-item'>\n\t\t\t<dt class='gallery-icon portrait'>\n\t\t\t\t<a href='https:\/\/dev.borgarbyggd.is\/grunnborg\/su3\/'><img loading=\"lazy\" decoding=\"async\" width=\"150\" height=\"150\" src=\"https:\/\/dev.borgarbyggd.is\/grunnborg\/wp-content\/uploads\/sites\/2\/2024\/05\/su3-150x150.jpg\" class=\"attachment-thumbnail size-thumbnail\" alt=\"\" \/><\/a>\n\t\t\t<\/dt><\/dl><dl class='gallery-item'>\n\t\t\t<dt class='gallery-icon landscape'>\n\t\t\t\t<a href='https:\/\/dev.borgarbyggd.is\/grunnborg\/su4\/'><img loading=\"lazy\" decoding=\"async\" width=\"150\" height=\"150\" src=\"https:\/\/dev.borgarbyggd.is\/grunnborg\/wp-content\/uploads\/sites\/2\/2024\/05\/su4-150x150.jpg\" class=\"attachment-thumbnail size-thumbnail\" alt=\"\" \/><\/a>\n\t\t\t<\/dt><\/dl><dl class='gallery-item'>\n\t\t\t<dt class='gallery-icon landscape'>\n\t\t\t\t<a href='https:\/\/dev.borgarbyggd.is\/grunnborg\/su6\/'><img loading=\"lazy\" decoding=\"async\" width=\"150\" height=\"150\" src=\"https:\/\/dev.borgarbyggd.is\/grunnborg\/wp-content\/uploads\/sites\/2\/2024\/05\/su6-150x150.jpg\" class=\"attachment-thumbnail size-thumbnail\" alt=\"\" \/><\/a>\n\t\t\t<\/dt><\/dl><dl class='gallery-item'>\n\t\t\t<dt class='gallery-icon landscape'>\n\t\t\t\t<a href='https:\/\/dev.borgarbyggd.is\/grunnborg\/su8\/'><img loading=\"lazy\" decoding=\"async\" width=\"150\" height=\"150\" src=\"https:\/\/dev.borgarbyggd.is\/grunnborg\/wp-content\/uploads\/sites\/2\/2024\/05\/su8-150x150.jpg\" class=\"attachment-thumbnail size-thumbnail\" alt=\"\" \/><\/a>\n\t\t\t<\/dt><\/dl><dl class='gallery-item'>\n\t\t\t<dt class='gallery-icon landscape'>\n\t\t\t\t<a href='https:\/\/dev.borgarbyggd.is\/grunnborg\/su9\/'><img loading=\"lazy\" decoding=\"async\" width=\"150\" height=\"150\" src=\"https:\/\/dev.borgarbyggd.is\/grunnborg\/wp-content\/uploads\/sites\/2\/2024\/05\/su9-150x150.jpg\" class=\"attachment-thumbnail size-thumbnail\" alt=\"\" \/><\/a>\n\t\t\t<\/dt><\/dl><dl class='gallery-item'>\n\t\t\t<dt class='gallery-icon landscape'>\n\t\t\t\t<a href='https:\/\/dev.borgarbyggd.is\/grunnborg\/su10\/'><img loading=\"lazy\" decoding=\"async\" width=\"150\" height=\"150\" src=\"https:\/\/dev.borgarbyggd.is\/grunnborg\/wp-content\/uploads\/sites\/2\/2024\/05\/su10-150x150.jpg\" class=\"attachment-thumbnail size-thumbnail\" alt=\"\" \/><\/a>\n\t\t\t<\/dt><\/dl><dl class='gallery-item'>\n\t\t\t<dt class='gallery-icon landscape'>\n\t\t\t\t<a href='https:\/\/dev.borgarbyggd.is\/grunnborg\/su11\/'><img loading=\"lazy\" decoding=\"async\" width=\"150\" height=\"150\" src=\"https:\/\/dev.borgarbyggd.is\/grunnborg\/wp-content\/uploads\/sites\/2\/2024\/05\/su11-150x150.jpg\" class=\"attachment-thumbnail size-thumbnail\" alt=\"\" \/><\/a>\n\t\t\t<\/dt><\/dl><dl class='gallery-item'>\n\t\t\t<dt class='gallery-icon landscape'>\n\t\t\t\t<a href='https:\/\/dev.borgarbyggd.is\/grunnborg\/su12\/'><img loading=\"lazy\" decoding=\"async\" width=\"150\" height=\"150\" src=\"https:\/\/dev.borgarbyggd.is\/grunnborg\/wp-content\/uploads\/sites\/2\/2024\/05\/su12-150x150.jpg\" class=\"attachment-thumbnail size-thumbnail\" alt=\"\" \/><\/a>\n\t\t\t<\/dt><\/dl><dl class='gallery-item'>\n\t\t\t<dt class='gallery-icon landscape'>\n\t\t\t\t<a href='https:\/\/dev.borgarbyggd.is\/grunnborg\/su13\/'><img loading=\"lazy\" decoding=\"async\" width=\"150\" height=\"150\" src=\"https:\/\/dev.borgarbyggd.is\/grunnborg\/wp-content\/uploads\/sites\/2\/2024\/05\/su13-150x150.jpg\" class=\"attachment-thumbnail size-thumbnail\" alt=\"\" \/><\/a>\n\t\t\t<\/dt><\/dl><dl class='gallery-item'>\n\t\t\t<dt class='gallery-icon landscape'>\n\t\t\t\t<a href='https:\/\/dev.borgarbyggd.is\/grunnborg\/su14\/'><img loading=\"lazy\" decoding=\"async\" width=\"150\" height=\"150\" src=\"https:\/\/dev.borgarbyggd.is\/grunnborg\/wp-content\/uploads\/sites\/2\/2024\/05\/su14-150x150.jpg\" class=\"attachment-thumbnail size-thumbnail\" alt=\"\" \/><\/a>\n\t\t\t<\/dt><\/dl><dl class='gallery-item'>\n\t\t\t<dt class='gallery-icon landscape'>\n\t\t\t\t<a href='https:\/\/dev.borgarbyggd.is\/grunnborg\/su16\/'><img loading=\"lazy\" decoding=\"async\" width=\"150\" height=\"150\" src=\"https:\/\/dev.borgarbyggd.is\/grunnborg\/wp-content\/uploads\/sites\/2\/2024\/05\/su16-150x150.jpg\" class=\"attachment-thumbnail size-thumbnail\" alt=\"\" \/><\/a>\n\t\t\t<\/dt><\/dl><dl class='gallery-item'>\n\t\t\t<dt class='gallery-icon landscape'>\n\t\t\t\t<a href='https:\/\/dev.borgarbyggd.is\/grunnborg\/su2\/'><img loading=\"lazy\" decoding=\"async\" width=\"150\" height=\"150\" src=\"https:\/\/dev.borgarbyggd.is\/grunnborg\/wp-content\/uploads\/sites\/2\/2024\/05\/su2-150x150.jpg\" class=\"attachment-thumbnail size-thumbnail\" alt=\"\" \/><\/a>\n\t\t\t<\/dt><\/dl><dl class='gallery-item'>\n\t\t\t<dt class='gallery-icon portrait'>\n\t\t\t\t<a href='https:\/\/dev.borgarbyggd.is\/grunnborg\/su1\/'><img loading=\"lazy\" decoding=\"async\" width=\"150\" height=\"150\" src=\"https:\/\/dev.borgarbyggd.is\/grunnborg\/wp-content\/uploads\/sites\/2\/2024\/05\/su1-150x150.jpg\" class=\"attachment-thumbnail size-thumbnail\" alt=\"\" \/><\/a>\n\t\t\t<\/dt><\/dl>\n\t\t\t\n\t\t<\/div>\n\n","protected":false},"excerpt":{"rendered":"<p>Sj\u00f6undi bekkur \u00ed Grunnsk\u00f3lanum \u00ed Borgarnesi br\u00e1 s\u00e9r \u00ed betri f\u00f6tin og skellti s\u00e9r til Reykjav\u00edkur \u00feri\u00f0judaginn 30. apr\u00edl \u00ed bo\u00f0i Faxafl\u00f3ahafna. Okkur var bo\u00f0i\u00f0 \u00ed sj\u00f3fer\u00f0 um sundin bl\u00e1, en \u00fea\u00f0 er fr\u00e6\u00f0slufer\u00f0 sem grunnsk\u00f3lab\u00f6rnum er bo\u00f0i\u00f0 \u00ed. Okkur til mikillar \u00e1n\u00e6gju breyttist fer\u00f0in \u00f3v\u00e6nt \u00fev\u00ed \u00e1 vegi okkar s\u00e1um vi\u00f0 hrefnur fyrir utan h\u00f6fnina sem vakti mikla k\u00e1t\u00ednu &#8230; <\/p>\n<div><a href=\"https:\/\/dev.borgarbyggd.is\/grunnborg\/frettir\/7-bekkur-um-sundin-bla\/\" class=\"more-link\">Read More<\/a><\/div>\n","protected":false},"author":27,"featured_media":1667,"comment_status":"closed","ping_status":"closed","sticky":false,"template":"","format":"standard","meta":{"_acf_changed":false,"footnotes":""},"categories":[1],"tags":[],"class_list":["post-1668","post","type-post","status-publish","format-standard","has-post-thumbnail","hentry","category-frettir"],"acf":[],"yoast_head":"<!-- This site is optimized with the Yoast SEO plugin v24.0 - https:\/\/yoast.com\/wordpress\/plugins\/seo\/ -->\n<title>7. bekkur um sundin bl\u00e1 - Grunnsk\u00f3linn \u00ed Borgarnesi<\/title>\n<meta name=\"robots\" content=\"index, follow, max-snippet:-1, max-image-preview:large, max-video-preview:-1\" \/>\n<link rel=\"canonical\" href=\"https:\/\/dev.borgarbyggd.is\/grunnborg\/frettir\/7-bekkur-um-sundin-bla\/\" \/>\n<meta property=\"og:locale\" content=\"en_US\" \/>\n<meta property=\"og:type\" content=\"article\" \/>\n<meta property=\"og:title\" content=\"7. bekkur um sundin bl\u00e1 - Grunnsk\u00f3linn \u00ed Borgarnesi\" \/>\n<meta property=\"og:description\" content=\"Sj\u00f6undi bekkur \u00ed Grunnsk\u00f3lanum \u00ed Borgarnesi br\u00e1 s\u00e9r \u00ed betri f\u00f6tin og skellti s\u00e9r til Reykjav\u00edkur \u00feri\u00f0judaginn 30. apr\u00edl \u00ed bo\u00f0i Faxafl\u00f3ahafna. Okkur var bo\u00f0i\u00f0 \u00ed sj\u00f3fer\u00f0 um sundin bl\u00e1, en \u00fea\u00f0 er fr\u00e6\u00f0slufer\u00f0 sem grunnsk\u00f3lab\u00f6rnum er bo\u00f0i\u00f0 \u00ed. Okkur til mikillar \u00e1n\u00e6gju breyttist fer\u00f0in \u00f3v\u00e6nt \u00fev\u00ed \u00e1 vegi okkar s\u00e1um vi\u00f0 hrefnur fyrir utan h\u00f6fnina sem vakti mikla k\u00e1t\u00ednu ... Read More\" \/>\n<meta property=\"og:url\" content=\"https:\/\/dev.borgarbyggd.is\/grunnborg\/frettir\/7-bekkur-um-sundin-bla\/\" \/>\n<meta property=\"og:site_name\" content=\"Grunnsk\u00f3linn \u00ed Borgarnesi\" \/>\n<meta property=\"article:published_time\" content=\"2024-05-06T13:38:33+00:00\" \/>\n<meta property=\"og:image\" content=\"https:\/\/dev.borgarbyggd.is\/grunnborg\/wp-content\/uploads\/sites\/2\/2024\/05\/su15.jpg\" \/>\n\t<meta property=\"og:image:width\" content=\"2048\" \/>\n\t<meta property=\"og:image:height\" content=\"1152\" \/>\n\t<meta property=\"og:image:type\" content=\"image\/jpeg\" \/>\n<meta name=\"author\" content=\"huldag\" \/>\n<meta name=\"twitter:card\" content=\"summary_large_image\" \/>\n<meta name=\"twitter:label1\" content=\"Written by\" \/>\n\t<meta name=\"twitter:data1\" content=\"huldag\" \/>\n\t<meta name=\"twitter:label2\" content=\"Est. reading time\" \/>\n\t<meta name=\"twitter:data2\" content=\"1 minute\" \/>\n<script type=\"application\/ld+json\" class=\"yoast-schema-graph\">{\"@context\":\"https:\/\/schema.org\",\"@graph\":[{\"@type\":\"WebPage\",\"@id\":\"https:\/\/dev.borgarbyggd.is\/grunnborg\/frettir\/7-bekkur-um-sundin-bla\/\",\"url\":\"https:\/\/dev.borgarbyggd.is\/grunnborg\/frettir\/7-bekkur-um-sundin-bla\/\",\"name\":\"7. bekkur um sundin bl\u00e1 - Grunnsk\u00f3linn \u00ed Borgarnesi\",\"isPartOf\":{\"@id\":\"https:\/\/dev.borgarbyggd.is\/grunnborg\/#website\"},\"primaryImageOfPage\":{\"@id\":\"https:\/\/dev.borgarbyggd.is\/grunnborg\/frettir\/7-bekkur-um-sundin-bla\/#primaryimage\"},\"image\":{\"@id\":\"https:\/\/dev.borgarbyggd.is\/grunnborg\/frettir\/7-bekkur-um-sundin-bla\/#primaryimage\"},\"thumbnailUrl\":\"https:\/\/dev.borgarbyggd.is\/grunnborg\/wp-content\/uploads\/sites\/2\/2024\/05\/su15.jpg\",\"datePublished\":\"2024-05-06T13:38:33+00:00\",\"dateModified\":\"2024-05-06T13:38:33+00:00\",\"author\":{\"@id\":\"https:\/\/dev.borgarbyggd.is\/grunnborg\/#\/schema\/person\/a81f55c8091f235534589b6a441de894\"},\"breadcrumb\":{\"@id\":\"https:\/\/dev.borgarbyggd.is\/grunnborg\/frettir\/7-bekkur-um-sundin-bla\/#breadcrumb\"},\"inLanguage\":\"en-US\",\"potentialAction\":[{\"@type\":\"ReadAction\",\"target\":[\"https:\/\/dev.borgarbyggd.is\/grunnborg\/frettir\/7-bekkur-um-sundin-bla\/\"]}]},{\"@type\":\"ImageObject\",\"inLanguage\":\"en-US\",\"@id\":\"https:\/\/dev.borgarbyggd.is\/grunnborg\/frettir\/7-bekkur-um-sundin-bla\/#primaryimage\",\"url\":\"https:\/\/dev.borgarbyggd.is\/grunnborg\/wp-content\/uploads\/sites\/2\/2024\/05\/su15.jpg\",\"contentUrl\":\"https:\/\/dev.borgarbyggd.is\/grunnborg\/wp-content\/uploads\/sites\/2\/2024\/05\/su15.jpg\",\"width\":2048,\"height\":1152},{\"@type\":\"BreadcrumbList\",\"@id\":\"https:\/\/dev.borgarbyggd.is\/grunnborg\/frettir\/7-bekkur-um-sundin-bla\/#breadcrumb\",\"itemListElement\":[{\"@type\":\"ListItem\",\"position\":1,\"name\":\"Home\",\"item\":\"https:\/\/dev.borgarbyggd.is\/grunnborg\/\"},{\"@type\":\"ListItem\",\"position\":2,\"name\":\"7. bekkur um sundin bl\u00e1\"}]},{\"@type\":\"WebSite\",\"@id\":\"https:\/\/dev.borgarbyggd.is\/grunnborg\/#website\",\"url\":\"https:\/\/dev.borgarbyggd.is\/grunnborg\/\",\"name\":\"Grunnsk\u00f3linn \u00ed Borgarnesi\",\"description\":\"\",\"potentialAction\":[{\"@type\":\"SearchAction\",\"target\":{\"@type\":\"EntryPoint\",\"urlTemplate\":\"https:\/\/dev.borgarbyggd.is\/grunnborg\/?s={search_term_string}\"},\"query-input\":{\"@type\":\"PropertyValueSpecification\",\"valueRequired\":true,\"valueName\":\"search_term_string\"}}],\"inLanguage\":\"en-US\"},{\"@type\":\"Person\",\"@id\":\"https:\/\/dev.borgarbyggd.is\/grunnborg\/#\/schema\/person\/a81f55c8091f235534589b6a441de894\",\"name\":\"huldag\",\"image\":{\"@type\":\"ImageObject\",\"inLanguage\":\"en-US\",\"@id\":\"https:\/\/dev.borgarbyggd.is\/grunnborg\/#\/schema\/person\/image\/\",\"url\":\"https:\/\/secure.gravatar.com\/avatar\/5713c9ad3f3c9b3d04558014bcc83a7c1a4174ecf1b52ec7245a5513f341cf0a?s=96&d=mm&r=g\",\"contentUrl\":\"https:\/\/secure.gravatar.com\/avatar\/5713c9ad3f3c9b3d04558014bcc83a7c1a4174ecf1b52ec7245a5513f341cf0a?s=96&d=mm&r=g\",\"caption\":\"huldag\"},\"url\":\"https:\/\/dev.borgarbyggd.is\/grunnborg\/author\/huldag\/\"}]}<\/script>\n<!-- \/ Yoast SEO plugin. -->","yoast_head_json":{"title":"7. bekkur um sundin bl\u00e1 - Grunnsk\u00f3linn \u00ed Borgarnesi","robots":{"index":"index","follow":"follow","max-snippet":"max-snippet:-1","max-image-preview":"max-image-preview:large","max-video-preview":"max-video-preview:-1"},"canonical":"https:\/\/dev.borgarbyggd.is\/grunnborg\/frettir\/7-bekkur-um-sundin-bla\/","og_locale":"en_US","og_type":"article","og_title":"7. bekkur um sundin bl\u00e1 - Grunnsk\u00f3linn \u00ed Borgarnesi","og_description":"Sj\u00f6undi bekkur \u00ed Grunnsk\u00f3lanum \u00ed Borgarnesi br\u00e1 s\u00e9r \u00ed betri f\u00f6tin og skellti s\u00e9r til Reykjav\u00edkur \u00feri\u00f0judaginn 30. apr\u00edl \u00ed bo\u00f0i Faxafl\u00f3ahafna. Okkur var bo\u00f0i\u00f0 \u00ed sj\u00f3fer\u00f0 um sundin bl\u00e1, en \u00fea\u00f0 er fr\u00e6\u00f0slufer\u00f0 sem grunnsk\u00f3lab\u00f6rnum er bo\u00f0i\u00f0 \u00ed. Okkur til mikillar \u00e1n\u00e6gju breyttist fer\u00f0in \u00f3v\u00e6nt \u00fev\u00ed \u00e1 vegi okkar s\u00e1um vi\u00f0 hrefnur fyrir utan h\u00f6fnina sem vakti mikla k\u00e1t\u00ednu ... Read More","og_url":"https:\/\/dev.borgarbyggd.is\/grunnborg\/frettir\/7-bekkur-um-sundin-bla\/","og_site_name":"Grunnsk\u00f3linn \u00ed Borgarnesi","article_published_time":"2024-05-06T13:38:33+00:00","og_image":[{"width":2048,"height":1152,"url":"https:\/\/dev.borgarbyggd.is\/grunnborg\/wp-content\/uploads\/sites\/2\/2024\/05\/su15.jpg","type":"image\/jpeg"}],"author":"huldag","twitter_card":"summary_large_image","twitter_misc":{"Written by":"huldag","Est. reading time":"1 minute"},"schema":{"@context":"https:\/\/schema.org","@graph":[{"@type":"WebPage","@id":"https:\/\/dev.borgarbyggd.is\/grunnborg\/frettir\/7-bekkur-um-sundin-bla\/","url":"https:\/\/dev.borgarbyggd.is\/grunnborg\/frettir\/7-bekkur-um-sundin-bla\/","name":"7. bekkur um sundin bl\u00e1 - Grunnsk\u00f3linn \u00ed Borgarnesi","isPartOf":{"@id":"https:\/\/dev.borgarbyggd.is\/grunnborg\/#website"},"primaryImageOfPage":{"@id":"https:\/\/dev.borgarbyggd.is\/grunnborg\/frettir\/7-bekkur-um-sundin-bla\/#primaryimage"},"image":{"@id":"https:\/\/dev.borgarbyggd.is\/grunnborg\/frettir\/7-bekkur-um-sundin-bla\/#primaryimage"},"thumbnailUrl":"https:\/\/dev.borgarbyggd.is\/grunnborg\/wp-content\/uploads\/sites\/2\/2024\/05\/su15.jpg","datePublished":"2024-05-06T13:38:33+00:00","dateModified":"2024-05-06T13:38:33+00:00","author":{"@id":"https:\/\/dev.borgarbyggd.is\/grunnborg\/#\/schema\/person\/a81f55c8091f235534589b6a441de894"},"breadcrumb":{"@id":"https:\/\/dev.borgarbyggd.is\/grunnborg\/frettir\/7-bekkur-um-sundin-bla\/#breadcrumb"},"inLanguage":"en-US","potentialAction":[{"@type":"ReadAction","target":["https:\/\/dev.borgarbyggd.is\/grunnborg\/frettir\/7-bekkur-um-sundin-bla\/"]}]},{"@type":"ImageObject","inLanguage":"en-US","@id":"https:\/\/dev.borgarbyggd.is\/grunnborg\/frettir\/7-bekkur-um-sundin-bla\/#primaryimage","url":"https:\/\/dev.borgarbyggd.is\/grunnborg\/wp-content\/uploads\/sites\/2\/2024\/05\/su15.jpg","contentUrl":"https:\/\/dev.borgarbyggd.is\/grunnborg\/wp-content\/uploads\/sites\/2\/2024\/05\/su15.jpg","width":2048,"height":1152},{"@type":"BreadcrumbList","@id":"https:\/\/dev.borgarbyggd.is\/grunnborg\/frettir\/7-bekkur-um-sundin-bla\/#breadcrumb","itemListElement":[{"@type":"ListItem","position":1,"name":"Home","item":"https:\/\/dev.borgarbyggd.is\/grunnborg\/"},{"@type":"ListItem","position":2,"name":"7. bekkur um sundin bl\u00e1"}]},{"@type":"WebSite","@id":"https:\/\/dev.borgarbyggd.is\/grunnborg\/#website","url":"https:\/\/dev.borgarbyggd.is\/grunnborg\/","name":"Grunnsk\u00f3linn \u00ed Borgarnesi","description":"","potentialAction":[{"@type":"SearchAction","target":{"@type":"EntryPoint","urlTemplate":"https:\/\/dev.borgarbyggd.is\/grunnborg\/?s={search_term_string}"},"query-input":{"@type":"PropertyValueSpecification","valueRequired":true,"valueName":"search_term_string"}}],"inLanguage":"en-US"},{"@type":"Person","@id":"https:\/\/dev.borgarbyggd.is\/grunnborg\/#\/schema\/person\/a81f55c8091f235534589b6a441de894","name":"huldag","image":{"@type":"ImageObject","inLanguage":"en-US","@id":"https:\/\/dev.borgarbyggd.is\/grunnborg\/#\/schema\/person\/image\/","url":"https:\/\/secure.gravatar.com\/avatar\/5713c9ad3f3c9b3d04558014bcc83a7c1a4174ecf1b52ec7245a5513f341cf0a?s=96&d=mm&r=g","contentUrl":"https:\/\/secure.gravatar.com\/avatar\/5713c9ad3f3c9b3d04558014bcc83a7c1a4174ecf1b52ec7245a5513f341cf0a?s=96&d=mm&r=g","caption":"huldag"},"url":"https:\/\/dev.borgarbyggd.is\/grunnborg\/author\/huldag\/"}]}},"_links":{"self":[{"href":"https:\/\/dev.borgarbyggd.is\/grunnborg\/wp-json\/wp\/v2\/posts\/1668","targetHints":{"allow":["GET"]}}],"collection":[{"href":"https:\/\/dev.borgarbyggd.is\/grunnborg\/wp-json\/wp\/v2\/posts"}],"about":[{"href":"https:\/\/dev.borgarbyggd.is\/grunnborg\/wp-json\/wp\/v2\/types\/post"}],"author":[{"embeddable":true,"href":"https:\/\/dev.borgarbyggd.is\/grunnborg\/wp-json\/wp\/v2\/users\/27"}],"replies":[{"embeddable":true,"href":"https:\/\/dev.borgarbyggd.is\/grunnborg\/wp-json\/wp\/v2\/comments?post=1668"}],"version-history":[{"count":0,"href":"https:\/\/dev.borgarbyggd.is\/grunnborg\/wp-json\/wp\/v2\/posts\/1668\/revisions"}],"wp:featuredmedia":[{"embeddable":true,"href":"https:\/\/dev.borgarbyggd.is\/grunnborg\/wp-json\/wp\/v2\/media\/1667"}],"wp:attachment":[{"href":"https:\/\/dev.borgarbyggd.is\/grunnborg\/wp-json\/wp\/v2\/media?parent=1668"}],"wp:term":[{"taxonomy":"category","embeddable":true,"href":"https:\/\/dev.borgarbyggd.is\/grunnborg\/wp-json\/wp\/v2\/categories?post=1668"},{"taxonomy":"post_tag","embeddable":true,"href":"https:\/\/dev.borgarbyggd.is\/grunnborg\/wp-json\/wp\/v2\/tags?post=1668"}],"curies":[{"name":"wp","href":"https:\/\/api.w.org\/{rel}","templated":true}]}}