{"id":1651,"date":"2024-05-03T15:08:02","date_gmt":"2024-05-03T15:08:02","guid":{"rendered":"https:\/\/dev.borgarbyggd.is\/grunnborg\/?p=1651"},"modified":"2024-05-03T15:08:02","modified_gmt":"2024-05-03T15:08:02","slug":"skolaheimsokn-fra-tekklandi","status":"publish","type":"post","link":"https:\/\/dev.borgarbyggd.is\/grunnborg\/frettir\/skolaheimsokn-fra-tekklandi\/","title":{"rendered":"Sk\u00f3laheims\u00f3kn fr\u00e1 T\u00e9kklandi"},"content":{"rendered":"<p>Samstarfssk\u00f3linn okkar er Z\u00e1kladn\u00ed Skola Karla Jer\u00e1bka, \u00ed b\u00e6num Roudnice nad Labem \u00ed T\u00e9kklandi. Vikuna 22. \u2013 26.apr\u00edl sl. voru fimmt\u00e1n nemendur \u00fea\u00f0an \u00ed heims\u00f3kn h\u00e9r \u00ed sk\u00f3lanum, \u00e1samt a\u00f0sto\u00f0arsk\u00f3lastj\u00f3ra og tveimur kennurum. Nemendur \u00ed 8. og 9.bekk, sem hafa \u00ed vetur veri\u00f0 \u00ed valgreininni \u201eErlent samstarf\u201c voru gestgjafar \u00feeirra h\u00e9r, \u00e1samt n\u00e1tt\u00farufr\u00e6\u00f0ikennara og verkefnisstj\u00f3ra.<\/p>\n<p>D\u00e1samlegt ve\u00f0ur og hressandi verkefni einkenndu \u00feessa l\u00edflegu viku. H\u00f3purinn elda\u00f0i saman eftir t\u00e9kkneskum og \u00edslenskum uppskriftum, f\u00f3r \u00ed sund, heims\u00f3tti fer\u00f0amannasta\u00f0i, f\u00f3r \u00e1 s\u00fdningar og umfram allt naut \u00feess a\u00f0 vera saman. Miki\u00f0 hlegi\u00f0 og spjalla\u00f0.<\/p>\n<p>Landn\u00e1mssetri\u00f0 bau\u00f0 h\u00f3pnum \u00e1 s\u00f6gus\u00fdningarnar, Borgarbygg\u00f0 bau\u00f0 \u00ed sund og \u00ed Safnah\u00fasi\u00f0 og \u00e1 Sturlu-Reykjum f\u00e9kk h\u00f3purinn fr\u00e6\u00f0slu um \u00edslenska hestinn og n\u00fdtingu jar\u00f0varma. T\u00e9kkneski h\u00f3purinn s\u00f3tti MB heim og f\u00e9kk fr\u00e6\u00f0slu um starfsemina \u00ed Kviku. Vi\u00f0 kunnum \u00feessum a\u00f0ilum bestu \u00feakkir fyrir m\u00f3tt\u00f6kuna og \u00f3metanlegan stu\u00f0ning.<\/p>\n<p>\u00dea\u00f0 er g\u00f3\u00f0 reynsla fyrir krakkana okkar a\u00f0 f\u00e1 a\u00f0 s\u00fdna t\u00e9kkneskum f\u00e9l\u00f6gum s\u00ednum a\u00f0st\u00f6\u00f0una \u00ed sk\u00f3lanum s\u00ednum, \u00fats\u00fdni\u00f0 og kennslug\u00f6gnin. F\u00e1 a\u00f0 heyra hva\u00f0 \u00feetta s\u00e9 miki\u00f0 og flott og heyra samanbur\u00f0inn vi\u00f0 \u00feeirra a\u00f0st\u00f6\u00f0u. \u00dea\u00f0 vill nefnilega gleymast hva\u00f0 vi\u00f0 h\u00f6fum \u00fea\u00f0 \u00ed rauninni gott. M\u00f6tuneyti\u00f0 vakti s\u00e9rstaka lukku enda haf\u00f0i h\u00f3purinn kynnt s\u00e9r matse\u00f0ilinn \u00e1 Instagram \u00ed \u00fe\u00f3nokkurn t\u00edma. Samabur\u00f0urinn alfari\u00f0 okkur \u00ed hag, a\u00f0 \u00feeirra s\u00f6gn.<\/p>\n<p>\u00dea\u00f0 er \u00e1skorun a\u00f0 taka \u00fe\u00e1tt \u00ed sl\u00edku verkefni, en jafnframt \u00feroskandi og skemmtilegt. N\u00e6sta vetur er komi\u00f0 a\u00f0 okkur \u00ed GB a\u00f0 b\u00e6ta \u00fev\u00ed \u00ed reynslubankann a\u00f0 velja \u00far okkar h\u00f3pi \u00fe\u00e1 sem s\u00e6kja t\u00e9kkneska samstarfssk\u00f3lann okkar heim. Vi\u00f0 hl\u00f6kkum miki\u00f0 til.<\/p>\n<div id='gallery-1' class='gallery flex gap-4 flex-wrap justify-center galleryid-1651 gallery-columns-3 gallery-size-thumbnail'><dl class='gallery-item'>\n\t\t\t<dt class='gallery-icon landscape'>\n\t\t\t\t<a href='https:\/\/dev.borgarbyggd.is\/grunnborg\/er1\/'><img loading=\"lazy\" decoding=\"async\" width=\"150\" height=\"150\" src=\"https:\/\/dev.borgarbyggd.is\/grunnborg\/wp-content\/uploads\/sites\/2\/2024\/05\/er1-150x150.jpg\" class=\"attachment-thumbnail size-thumbnail\" alt=\"\" \/><\/a>\n\t\t\t<\/dt><\/dl><dl class='gallery-item'>\n\t\t\t<dt class='gallery-icon portrait'>\n\t\t\t\t<a href='https:\/\/dev.borgarbyggd.is\/grunnborg\/er2\/'><img loading=\"lazy\" decoding=\"async\" width=\"150\" height=\"150\" src=\"https:\/\/dev.borgarbyggd.is\/grunnborg\/wp-content\/uploads\/sites\/2\/2024\/05\/er2-150x150.jpg\" class=\"attachment-thumbnail size-thumbnail\" alt=\"\" \/><\/a>\n\t\t\t<\/dt><\/dl><dl class='gallery-item'>\n\t\t\t<dt class='gallery-icon portrait'>\n\t\t\t\t<a href='https:\/\/dev.borgarbyggd.is\/grunnborg\/er3\/'><img loading=\"lazy\" decoding=\"async\" width=\"150\" height=\"150\" src=\"https:\/\/dev.borgarbyggd.is\/grunnborg\/wp-content\/uploads\/sites\/2\/2024\/05\/er3-150x150.jpg\" class=\"attachment-thumbnail size-thumbnail\" alt=\"\" \/><\/a>\n\t\t\t<\/dt><\/dl><dl class='gallery-item'>\n\t\t\t<dt class='gallery-icon portrait'>\n\t\t\t\t<a href='https:\/\/dev.borgarbyggd.is\/grunnborg\/er4\/'><img loading=\"lazy\" decoding=\"async\" width=\"150\" height=\"150\" src=\"https:\/\/dev.borgarbyggd.is\/grunnborg\/wp-content\/uploads\/sites\/2\/2024\/05\/er4-150x150.jpg\" class=\"attachment-thumbnail size-thumbnail\" alt=\"\" \/><\/a>\n\t\t\t<\/dt><\/dl><dl class='gallery-item'>\n\t\t\t<dt class='gallery-icon portrait'>\n\t\t\t\t<a href='https:\/\/dev.borgarbyggd.is\/grunnborg\/er5\/'><img loading=\"lazy\" decoding=\"async\" width=\"150\" height=\"150\" src=\"https:\/\/dev.borgarbyggd.is\/grunnborg\/wp-content\/uploads\/sites\/2\/2024\/05\/er5-150x150.jpg\" class=\"attachment-thumbnail size-thumbnail\" alt=\"\" \/><\/a>\n\t\t\t<\/dt><\/dl><dl class='gallery-item'>\n\t\t\t<dt class='gallery-icon portrait'>\n\t\t\t\t<a href='https:\/\/dev.borgarbyggd.is\/grunnborg\/er6\/'><img loading=\"lazy\" decoding=\"async\" width=\"150\" height=\"150\" src=\"https:\/\/dev.borgarbyggd.is\/grunnborg\/wp-content\/uploads\/sites\/2\/2024\/05\/er6-150x150.jpg\" class=\"attachment-thumbnail size-thumbnail\" alt=\"\" \/><\/a>\n\t\t\t<\/dt><\/dl><dl class='gallery-item'>\n\t\t\t<dt class='gallery-icon portrait'>\n\t\t\t\t<a href='https:\/\/dev.borgarbyggd.is\/grunnborg\/er7\/'><img loading=\"lazy\" decoding=\"async\" width=\"150\" height=\"150\" src=\"https:\/\/dev.borgarbyggd.is\/grunnborg\/wp-content\/uploads\/sites\/2\/2024\/05\/er7-150x150.jpg\" class=\"attachment-thumbnail size-thumbnail\" alt=\"\" \/><\/a>\n\t\t\t<\/dt><\/dl><dl class='gallery-item'>\n\t\t\t<dt class='gallery-icon landscape'>\n\t\t\t\t<a href='https:\/\/dev.borgarbyggd.is\/grunnborg\/er8\/'><img loading=\"lazy\" decoding=\"async\" width=\"150\" height=\"150\" src=\"https:\/\/dev.borgarbyggd.is\/grunnborg\/wp-content\/uploads\/sites\/2\/2024\/05\/er8-150x150.jpg\" class=\"attachment-thumbnail size-thumbnail\" alt=\"\" \/><\/a>\n\t\t\t<\/dt><\/dl>\n\t\t\t\n\t\t<\/div>\n\n","protected":false},"excerpt":{"rendered":"<p>Samstarfssk\u00f3linn okkar er Z\u00e1kladn\u00ed Skola Karla Jer\u00e1bka, \u00ed b\u00e6num Roudnice nad Labem \u00ed T\u00e9kklandi. Vikuna 22. \u2013 26.apr\u00edl sl. voru fimmt\u00e1n nemendur \u00fea\u00f0an \u00ed heims\u00f3kn h\u00e9r \u00ed sk\u00f3lanum, \u00e1samt a\u00f0sto\u00f0arsk\u00f3lastj\u00f3ra og tveimur kennurum. Nemendur \u00ed 8. og 9.bekk, sem hafa \u00ed vetur veri\u00f0 \u00ed valgreininni \u201eErlent samstarf\u201c voru gestgjafar \u00feeirra h\u00e9r, \u00e1samt n\u00e1tt\u00farufr\u00e6\u00f0ikennara og verkefnisstj\u00f3ra. D\u00e1samlegt ve\u00f0ur og hressandi verkefni &#8230; <\/p>\n<div><a href=\"https:\/\/dev.borgarbyggd.is\/grunnborg\/frettir\/skolaheimsokn-fra-tekklandi\/\" class=\"more-link\">Read More<\/a><\/div>\n","protected":false},"author":27,"featured_media":1643,"comment_status":"closed","ping_status":"closed","sticky":false,"template":"","format":"standard","meta":{"_acf_changed":false,"footnotes":""},"categories":[1],"tags":[],"class_list":["post-1651","post","type-post","status-publish","format-standard","has-post-thumbnail","hentry","category-frettir"],"acf":[],"yoast_head":"<!-- This site is optimized with the Yoast SEO plugin v24.0 - https:\/\/yoast.com\/wordpress\/plugins\/seo\/ -->\n<title>Sk\u00f3laheims\u00f3kn fr\u00e1 T\u00e9kklandi - Grunnsk\u00f3linn \u00ed Borgarnesi<\/title>\n<meta name=\"robots\" content=\"index, follow, max-snippet:-1, max-image-preview:large, max-video-preview:-1\" \/>\n<link rel=\"canonical\" href=\"https:\/\/dev.borgarbyggd.is\/grunnborg\/frettir\/skolaheimsokn-fra-tekklandi\/\" \/>\n<meta property=\"og:locale\" content=\"en_US\" \/>\n<meta property=\"og:type\" content=\"article\" \/>\n<meta property=\"og:title\" content=\"Sk\u00f3laheims\u00f3kn fr\u00e1 T\u00e9kklandi - Grunnsk\u00f3linn \u00ed Borgarnesi\" \/>\n<meta property=\"og:description\" content=\"Samstarfssk\u00f3linn okkar er Z\u00e1kladn\u00ed Skola Karla Jer\u00e1bka, \u00ed b\u00e6num Roudnice nad Labem \u00ed T\u00e9kklandi. Vikuna 22. \u2013 26.apr\u00edl sl. voru fimmt\u00e1n nemendur \u00fea\u00f0an \u00ed heims\u00f3kn h\u00e9r \u00ed sk\u00f3lanum, \u00e1samt a\u00f0sto\u00f0arsk\u00f3lastj\u00f3ra og tveimur kennurum. Nemendur \u00ed 8. og 9.bekk, sem hafa \u00ed vetur veri\u00f0 \u00ed valgreininni \u201eErlent samstarf\u201c voru gestgjafar \u00feeirra h\u00e9r, \u00e1samt n\u00e1tt\u00farufr\u00e6\u00f0ikennara og verkefnisstj\u00f3ra. D\u00e1samlegt ve\u00f0ur og hressandi verkefni ... Read More\" \/>\n<meta property=\"og:url\" content=\"https:\/\/dev.borgarbyggd.is\/grunnborg\/frettir\/skolaheimsokn-fra-tekklandi\/\" \/>\n<meta property=\"og:site_name\" content=\"Grunnsk\u00f3linn \u00ed Borgarnesi\" \/>\n<meta property=\"article:published_time\" content=\"2024-05-03T15:08:02+00:00\" \/>\n<meta property=\"og:image\" content=\"https:\/\/dev.borgarbyggd.is\/grunnborg\/wp-content\/uploads\/sites\/2\/2024\/05\/er8.jpg\" \/>\n\t<meta property=\"og:image:width\" content=\"2048\" \/>\n\t<meta property=\"og:image:height\" content=\"1536\" \/>\n\t<meta property=\"og:image:type\" content=\"image\/jpeg\" \/>\n<meta name=\"author\" content=\"huldag\" \/>\n<meta name=\"twitter:card\" content=\"summary_large_image\" \/>\n<meta name=\"twitter:label1\" content=\"Written by\" \/>\n\t<meta name=\"twitter:data1\" content=\"huldag\" \/>\n\t<meta name=\"twitter:label2\" content=\"Est. reading time\" \/>\n\t<meta name=\"twitter:data2\" content=\"2 minutes\" \/>\n<script type=\"application\/ld+json\" class=\"yoast-schema-graph\">{\"@context\":\"https:\/\/schema.org\",\"@graph\":[{\"@type\":\"WebPage\",\"@id\":\"https:\/\/dev.borgarbyggd.is\/grunnborg\/frettir\/skolaheimsokn-fra-tekklandi\/\",\"url\":\"https:\/\/dev.borgarbyggd.is\/grunnborg\/frettir\/skolaheimsokn-fra-tekklandi\/\",\"name\":\"Sk\u00f3laheims\u00f3kn fr\u00e1 T\u00e9kklandi - Grunnsk\u00f3linn \u00ed Borgarnesi\",\"isPartOf\":{\"@id\":\"https:\/\/dev.borgarbyggd.is\/grunnborg\/#website\"},\"primaryImageOfPage\":{\"@id\":\"https:\/\/dev.borgarbyggd.is\/grunnborg\/frettir\/skolaheimsokn-fra-tekklandi\/#primaryimage\"},\"image\":{\"@id\":\"https:\/\/dev.borgarbyggd.is\/grunnborg\/frettir\/skolaheimsokn-fra-tekklandi\/#primaryimage\"},\"thumbnailUrl\":\"https:\/\/dev.borgarbyggd.is\/grunnborg\/wp-content\/uploads\/sites\/2\/2024\/05\/er8.jpg\",\"datePublished\":\"2024-05-03T15:08:02+00:00\",\"dateModified\":\"2024-05-03T15:08:02+00:00\",\"author\":{\"@id\":\"https:\/\/dev.borgarbyggd.is\/grunnborg\/#\/schema\/person\/a81f55c8091f235534589b6a441de894\"},\"breadcrumb\":{\"@id\":\"https:\/\/dev.borgarbyggd.is\/grunnborg\/frettir\/skolaheimsokn-fra-tekklandi\/#breadcrumb\"},\"inLanguage\":\"en-US\",\"potentialAction\":[{\"@type\":\"ReadAction\",\"target\":[\"https:\/\/dev.borgarbyggd.is\/grunnborg\/frettir\/skolaheimsokn-fra-tekklandi\/\"]}]},{\"@type\":\"ImageObject\",\"inLanguage\":\"en-US\",\"@id\":\"https:\/\/dev.borgarbyggd.is\/grunnborg\/frettir\/skolaheimsokn-fra-tekklandi\/#primaryimage\",\"url\":\"https:\/\/dev.borgarbyggd.is\/grunnborg\/wp-content\/uploads\/sites\/2\/2024\/05\/er8.jpg\",\"contentUrl\":\"https:\/\/dev.borgarbyggd.is\/grunnborg\/wp-content\/uploads\/sites\/2\/2024\/05\/er8.jpg\",\"width\":2048,\"height\":1536},{\"@type\":\"BreadcrumbList\",\"@id\":\"https:\/\/dev.borgarbyggd.is\/grunnborg\/frettir\/skolaheimsokn-fra-tekklandi\/#breadcrumb\",\"itemListElement\":[{\"@type\":\"ListItem\",\"position\":1,\"name\":\"Home\",\"item\":\"https:\/\/dev.borgarbyggd.is\/grunnborg\/\"},{\"@type\":\"ListItem\",\"position\":2,\"name\":\"Sk\u00f3laheims\u00f3kn fr\u00e1 T\u00e9kklandi\"}]},{\"@type\":\"WebSite\",\"@id\":\"https:\/\/dev.borgarbyggd.is\/grunnborg\/#website\",\"url\":\"https:\/\/dev.borgarbyggd.is\/grunnborg\/\",\"name\":\"Grunnsk\u00f3linn \u00ed Borgarnesi\",\"description\":\"\",\"potentialAction\":[{\"@type\":\"SearchAction\",\"target\":{\"@type\":\"EntryPoint\",\"urlTemplate\":\"https:\/\/dev.borgarbyggd.is\/grunnborg\/?s={search_term_string}\"},\"query-input\":{\"@type\":\"PropertyValueSpecification\",\"valueRequired\":true,\"valueName\":\"search_term_string\"}}],\"inLanguage\":\"en-US\"},{\"@type\":\"Person\",\"@id\":\"https:\/\/dev.borgarbyggd.is\/grunnborg\/#\/schema\/person\/a81f55c8091f235534589b6a441de894\",\"name\":\"huldag\",\"image\":{\"@type\":\"ImageObject\",\"inLanguage\":\"en-US\",\"@id\":\"https:\/\/dev.borgarbyggd.is\/grunnborg\/#\/schema\/person\/image\/\",\"url\":\"https:\/\/secure.gravatar.com\/avatar\/5713c9ad3f3c9b3d04558014bcc83a7c1a4174ecf1b52ec7245a5513f341cf0a?s=96&d=mm&r=g\",\"contentUrl\":\"https:\/\/secure.gravatar.com\/avatar\/5713c9ad3f3c9b3d04558014bcc83a7c1a4174ecf1b52ec7245a5513f341cf0a?s=96&d=mm&r=g\",\"caption\":\"huldag\"},\"url\":\"https:\/\/dev.borgarbyggd.is\/grunnborg\/author\/huldag\/\"}]}<\/script>\n<!-- \/ Yoast SEO plugin. -->","yoast_head_json":{"title":"Sk\u00f3laheims\u00f3kn fr\u00e1 T\u00e9kklandi - Grunnsk\u00f3linn \u00ed Borgarnesi","robots":{"index":"index","follow":"follow","max-snippet":"max-snippet:-1","max-image-preview":"max-image-preview:large","max-video-preview":"max-video-preview:-1"},"canonical":"https:\/\/dev.borgarbyggd.is\/grunnborg\/frettir\/skolaheimsokn-fra-tekklandi\/","og_locale":"en_US","og_type":"article","og_title":"Sk\u00f3laheims\u00f3kn fr\u00e1 T\u00e9kklandi - Grunnsk\u00f3linn \u00ed Borgarnesi","og_description":"Samstarfssk\u00f3linn okkar er Z\u00e1kladn\u00ed Skola Karla Jer\u00e1bka, \u00ed b\u00e6num Roudnice nad Labem \u00ed T\u00e9kklandi. Vikuna 22. \u2013 26.apr\u00edl sl. voru fimmt\u00e1n nemendur \u00fea\u00f0an \u00ed heims\u00f3kn h\u00e9r \u00ed sk\u00f3lanum, \u00e1samt a\u00f0sto\u00f0arsk\u00f3lastj\u00f3ra og tveimur kennurum. Nemendur \u00ed 8. og 9.bekk, sem hafa \u00ed vetur veri\u00f0 \u00ed valgreininni \u201eErlent samstarf\u201c voru gestgjafar \u00feeirra h\u00e9r, \u00e1samt n\u00e1tt\u00farufr\u00e6\u00f0ikennara og verkefnisstj\u00f3ra. D\u00e1samlegt ve\u00f0ur og hressandi verkefni ... Read More","og_url":"https:\/\/dev.borgarbyggd.is\/grunnborg\/frettir\/skolaheimsokn-fra-tekklandi\/","og_site_name":"Grunnsk\u00f3linn \u00ed Borgarnesi","article_published_time":"2024-05-03T15:08:02+00:00","og_image":[{"width":2048,"height":1536,"url":"https:\/\/dev.borgarbyggd.is\/grunnborg\/wp-content\/uploads\/sites\/2\/2024\/05\/er8.jpg","type":"image\/jpeg"}],"author":"huldag","twitter_card":"summary_large_image","twitter_misc":{"Written by":"huldag","Est. reading time":"2 minutes"},"schema":{"@context":"https:\/\/schema.org","@graph":[{"@type":"WebPage","@id":"https:\/\/dev.borgarbyggd.is\/grunnborg\/frettir\/skolaheimsokn-fra-tekklandi\/","url":"https:\/\/dev.borgarbyggd.is\/grunnborg\/frettir\/skolaheimsokn-fra-tekklandi\/","name":"Sk\u00f3laheims\u00f3kn fr\u00e1 T\u00e9kklandi - Grunnsk\u00f3linn \u00ed Borgarnesi","isPartOf":{"@id":"https:\/\/dev.borgarbyggd.is\/grunnborg\/#website"},"primaryImageOfPage":{"@id":"https:\/\/dev.borgarbyggd.is\/grunnborg\/frettir\/skolaheimsokn-fra-tekklandi\/#primaryimage"},"image":{"@id":"https:\/\/dev.borgarbyggd.is\/grunnborg\/frettir\/skolaheimsokn-fra-tekklandi\/#primaryimage"},"thumbnailUrl":"https:\/\/dev.borgarbyggd.is\/grunnborg\/wp-content\/uploads\/sites\/2\/2024\/05\/er8.jpg","datePublished":"2024-05-03T15:08:02+00:00","dateModified":"2024-05-03T15:08:02+00:00","author":{"@id":"https:\/\/dev.borgarbyggd.is\/grunnborg\/#\/schema\/person\/a81f55c8091f235534589b6a441de894"},"breadcrumb":{"@id":"https:\/\/dev.borgarbyggd.is\/grunnborg\/frettir\/skolaheimsokn-fra-tekklandi\/#breadcrumb"},"inLanguage":"en-US","potentialAction":[{"@type":"ReadAction","target":["https:\/\/dev.borgarbyggd.is\/grunnborg\/frettir\/skolaheimsokn-fra-tekklandi\/"]}]},{"@type":"ImageObject","inLanguage":"en-US","@id":"https:\/\/dev.borgarbyggd.is\/grunnborg\/frettir\/skolaheimsokn-fra-tekklandi\/#primaryimage","url":"https:\/\/dev.borgarbyggd.is\/grunnborg\/wp-content\/uploads\/sites\/2\/2024\/05\/er8.jpg","contentUrl":"https:\/\/dev.borgarbyggd.is\/grunnborg\/wp-content\/uploads\/sites\/2\/2024\/05\/er8.jpg","width":2048,"height":1536},{"@type":"BreadcrumbList","@id":"https:\/\/dev.borgarbyggd.is\/grunnborg\/frettir\/skolaheimsokn-fra-tekklandi\/#breadcrumb","itemListElement":[{"@type":"ListItem","position":1,"name":"Home","item":"https:\/\/dev.borgarbyggd.is\/grunnborg\/"},{"@type":"ListItem","position":2,"name":"Sk\u00f3laheims\u00f3kn fr\u00e1 T\u00e9kklandi"}]},{"@type":"WebSite","@id":"https:\/\/dev.borgarbyggd.is\/grunnborg\/#website","url":"https:\/\/dev.borgarbyggd.is\/grunnborg\/","name":"Grunnsk\u00f3linn \u00ed Borgarnesi","description":"","potentialAction":[{"@type":"SearchAction","target":{"@type":"EntryPoint","urlTemplate":"https:\/\/dev.borgarbyggd.is\/grunnborg\/?s={search_term_string}"},"query-input":{"@type":"PropertyValueSpecification","valueRequired":true,"valueName":"search_term_string"}}],"inLanguage":"en-US"},{"@type":"Person","@id":"https:\/\/dev.borgarbyggd.is\/grunnborg\/#\/schema\/person\/a81f55c8091f235534589b6a441de894","name":"huldag","image":{"@type":"ImageObject","inLanguage":"en-US","@id":"https:\/\/dev.borgarbyggd.is\/grunnborg\/#\/schema\/person\/image\/","url":"https:\/\/secure.gravatar.com\/avatar\/5713c9ad3f3c9b3d04558014bcc83a7c1a4174ecf1b52ec7245a5513f341cf0a?s=96&d=mm&r=g","contentUrl":"https:\/\/secure.gravatar.com\/avatar\/5713c9ad3f3c9b3d04558014bcc83a7c1a4174ecf1b52ec7245a5513f341cf0a?s=96&d=mm&r=g","caption":"huldag"},"url":"https:\/\/dev.borgarbyggd.is\/grunnborg\/author\/huldag\/"}]}},"_links":{"self":[{"href":"https:\/\/dev.borgarbyggd.is\/grunnborg\/wp-json\/wp\/v2\/posts\/1651","targetHints":{"allow":["GET"]}}],"collection":[{"href":"https:\/\/dev.borgarbyggd.is\/grunnborg\/wp-json\/wp\/v2\/posts"}],"about":[{"href":"https:\/\/dev.borgarbyggd.is\/grunnborg\/wp-json\/wp\/v2\/types\/post"}],"author":[{"embeddable":true,"href":"https:\/\/dev.borgarbyggd.is\/grunnborg\/wp-json\/wp\/v2\/users\/27"}],"replies":[{"embeddable":true,"href":"https:\/\/dev.borgarbyggd.is\/grunnborg\/wp-json\/wp\/v2\/comments?post=1651"}],"version-history":[{"count":0,"href":"https:\/\/dev.borgarbyggd.is\/grunnborg\/wp-json\/wp\/v2\/posts\/1651\/revisions"}],"wp:featuredmedia":[{"embeddable":true,"href":"https:\/\/dev.borgarbyggd.is\/grunnborg\/wp-json\/wp\/v2\/media\/1643"}],"wp:attachment":[{"href":"https:\/\/dev.borgarbyggd.is\/grunnborg\/wp-json\/wp\/v2\/media?parent=1651"}],"wp:term":[{"taxonomy":"category","embeddable":true,"href":"https:\/\/dev.borgarbyggd.is\/grunnborg\/wp-json\/wp\/v2\/categories?post=1651"},{"taxonomy":"post_tag","embeddable":true,"href":"https:\/\/dev.borgarbyggd.is\/grunnborg\/wp-json\/wp\/v2\/tags?post=1651"}],"curies":[{"name":"wp","href":"https:\/\/api.w.org\/{rel}","templated":true}]}}