{"id":1642,"date":"2024-05-03T14:56:56","date_gmt":"2024-05-03T14:56:56","guid":{"rendered":"https:\/\/dev.borgarbyggd.is\/grunnborg\/?p=1642"},"modified":"2024-05-03T14:56:56","modified_gmt":"2024-05-03T14:56:56","slug":"opinn-dagur-2-mai","status":"publish","type":"post","link":"https:\/\/dev.borgarbyggd.is\/grunnborg\/frettir\/opinn-dagur-2-mai\/","title":{"rendered":"Opinn dagur 2. ma\u00ed."},"content":{"rendered":"<p>\u00deann 2. ma\u00ed var Opinn dagur \u00ed grunnsk\u00f3lanum og var gestum og gangandi bo\u00f0i\u00f0 a\u00f0 k\u00edkja vi\u00f0 og sj\u00e1 hva\u00f0 um er a\u00f0 vera \u00ed sk\u00f3lanum. Bekkirnir voru me\u00f0 \u00fdmsa vi\u00f0bur\u00f0i \u00e1 me\u00f0an \u00e1 opnuninni st\u00f3\u00f0 og var 9. bekkur me\u00f0 kaffis\u00f6lu \u00e1samt \u00fev\u00ed a\u00f0 selja \u00fe\u00e6r v\u00f6rur sem \u00feau h\u00f6nnu\u00f0u og framleiddu \u00ed n\u00fdsk\u00f6pun \u00ed vetur. Allur \u00e1g\u00f3\u00f0i s\u00f6lunnar rennur svo \u00ed fer\u00f0asj\u00f3\u00f0 \u00feeirra. \u00de\u00e1 bau\u00f0 B\u00f3kasafni\u00f0 upp \u00e1 b\u00f3kasafnsgetraun \u00fear sem spurt var Hversu margar b\u00e6kur hef\u00f0u veri\u00f0 l\u00e1na\u00f0ar \u00fat \u00e1ri\u00f0 2023. R\u00e9tt svar er 9007 eint\u00f6k. \u00darslitin \u00far getrauninni eru svohlj\u00f3\u00f0andi:<\/p>\n<p>Svand\u00eds Svava 6. bekk var n\u00e6st r\u00e9ttu svari \u2013 h\u00fan giska\u00f0i \u00e1 8950 eint\u00f6k. H\u00fan f\u00e6r b\u00f3kaver\u00f0laun.<\/p>\n<p>Luise \u00ed 6. bekk var me\u00f0 n\u00e6st bestu \u00e1giskunina \u2013 h\u00fan giska\u00f0i \u00e1 9105 eint\u00f6k. H\u00fan f\u00e6r aukaver\u00f0laun &#8211; b\u00f3kasafnspassa.<\/p>\n<p>B\u00f3kasafni\u00f0 \u00feakkar \u00f6llum \u00feeim 116 sem t\u00f3ku \u00fe\u00e1tt!<\/p>\n<p>Eins og lesa m\u00e1 \u00fe\u00e1 var \u00fdmislegt \u00ed bo\u00f0i og heppna\u00f0ist dagurinn virkilega vel. \u00de\u00f6kkum vi\u00f0 \u00f6llum \u00feeim sem l\u00f6g\u00f0u lei\u00f0 s\u00edna \u00e1 \u00feennan opna dag.<\/p>\n<div id='gallery-1' class='gallery flex gap-4 flex-wrap justify-center galleryid-1642 gallery-columns-4 gallery-size-thumbnail'><dl class='gallery-item'>\n\t\t\t<dt class='gallery-icon landscape'>\n\t\t\t\t<a href='https:\/\/dev.borgarbyggd.is\/grunnborg\/op2\/'><img loading=\"lazy\" decoding=\"async\" width=\"150\" height=\"150\" src=\"https:\/\/dev.borgarbyggd.is\/grunnborg\/wp-content\/uploads\/sites\/2\/2024\/05\/op2-150x150.jpg\" class=\"attachment-thumbnail size-thumbnail\" alt=\"\" \/><\/a>\n\t\t\t<\/dt><\/dl><dl class='gallery-item'>\n\t\t\t<dt class='gallery-icon landscape'>\n\t\t\t\t<a href='https:\/\/dev.borgarbyggd.is\/grunnborg\/op5afrit\/'><img loading=\"lazy\" decoding=\"async\" width=\"150\" height=\"150\" src=\"https:\/\/dev.borgarbyggd.is\/grunnborg\/wp-content\/uploads\/sites\/2\/2024\/05\/op5afrit-150x150.jpg\" class=\"attachment-thumbnail size-thumbnail\" alt=\"\" \/><\/a>\n\t\t\t<\/dt><\/dl><dl class='gallery-item'>\n\t\t\t<dt class='gallery-icon landscape'>\n\t\t\t\t<a href='https:\/\/dev.borgarbyggd.is\/grunnborg\/op6afrit\/'><img loading=\"lazy\" decoding=\"async\" width=\"150\" height=\"150\" src=\"https:\/\/dev.borgarbyggd.is\/grunnborg\/wp-content\/uploads\/sites\/2\/2024\/05\/op6afrit-150x150.jpg\" class=\"attachment-thumbnail size-thumbnail\" alt=\"\" \/><\/a>\n\t\t\t<\/dt><\/dl><dl class='gallery-item'>\n\t\t\t<dt class='gallery-icon landscape'>\n\t\t\t\t<a href='https:\/\/dev.borgarbyggd.is\/grunnborg\/op7\/'><img loading=\"lazy\" decoding=\"async\" width=\"150\" height=\"150\" src=\"https:\/\/dev.borgarbyggd.is\/grunnborg\/wp-content\/uploads\/sites\/2\/2024\/05\/op7-150x150.jpg\" class=\"attachment-thumbnail size-thumbnail\" alt=\"\" \/><\/a>\n\t\t\t<\/dt><\/dl><dl class='gallery-item'>\n\t\t\t<dt class='gallery-icon portrait'>\n\t\t\t\t<a href='https:\/\/dev.borgarbyggd.is\/grunnborg\/op8\/'><img loading=\"lazy\" decoding=\"async\" width=\"150\" height=\"150\" src=\"https:\/\/dev.borgarbyggd.is\/grunnborg\/wp-content\/uploads\/sites\/2\/2024\/05\/op8-150x150.jpg\" class=\"attachment-thumbnail size-thumbnail\" alt=\"\" \/><\/a>\n\t\t\t<\/dt><\/dl><dl class='gallery-item'>\n\t\t\t<dt class='gallery-icon portrait'>\n\t\t\t\t<a href='https:\/\/dev.borgarbyggd.is\/grunnborg\/op10\/'><img loading=\"lazy\" decoding=\"async\" width=\"150\" height=\"150\" src=\"https:\/\/dev.borgarbyggd.is\/grunnborg\/wp-content\/uploads\/sites\/2\/2024\/05\/op10-150x150.jpg\" class=\"attachment-thumbnail size-thumbnail\" alt=\"\" \/><\/a>\n\t\t\t<\/dt><\/dl><dl class='gallery-item'>\n\t\t\t<dt class='gallery-icon portrait'>\n\t\t\t\t<a href='https:\/\/dev.borgarbyggd.is\/grunnborg\/op11\/'><img loading=\"lazy\" decoding=\"async\" width=\"150\" height=\"150\" src=\"https:\/\/dev.borgarbyggd.is\/grunnborg\/wp-content\/uploads\/sites\/2\/2024\/05\/op11-150x150.jpg\" class=\"attachment-thumbnail size-thumbnail\" alt=\"\" \/><\/a>\n\t\t\t<\/dt><\/dl><dl class='gallery-item'>\n\t\t\t<dt class='gallery-icon landscape'>\n\t\t\t\t<a href='https:\/\/dev.borgarbyggd.is\/grunnborg\/op14afrit\/'><img loading=\"lazy\" decoding=\"async\" width=\"150\" height=\"150\" src=\"https:\/\/dev.borgarbyggd.is\/grunnborg\/wp-content\/uploads\/sites\/2\/2024\/05\/op14afrit-150x150.jpg\" class=\"attachment-thumbnail size-thumbnail\" alt=\"\" \/><\/a>\n\t\t\t<\/dt><\/dl><dl class='gallery-item'>\n\t\t\t<dt class='gallery-icon portrait'>\n\t\t\t\t<a href='https:\/\/dev.borgarbyggd.is\/grunnborg\/op15\/'><img loading=\"lazy\" decoding=\"async\" width=\"150\" height=\"150\" src=\"https:\/\/dev.borgarbyggd.is\/grunnborg\/wp-content\/uploads\/sites\/2\/2024\/05\/op15-150x150.jpg\" class=\"attachment-thumbnail size-thumbnail\" alt=\"\" \/><\/a>\n\t\t\t<\/dt><\/dl><dl class='gallery-item'>\n\t\t\t<dt class='gallery-icon landscape'>\n\t\t\t\t<a href='https:\/\/dev.borgarbyggd.is\/grunnborg\/m5afrit\/'><img loading=\"lazy\" decoding=\"async\" width=\"150\" height=\"150\" src=\"https:\/\/dev.borgarbyggd.is\/grunnborg\/wp-content\/uploads\/sites\/2\/2024\/05\/m5afrit-150x150.jpg\" class=\"attachment-thumbnail size-thumbnail\" alt=\"\" \/><\/a>\n\t\t\t<\/dt><\/dl><dl class='gallery-item'>\n\t\t\t<dt class='gallery-icon landscape'>\n\t\t\t\t<a href='https:\/\/dev.borgarbyggd.is\/grunnborg\/m4afrit\/'><img loading=\"lazy\" decoding=\"async\" width=\"150\" height=\"150\" src=\"https:\/\/dev.borgarbyggd.is\/grunnborg\/wp-content\/uploads\/sites\/2\/2024\/05\/m4afrit-150x150.jpg\" class=\"attachment-thumbnail size-thumbnail\" alt=\"\" \/><\/a>\n\t\t\t<\/dt><\/dl><dl class='gallery-item'>\n\t\t\t<dt class='gallery-icon landscape'>\n\t\t\t\t<a href='https:\/\/dev.borgarbyggd.is\/grunnborg\/m3afrit\/'><img loading=\"lazy\" decoding=\"async\" width=\"150\" height=\"150\" src=\"https:\/\/dev.borgarbyggd.is\/grunnborg\/wp-content\/uploads\/sites\/2\/2024\/05\/m3afrit-150x150.jpg\" class=\"attachment-thumbnail size-thumbnail\" alt=\"\" \/><\/a>\n\t\t\t<\/dt><\/dl><dl class='gallery-item'>\n\t\t\t<dt class='gallery-icon landscape'>\n\t\t\t\t<a href='https:\/\/dev.borgarbyggd.is\/grunnborg\/m2afrit\/'><img loading=\"lazy\" decoding=\"async\" width=\"150\" height=\"150\" src=\"https:\/\/dev.borgarbyggd.is\/grunnborg\/wp-content\/uploads\/sites\/2\/2024\/05\/m2afrit-150x150.jpg\" class=\"attachment-thumbnail size-thumbnail\" alt=\"\" \/><\/a>\n\t\t\t<\/dt><\/dl>\n\t\t\t\n\t\t<\/div>\n\n","protected":false},"excerpt":{"rendered":"<p>\u00deann 2. ma\u00ed var Opinn dagur \u00ed grunnsk\u00f3lanum og var gestum og gangandi bo\u00f0i\u00f0 a\u00f0 k\u00edkja vi\u00f0 og sj\u00e1 hva\u00f0 um er a\u00f0 vera \u00ed sk\u00f3lanum. Bekkirnir voru me\u00f0 \u00fdmsa vi\u00f0bur\u00f0i \u00e1 me\u00f0an \u00e1 opnuninni st\u00f3\u00f0 og var 9. bekkur me\u00f0 kaffis\u00f6lu \u00e1samt \u00fev\u00ed a\u00f0 selja \u00fe\u00e6r v\u00f6rur sem \u00feau h\u00f6nnu\u00f0u og framleiddu \u00ed n\u00fdsk\u00f6pun \u00ed vetur. Allur \u00e1g\u00f3\u00f0i s\u00f6lunnar &#8230; <\/p>\n<div><a href=\"https:\/\/dev.borgarbyggd.is\/grunnborg\/frettir\/opinn-dagur-2-mai\/\" class=\"more-link\">Read More<\/a><\/div>\n","protected":false},"author":27,"featured_media":1640,"comment_status":"closed","ping_status":"closed","sticky":false,"template":"","format":"standard","meta":{"_acf_changed":false,"footnotes":""},"categories":[1],"tags":[],"class_list":["post-1642","post","type-post","status-publish","format-standard","has-post-thumbnail","hentry","category-frettir"],"acf":[],"yoast_head":"<!-- This site is optimized with the Yoast SEO plugin v24.0 - https:\/\/yoast.com\/wordpress\/plugins\/seo\/ -->\n<title>Opinn dagur 2. ma\u00ed. - Grunnsk\u00f3linn \u00ed Borgarnesi<\/title>\n<meta name=\"robots\" content=\"index, follow, max-snippet:-1, max-image-preview:large, max-video-preview:-1\" \/>\n<link rel=\"canonical\" href=\"https:\/\/dev.borgarbyggd.is\/grunnborg\/frettir\/opinn-dagur-2-mai\/\" \/>\n<meta property=\"og:locale\" content=\"en_US\" \/>\n<meta property=\"og:type\" content=\"article\" \/>\n<meta property=\"og:title\" content=\"Opinn dagur 2. ma\u00ed. - Grunnsk\u00f3linn \u00ed Borgarnesi\" \/>\n<meta property=\"og:description\" content=\"\u00deann 2. ma\u00ed var Opinn dagur \u00ed grunnsk\u00f3lanum og var gestum og gangandi bo\u00f0i\u00f0 a\u00f0 k\u00edkja vi\u00f0 og sj\u00e1 hva\u00f0 um er a\u00f0 vera \u00ed sk\u00f3lanum. Bekkirnir voru me\u00f0 \u00fdmsa vi\u00f0bur\u00f0i \u00e1 me\u00f0an \u00e1 opnuninni st\u00f3\u00f0 og var 9. bekkur me\u00f0 kaffis\u00f6lu \u00e1samt \u00fev\u00ed a\u00f0 selja \u00fe\u00e6r v\u00f6rur sem \u00feau h\u00f6nnu\u00f0u og framleiddu \u00ed n\u00fdsk\u00f6pun \u00ed vetur. Allur \u00e1g\u00f3\u00f0i s\u00f6lunnar ... Read More\" \/>\n<meta property=\"og:url\" content=\"https:\/\/dev.borgarbyggd.is\/grunnborg\/frettir\/opinn-dagur-2-mai\/\" \/>\n<meta property=\"og:site_name\" content=\"Grunnsk\u00f3linn \u00ed Borgarnesi\" \/>\n<meta property=\"article:published_time\" content=\"2024-05-03T14:56:56+00:00\" \/>\n<meta property=\"og:image\" content=\"https:\/\/dev.borgarbyggd.is\/grunnborg\/wp-content\/uploads\/sites\/2\/2024\/05\/op5afrit.jpg\" \/>\n\t<meta property=\"og:image:width\" content=\"1536\" \/>\n\t<meta property=\"og:image:height\" content=\"1149\" \/>\n\t<meta property=\"og:image:type\" content=\"image\/jpeg\" \/>\n<meta name=\"author\" content=\"huldag\" \/>\n<meta name=\"twitter:card\" content=\"summary_large_image\" \/>\n<meta name=\"twitter:label1\" content=\"Written by\" \/>\n\t<meta name=\"twitter:data1\" content=\"huldag\" \/>\n\t<meta name=\"twitter:label2\" content=\"Est. reading time\" \/>\n\t<meta name=\"twitter:data2\" content=\"1 minute\" \/>\n<script type=\"application\/ld+json\" class=\"yoast-schema-graph\">{\"@context\":\"https:\/\/schema.org\",\"@graph\":[{\"@type\":\"WebPage\",\"@id\":\"https:\/\/dev.borgarbyggd.is\/grunnborg\/frettir\/opinn-dagur-2-mai\/\",\"url\":\"https:\/\/dev.borgarbyggd.is\/grunnborg\/frettir\/opinn-dagur-2-mai\/\",\"name\":\"Opinn dagur 2. ma\u00ed. - Grunnsk\u00f3linn \u00ed Borgarnesi\",\"isPartOf\":{\"@id\":\"https:\/\/dev.borgarbyggd.is\/grunnborg\/#website\"},\"primaryImageOfPage\":{\"@id\":\"https:\/\/dev.borgarbyggd.is\/grunnborg\/frettir\/opinn-dagur-2-mai\/#primaryimage\"},\"image\":{\"@id\":\"https:\/\/dev.borgarbyggd.is\/grunnborg\/frettir\/opinn-dagur-2-mai\/#primaryimage\"},\"thumbnailUrl\":\"https:\/\/dev.borgarbyggd.is\/grunnborg\/wp-content\/uploads\/sites\/2\/2024\/05\/op5afrit.jpg\",\"datePublished\":\"2024-05-03T14:56:56+00:00\",\"dateModified\":\"2024-05-03T14:56:56+00:00\",\"author\":{\"@id\":\"https:\/\/dev.borgarbyggd.is\/grunnborg\/#\/schema\/person\/a81f55c8091f235534589b6a441de894\"},\"breadcrumb\":{\"@id\":\"https:\/\/dev.borgarbyggd.is\/grunnborg\/frettir\/opinn-dagur-2-mai\/#breadcrumb\"},\"inLanguage\":\"en-US\",\"potentialAction\":[{\"@type\":\"ReadAction\",\"target\":[\"https:\/\/dev.borgarbyggd.is\/grunnborg\/frettir\/opinn-dagur-2-mai\/\"]}]},{\"@type\":\"ImageObject\",\"inLanguage\":\"en-US\",\"@id\":\"https:\/\/dev.borgarbyggd.is\/grunnborg\/frettir\/opinn-dagur-2-mai\/#primaryimage\",\"url\":\"https:\/\/dev.borgarbyggd.is\/grunnborg\/wp-content\/uploads\/sites\/2\/2024\/05\/op5afrit.jpg\",\"contentUrl\":\"https:\/\/dev.borgarbyggd.is\/grunnborg\/wp-content\/uploads\/sites\/2\/2024\/05\/op5afrit.jpg\",\"width\":1536,\"height\":1149},{\"@type\":\"BreadcrumbList\",\"@id\":\"https:\/\/dev.borgarbyggd.is\/grunnborg\/frettir\/opinn-dagur-2-mai\/#breadcrumb\",\"itemListElement\":[{\"@type\":\"ListItem\",\"position\":1,\"name\":\"Home\",\"item\":\"https:\/\/dev.borgarbyggd.is\/grunnborg\/\"},{\"@type\":\"ListItem\",\"position\":2,\"name\":\"Opinn dagur 2. ma\u00ed.\"}]},{\"@type\":\"WebSite\",\"@id\":\"https:\/\/dev.borgarbyggd.is\/grunnborg\/#website\",\"url\":\"https:\/\/dev.borgarbyggd.is\/grunnborg\/\",\"name\":\"Grunnsk\u00f3linn \u00ed Borgarnesi\",\"description\":\"\",\"potentialAction\":[{\"@type\":\"SearchAction\",\"target\":{\"@type\":\"EntryPoint\",\"urlTemplate\":\"https:\/\/dev.borgarbyggd.is\/grunnborg\/?s={search_term_string}\"},\"query-input\":{\"@type\":\"PropertyValueSpecification\",\"valueRequired\":true,\"valueName\":\"search_term_string\"}}],\"inLanguage\":\"en-US\"},{\"@type\":\"Person\",\"@id\":\"https:\/\/dev.borgarbyggd.is\/grunnborg\/#\/schema\/person\/a81f55c8091f235534589b6a441de894\",\"name\":\"huldag\",\"image\":{\"@type\":\"ImageObject\",\"inLanguage\":\"en-US\",\"@id\":\"https:\/\/dev.borgarbyggd.is\/grunnborg\/#\/schema\/person\/image\/\",\"url\":\"https:\/\/secure.gravatar.com\/avatar\/5713c9ad3f3c9b3d04558014bcc83a7c1a4174ecf1b52ec7245a5513f341cf0a?s=96&d=mm&r=g\",\"contentUrl\":\"https:\/\/secure.gravatar.com\/avatar\/5713c9ad3f3c9b3d04558014bcc83a7c1a4174ecf1b52ec7245a5513f341cf0a?s=96&d=mm&r=g\",\"caption\":\"huldag\"},\"url\":\"https:\/\/dev.borgarbyggd.is\/grunnborg\/author\/huldag\/\"}]}<\/script>\n<!-- \/ Yoast SEO plugin. -->","yoast_head_json":{"title":"Opinn dagur 2. ma\u00ed. - Grunnsk\u00f3linn \u00ed Borgarnesi","robots":{"index":"index","follow":"follow","max-snippet":"max-snippet:-1","max-image-preview":"max-image-preview:large","max-video-preview":"max-video-preview:-1"},"canonical":"https:\/\/dev.borgarbyggd.is\/grunnborg\/frettir\/opinn-dagur-2-mai\/","og_locale":"en_US","og_type":"article","og_title":"Opinn dagur 2. ma\u00ed. - Grunnsk\u00f3linn \u00ed Borgarnesi","og_description":"\u00deann 2. ma\u00ed var Opinn dagur \u00ed grunnsk\u00f3lanum og var gestum og gangandi bo\u00f0i\u00f0 a\u00f0 k\u00edkja vi\u00f0 og sj\u00e1 hva\u00f0 um er a\u00f0 vera \u00ed sk\u00f3lanum. Bekkirnir voru me\u00f0 \u00fdmsa vi\u00f0bur\u00f0i \u00e1 me\u00f0an \u00e1 opnuninni st\u00f3\u00f0 og var 9. bekkur me\u00f0 kaffis\u00f6lu \u00e1samt \u00fev\u00ed a\u00f0 selja \u00fe\u00e6r v\u00f6rur sem \u00feau h\u00f6nnu\u00f0u og framleiddu \u00ed n\u00fdsk\u00f6pun \u00ed vetur. Allur \u00e1g\u00f3\u00f0i s\u00f6lunnar ... Read More","og_url":"https:\/\/dev.borgarbyggd.is\/grunnborg\/frettir\/opinn-dagur-2-mai\/","og_site_name":"Grunnsk\u00f3linn \u00ed Borgarnesi","article_published_time":"2024-05-03T14:56:56+00:00","og_image":[{"width":1536,"height":1149,"url":"https:\/\/dev.borgarbyggd.is\/grunnborg\/wp-content\/uploads\/sites\/2\/2024\/05\/op5afrit.jpg","type":"image\/jpeg"}],"author":"huldag","twitter_card":"summary_large_image","twitter_misc":{"Written by":"huldag","Est. reading time":"1 minute"},"schema":{"@context":"https:\/\/schema.org","@graph":[{"@type":"WebPage","@id":"https:\/\/dev.borgarbyggd.is\/grunnborg\/frettir\/opinn-dagur-2-mai\/","url":"https:\/\/dev.borgarbyggd.is\/grunnborg\/frettir\/opinn-dagur-2-mai\/","name":"Opinn dagur 2. ma\u00ed. - Grunnsk\u00f3linn \u00ed Borgarnesi","isPartOf":{"@id":"https:\/\/dev.borgarbyggd.is\/grunnborg\/#website"},"primaryImageOfPage":{"@id":"https:\/\/dev.borgarbyggd.is\/grunnborg\/frettir\/opinn-dagur-2-mai\/#primaryimage"},"image":{"@id":"https:\/\/dev.borgarbyggd.is\/grunnborg\/frettir\/opinn-dagur-2-mai\/#primaryimage"},"thumbnailUrl":"https:\/\/dev.borgarbyggd.is\/grunnborg\/wp-content\/uploads\/sites\/2\/2024\/05\/op5afrit.jpg","datePublished":"2024-05-03T14:56:56+00:00","dateModified":"2024-05-03T14:56:56+00:00","author":{"@id":"https:\/\/dev.borgarbyggd.is\/grunnborg\/#\/schema\/person\/a81f55c8091f235534589b6a441de894"},"breadcrumb":{"@id":"https:\/\/dev.borgarbyggd.is\/grunnborg\/frettir\/opinn-dagur-2-mai\/#breadcrumb"},"inLanguage":"en-US","potentialAction":[{"@type":"ReadAction","target":["https:\/\/dev.borgarbyggd.is\/grunnborg\/frettir\/opinn-dagur-2-mai\/"]}]},{"@type":"ImageObject","inLanguage":"en-US","@id":"https:\/\/dev.borgarbyggd.is\/grunnborg\/frettir\/opinn-dagur-2-mai\/#primaryimage","url":"https:\/\/dev.borgarbyggd.is\/grunnborg\/wp-content\/uploads\/sites\/2\/2024\/05\/op5afrit.jpg","contentUrl":"https:\/\/dev.borgarbyggd.is\/grunnborg\/wp-content\/uploads\/sites\/2\/2024\/05\/op5afrit.jpg","width":1536,"height":1149},{"@type":"BreadcrumbList","@id":"https:\/\/dev.borgarbyggd.is\/grunnborg\/frettir\/opinn-dagur-2-mai\/#breadcrumb","itemListElement":[{"@type":"ListItem","position":1,"name":"Home","item":"https:\/\/dev.borgarbyggd.is\/grunnborg\/"},{"@type":"ListItem","position":2,"name":"Opinn dagur 2. ma\u00ed."}]},{"@type":"WebSite","@id":"https:\/\/dev.borgarbyggd.is\/grunnborg\/#website","url":"https:\/\/dev.borgarbyggd.is\/grunnborg\/","name":"Grunnsk\u00f3linn \u00ed Borgarnesi","description":"","potentialAction":[{"@type":"SearchAction","target":{"@type":"EntryPoint","urlTemplate":"https:\/\/dev.borgarbyggd.is\/grunnborg\/?s={search_term_string}"},"query-input":{"@type":"PropertyValueSpecification","valueRequired":true,"valueName":"search_term_string"}}],"inLanguage":"en-US"},{"@type":"Person","@id":"https:\/\/dev.borgarbyggd.is\/grunnborg\/#\/schema\/person\/a81f55c8091f235534589b6a441de894","name":"huldag","image":{"@type":"ImageObject","inLanguage":"en-US","@id":"https:\/\/dev.borgarbyggd.is\/grunnborg\/#\/schema\/person\/image\/","url":"https:\/\/secure.gravatar.com\/avatar\/5713c9ad3f3c9b3d04558014bcc83a7c1a4174ecf1b52ec7245a5513f341cf0a?s=96&d=mm&r=g","contentUrl":"https:\/\/secure.gravatar.com\/avatar\/5713c9ad3f3c9b3d04558014bcc83a7c1a4174ecf1b52ec7245a5513f341cf0a?s=96&d=mm&r=g","caption":"huldag"},"url":"https:\/\/dev.borgarbyggd.is\/grunnborg\/author\/huldag\/"}]}},"_links":{"self":[{"href":"https:\/\/dev.borgarbyggd.is\/grunnborg\/wp-json\/wp\/v2\/posts\/1642","targetHints":{"allow":["GET"]}}],"collection":[{"href":"https:\/\/dev.borgarbyggd.is\/grunnborg\/wp-json\/wp\/v2\/posts"}],"about":[{"href":"https:\/\/dev.borgarbyggd.is\/grunnborg\/wp-json\/wp\/v2\/types\/post"}],"author":[{"embeddable":true,"href":"https:\/\/dev.borgarbyggd.is\/grunnborg\/wp-json\/wp\/v2\/users\/27"}],"replies":[{"embeddable":true,"href":"https:\/\/dev.borgarbyggd.is\/grunnborg\/wp-json\/wp\/v2\/comments?post=1642"}],"version-history":[{"count":0,"href":"https:\/\/dev.borgarbyggd.is\/grunnborg\/wp-json\/wp\/v2\/posts\/1642\/revisions"}],"wp:featuredmedia":[{"embeddable":true,"href":"https:\/\/dev.borgarbyggd.is\/grunnborg\/wp-json\/wp\/v2\/media\/1640"}],"wp:attachment":[{"href":"https:\/\/dev.borgarbyggd.is\/grunnborg\/wp-json\/wp\/v2\/media?parent=1642"}],"wp:term":[{"taxonomy":"category","embeddable":true,"href":"https:\/\/dev.borgarbyggd.is\/grunnborg\/wp-json\/wp\/v2\/categories?post=1642"},{"taxonomy":"post_tag","embeddable":true,"href":"https:\/\/dev.borgarbyggd.is\/grunnborg\/wp-json\/wp\/v2\/tags?post=1642"}],"curies":[{"name":"wp","href":"https:\/\/api.w.org\/{rel}","templated":true}]}}