{"id":1607,"date":"2024-04-22T15:00:50","date_gmt":"2024-04-22T15:00:50","guid":{"rendered":"https:\/\/dev.borgarbyggd.is\/grunnborg\/?p=1607"},"modified":"2024-04-22T15:00:50","modified_gmt":"2024-04-22T15:00:50","slug":"skolahljomsveit-i-heimsokn","status":"publish","type":"post","link":"https:\/\/dev.borgarbyggd.is\/grunnborg\/frettir\/skolahljomsveit-i-heimsokn\/","title":{"rendered":"Sk\u00f3lahlj\u00f3msveit \u00ed heims\u00f3kn"},"content":{"rendered":"<p>F\u00f6studaginn 19. apr\u00edl heims\u00f3tti okkur Sk\u00f3lahlj\u00f3msveit Vesturb\u00e6jar og Mi\u00f0b\u00e6jar og spilu\u00f0u krakkarnir nokkur l\u00f6g \u00ed Salnum. \u00cd sk\u00f3lahlj\u00f3msveitinni eru grunnsk\u00f3lanemendur \u00far sk\u00f3lum \u00ed vesturb\u00e6 og mi\u00f0b\u00e6 Reykjav\u00edkur og voru \u00feau st\u00f6dd \u00ed Borgarnesi \u00ed sk\u00f3lahlj\u00f3msveitab\u00fa\u00f0um. M\u00e1tti heyra af \u00feeim v\u00edtt og breytt um h\u00e9ra\u00f0i\u00f0 \u00fear sem \u00feau f\u00f3ru um og spilu\u00f0u fyrir leiksk\u00f3la, sk\u00f3la og a\u00f0ra gesti.<\/p>\n<div id='gallery-1' class='gallery flex gap-4 flex-wrap justify-center galleryid-1607 gallery-columns-3 gallery-size-thumbnail'><dl class='gallery-item'>\n\t\t\t<dt class='gallery-icon landscape'>\n\t\t\t\t<a href='https:\/\/dev.borgarbyggd.is\/grunnborg\/sk3-2\/'><img loading=\"lazy\" decoding=\"async\" width=\"150\" height=\"150\" src=\"https:\/\/dev.borgarbyggd.is\/grunnborg\/wp-content\/uploads\/sites\/2\/2024\/04\/sk3-1-150x150.jpg\" class=\"attachment-thumbnail size-thumbnail\" alt=\"\" \/><\/a>\n\t\t\t<\/dt><\/dl><dl class='gallery-item'>\n\t\t\t<dt class='gallery-icon landscape'>\n\t\t\t\t<a href='https:\/\/dev.borgarbyggd.is\/grunnborg\/sk4-2\/'><img loading=\"lazy\" decoding=\"async\" width=\"150\" height=\"150\" src=\"https:\/\/dev.borgarbyggd.is\/grunnborg\/wp-content\/uploads\/sites\/2\/2024\/04\/sk4-1-150x150.jpg\" class=\"attachment-thumbnail size-thumbnail\" alt=\"\" \/><\/a>\n\t\t\t<\/dt><\/dl><dl class='gallery-item'>\n\t\t\t<dt class='gallery-icon landscape'>\n\t\t\t\t<a href='https:\/\/dev.borgarbyggd.is\/grunnborg\/sk9-2\/'><img loading=\"lazy\" decoding=\"async\" width=\"150\" height=\"150\" src=\"https:\/\/dev.borgarbyggd.is\/grunnborg\/wp-content\/uploads\/sites\/2\/2024\/04\/sk9-1-150x150.jpg\" class=\"attachment-thumbnail size-thumbnail\" alt=\"\" \/><\/a>\n\t\t\t<\/dt><\/dl>\n\t\t<\/div>\n\n","protected":false},"excerpt":{"rendered":"<p>F\u00f6studaginn 19. apr\u00edl heims\u00f3tti okkur Sk\u00f3lahlj\u00f3msveit Vesturb\u00e6jar og Mi\u00f0b\u00e6jar og spilu\u00f0u krakkarnir nokkur l\u00f6g \u00ed Salnum. \u00cd sk\u00f3lahlj\u00f3msveitinni eru grunnsk\u00f3lanemendur \u00far sk\u00f3lum \u00ed vesturb\u00e6 og mi\u00f0b\u00e6 Reykjav\u00edkur og voru \u00feau st\u00f6dd \u00ed Borgarnesi \u00ed sk\u00f3lahlj\u00f3msveitab\u00fa\u00f0um. M\u00e1tti heyra af \u00feeim v\u00edtt og breytt um h\u00e9ra\u00f0i\u00f0 \u00fear sem \u00feau f\u00f3ru um og spilu\u00f0u fyrir leiksk\u00f3la, sk\u00f3la og a\u00f0ra gesti.<\/p>\n","protected":false},"author":27,"featured_media":1604,"comment_status":"closed","ping_status":"closed","sticky":false,"template":"","format":"standard","meta":{"_acf_changed":false,"footnotes":""},"categories":[1],"tags":[],"class_list":["post-1607","post","type-post","status-publish","format-standard","has-post-thumbnail","hentry","category-frettir"],"acf":[],"yoast_head":"<!-- This site is optimized with the Yoast SEO plugin v24.0 - https:\/\/yoast.com\/wordpress\/plugins\/seo\/ -->\n<title>Sk\u00f3lahlj\u00f3msveit \u00ed heims\u00f3kn - Grunnsk\u00f3linn \u00ed Borgarnesi<\/title>\n<meta name=\"robots\" content=\"index, follow, max-snippet:-1, max-image-preview:large, max-video-preview:-1\" \/>\n<link rel=\"canonical\" href=\"https:\/\/dev.borgarbyggd.is\/grunnborg\/frettir\/skolahljomsveit-i-heimsokn\/\" \/>\n<meta property=\"og:locale\" content=\"en_US\" \/>\n<meta property=\"og:type\" content=\"article\" \/>\n<meta property=\"og:title\" content=\"Sk\u00f3lahlj\u00f3msveit \u00ed heims\u00f3kn - Grunnsk\u00f3linn \u00ed Borgarnesi\" \/>\n<meta property=\"og:description\" content=\"F\u00f6studaginn 19. apr\u00edl heims\u00f3tti okkur Sk\u00f3lahlj\u00f3msveit Vesturb\u00e6jar og Mi\u00f0b\u00e6jar og spilu\u00f0u krakkarnir nokkur l\u00f6g \u00ed Salnum. \u00cd sk\u00f3lahlj\u00f3msveitinni eru grunnsk\u00f3lanemendur \u00far sk\u00f3lum \u00ed vesturb\u00e6 og mi\u00f0b\u00e6 Reykjav\u00edkur og voru \u00feau st\u00f6dd \u00ed Borgarnesi \u00ed sk\u00f3lahlj\u00f3msveitab\u00fa\u00f0um. M\u00e1tti heyra af \u00feeim v\u00edtt og breytt um h\u00e9ra\u00f0i\u00f0 \u00fear sem \u00feau f\u00f3ru um og spilu\u00f0u fyrir leiksk\u00f3la, sk\u00f3la og a\u00f0ra gesti.\" \/>\n<meta property=\"og:url\" content=\"https:\/\/dev.borgarbyggd.is\/grunnborg\/frettir\/skolahljomsveit-i-heimsokn\/\" \/>\n<meta property=\"og:site_name\" content=\"Grunnsk\u00f3linn \u00ed Borgarnesi\" \/>\n<meta property=\"article:published_time\" content=\"2024-04-22T15:00:50+00:00\" \/>\n<meta property=\"og:image\" content=\"https:\/\/dev.borgarbyggd.is\/grunnborg\/wp-content\/uploads\/sites\/2\/2024\/04\/sk9-1.jpg\" \/>\n\t<meta property=\"og:image:width\" content=\"2000\" \/>\n\t<meta property=\"og:image:height\" content=\"924\" \/>\n\t<meta property=\"og:image:type\" content=\"image\/jpeg\" \/>\n<meta name=\"author\" content=\"huldag\" \/>\n<meta name=\"twitter:card\" content=\"summary_large_image\" \/>\n<meta name=\"twitter:label1\" content=\"Written by\" \/>\n\t<meta name=\"twitter:data1\" content=\"huldag\" \/>\n\t<meta name=\"twitter:label2\" content=\"Est. reading time\" \/>\n\t<meta name=\"twitter:data2\" content=\"1 minute\" \/>\n<script type=\"application\/ld+json\" class=\"yoast-schema-graph\">{\"@context\":\"https:\/\/schema.org\",\"@graph\":[{\"@type\":\"WebPage\",\"@id\":\"https:\/\/dev.borgarbyggd.is\/grunnborg\/frettir\/skolahljomsveit-i-heimsokn\/\",\"url\":\"https:\/\/dev.borgarbyggd.is\/grunnborg\/frettir\/skolahljomsveit-i-heimsokn\/\",\"name\":\"Sk\u00f3lahlj\u00f3msveit \u00ed heims\u00f3kn - Grunnsk\u00f3linn \u00ed Borgarnesi\",\"isPartOf\":{\"@id\":\"https:\/\/dev.borgarbyggd.is\/grunnborg\/#website\"},\"primaryImageOfPage\":{\"@id\":\"https:\/\/dev.borgarbyggd.is\/grunnborg\/frettir\/skolahljomsveit-i-heimsokn\/#primaryimage\"},\"image\":{\"@id\":\"https:\/\/dev.borgarbyggd.is\/grunnborg\/frettir\/skolahljomsveit-i-heimsokn\/#primaryimage\"},\"thumbnailUrl\":\"https:\/\/dev.borgarbyggd.is\/grunnborg\/wp-content\/uploads\/sites\/2\/2024\/04\/sk9-1.jpg\",\"datePublished\":\"2024-04-22T15:00:50+00:00\",\"dateModified\":\"2024-04-22T15:00:50+00:00\",\"author\":{\"@id\":\"https:\/\/dev.borgarbyggd.is\/grunnborg\/#\/schema\/person\/a81f55c8091f235534589b6a441de894\"},\"breadcrumb\":{\"@id\":\"https:\/\/dev.borgarbyggd.is\/grunnborg\/frettir\/skolahljomsveit-i-heimsokn\/#breadcrumb\"},\"inLanguage\":\"en-US\",\"potentialAction\":[{\"@type\":\"ReadAction\",\"target\":[\"https:\/\/dev.borgarbyggd.is\/grunnborg\/frettir\/skolahljomsveit-i-heimsokn\/\"]}]},{\"@type\":\"ImageObject\",\"inLanguage\":\"en-US\",\"@id\":\"https:\/\/dev.borgarbyggd.is\/grunnborg\/frettir\/skolahljomsveit-i-heimsokn\/#primaryimage\",\"url\":\"https:\/\/dev.borgarbyggd.is\/grunnborg\/wp-content\/uploads\/sites\/2\/2024\/04\/sk9-1.jpg\",\"contentUrl\":\"https:\/\/dev.borgarbyggd.is\/grunnborg\/wp-content\/uploads\/sites\/2\/2024\/04\/sk9-1.jpg\",\"width\":2000,\"height\":924},{\"@type\":\"BreadcrumbList\",\"@id\":\"https:\/\/dev.borgarbyggd.is\/grunnborg\/frettir\/skolahljomsveit-i-heimsokn\/#breadcrumb\",\"itemListElement\":[{\"@type\":\"ListItem\",\"position\":1,\"name\":\"Home\",\"item\":\"https:\/\/dev.borgarbyggd.is\/grunnborg\/\"},{\"@type\":\"ListItem\",\"position\":2,\"name\":\"Sk\u00f3lahlj\u00f3msveit \u00ed heims\u00f3kn\"}]},{\"@type\":\"WebSite\",\"@id\":\"https:\/\/dev.borgarbyggd.is\/grunnborg\/#website\",\"url\":\"https:\/\/dev.borgarbyggd.is\/grunnborg\/\",\"name\":\"Grunnsk\u00f3linn \u00ed Borgarnesi\",\"description\":\"\",\"potentialAction\":[{\"@type\":\"SearchAction\",\"target\":{\"@type\":\"EntryPoint\",\"urlTemplate\":\"https:\/\/dev.borgarbyggd.is\/grunnborg\/?s={search_term_string}\"},\"query-input\":{\"@type\":\"PropertyValueSpecification\",\"valueRequired\":true,\"valueName\":\"search_term_string\"}}],\"inLanguage\":\"en-US\"},{\"@type\":\"Person\",\"@id\":\"https:\/\/dev.borgarbyggd.is\/grunnborg\/#\/schema\/person\/a81f55c8091f235534589b6a441de894\",\"name\":\"huldag\",\"image\":{\"@type\":\"ImageObject\",\"inLanguage\":\"en-US\",\"@id\":\"https:\/\/dev.borgarbyggd.is\/grunnborg\/#\/schema\/person\/image\/\",\"url\":\"https:\/\/secure.gravatar.com\/avatar\/5713c9ad3f3c9b3d04558014bcc83a7c1a4174ecf1b52ec7245a5513f341cf0a?s=96&d=mm&r=g\",\"contentUrl\":\"https:\/\/secure.gravatar.com\/avatar\/5713c9ad3f3c9b3d04558014bcc83a7c1a4174ecf1b52ec7245a5513f341cf0a?s=96&d=mm&r=g\",\"caption\":\"huldag\"},\"url\":\"https:\/\/dev.borgarbyggd.is\/grunnborg\/author\/huldag\/\"}]}<\/script>\n<!-- \/ Yoast SEO plugin. -->","yoast_head_json":{"title":"Sk\u00f3lahlj\u00f3msveit \u00ed heims\u00f3kn - Grunnsk\u00f3linn \u00ed Borgarnesi","robots":{"index":"index","follow":"follow","max-snippet":"max-snippet:-1","max-image-preview":"max-image-preview:large","max-video-preview":"max-video-preview:-1"},"canonical":"https:\/\/dev.borgarbyggd.is\/grunnborg\/frettir\/skolahljomsveit-i-heimsokn\/","og_locale":"en_US","og_type":"article","og_title":"Sk\u00f3lahlj\u00f3msveit \u00ed heims\u00f3kn - Grunnsk\u00f3linn \u00ed Borgarnesi","og_description":"F\u00f6studaginn 19. apr\u00edl heims\u00f3tti okkur Sk\u00f3lahlj\u00f3msveit Vesturb\u00e6jar og Mi\u00f0b\u00e6jar og spilu\u00f0u krakkarnir nokkur l\u00f6g \u00ed Salnum. \u00cd sk\u00f3lahlj\u00f3msveitinni eru grunnsk\u00f3lanemendur \u00far sk\u00f3lum \u00ed vesturb\u00e6 og mi\u00f0b\u00e6 Reykjav\u00edkur og voru \u00feau st\u00f6dd \u00ed Borgarnesi \u00ed sk\u00f3lahlj\u00f3msveitab\u00fa\u00f0um. M\u00e1tti heyra af \u00feeim v\u00edtt og breytt um h\u00e9ra\u00f0i\u00f0 \u00fear sem \u00feau f\u00f3ru um og spilu\u00f0u fyrir leiksk\u00f3la, sk\u00f3la og a\u00f0ra gesti.","og_url":"https:\/\/dev.borgarbyggd.is\/grunnborg\/frettir\/skolahljomsveit-i-heimsokn\/","og_site_name":"Grunnsk\u00f3linn \u00ed Borgarnesi","article_published_time":"2024-04-22T15:00:50+00:00","og_image":[{"width":2000,"height":924,"url":"https:\/\/dev.borgarbyggd.is\/grunnborg\/wp-content\/uploads\/sites\/2\/2024\/04\/sk9-1.jpg","type":"image\/jpeg"}],"author":"huldag","twitter_card":"summary_large_image","twitter_misc":{"Written by":"huldag","Est. reading time":"1 minute"},"schema":{"@context":"https:\/\/schema.org","@graph":[{"@type":"WebPage","@id":"https:\/\/dev.borgarbyggd.is\/grunnborg\/frettir\/skolahljomsveit-i-heimsokn\/","url":"https:\/\/dev.borgarbyggd.is\/grunnborg\/frettir\/skolahljomsveit-i-heimsokn\/","name":"Sk\u00f3lahlj\u00f3msveit \u00ed heims\u00f3kn - Grunnsk\u00f3linn \u00ed Borgarnesi","isPartOf":{"@id":"https:\/\/dev.borgarbyggd.is\/grunnborg\/#website"},"primaryImageOfPage":{"@id":"https:\/\/dev.borgarbyggd.is\/grunnborg\/frettir\/skolahljomsveit-i-heimsokn\/#primaryimage"},"image":{"@id":"https:\/\/dev.borgarbyggd.is\/grunnborg\/frettir\/skolahljomsveit-i-heimsokn\/#primaryimage"},"thumbnailUrl":"https:\/\/dev.borgarbyggd.is\/grunnborg\/wp-content\/uploads\/sites\/2\/2024\/04\/sk9-1.jpg","datePublished":"2024-04-22T15:00:50+00:00","dateModified":"2024-04-22T15:00:50+00:00","author":{"@id":"https:\/\/dev.borgarbyggd.is\/grunnborg\/#\/schema\/person\/a81f55c8091f235534589b6a441de894"},"breadcrumb":{"@id":"https:\/\/dev.borgarbyggd.is\/grunnborg\/frettir\/skolahljomsveit-i-heimsokn\/#breadcrumb"},"inLanguage":"en-US","potentialAction":[{"@type":"ReadAction","target":["https:\/\/dev.borgarbyggd.is\/grunnborg\/frettir\/skolahljomsveit-i-heimsokn\/"]}]},{"@type":"ImageObject","inLanguage":"en-US","@id":"https:\/\/dev.borgarbyggd.is\/grunnborg\/frettir\/skolahljomsveit-i-heimsokn\/#primaryimage","url":"https:\/\/dev.borgarbyggd.is\/grunnborg\/wp-content\/uploads\/sites\/2\/2024\/04\/sk9-1.jpg","contentUrl":"https:\/\/dev.borgarbyggd.is\/grunnborg\/wp-content\/uploads\/sites\/2\/2024\/04\/sk9-1.jpg","width":2000,"height":924},{"@type":"BreadcrumbList","@id":"https:\/\/dev.borgarbyggd.is\/grunnborg\/frettir\/skolahljomsveit-i-heimsokn\/#breadcrumb","itemListElement":[{"@type":"ListItem","position":1,"name":"Home","item":"https:\/\/dev.borgarbyggd.is\/grunnborg\/"},{"@type":"ListItem","position":2,"name":"Sk\u00f3lahlj\u00f3msveit \u00ed heims\u00f3kn"}]},{"@type":"WebSite","@id":"https:\/\/dev.borgarbyggd.is\/grunnborg\/#website","url":"https:\/\/dev.borgarbyggd.is\/grunnborg\/","name":"Grunnsk\u00f3linn \u00ed Borgarnesi","description":"","potentialAction":[{"@type":"SearchAction","target":{"@type":"EntryPoint","urlTemplate":"https:\/\/dev.borgarbyggd.is\/grunnborg\/?s={search_term_string}"},"query-input":{"@type":"PropertyValueSpecification","valueRequired":true,"valueName":"search_term_string"}}],"inLanguage":"en-US"},{"@type":"Person","@id":"https:\/\/dev.borgarbyggd.is\/grunnborg\/#\/schema\/person\/a81f55c8091f235534589b6a441de894","name":"huldag","image":{"@type":"ImageObject","inLanguage":"en-US","@id":"https:\/\/dev.borgarbyggd.is\/grunnborg\/#\/schema\/person\/image\/","url":"https:\/\/secure.gravatar.com\/avatar\/5713c9ad3f3c9b3d04558014bcc83a7c1a4174ecf1b52ec7245a5513f341cf0a?s=96&d=mm&r=g","contentUrl":"https:\/\/secure.gravatar.com\/avatar\/5713c9ad3f3c9b3d04558014bcc83a7c1a4174ecf1b52ec7245a5513f341cf0a?s=96&d=mm&r=g","caption":"huldag"},"url":"https:\/\/dev.borgarbyggd.is\/grunnborg\/author\/huldag\/"}]}},"_links":{"self":[{"href":"https:\/\/dev.borgarbyggd.is\/grunnborg\/wp-json\/wp\/v2\/posts\/1607","targetHints":{"allow":["GET"]}}],"collection":[{"href":"https:\/\/dev.borgarbyggd.is\/grunnborg\/wp-json\/wp\/v2\/posts"}],"about":[{"href":"https:\/\/dev.borgarbyggd.is\/grunnborg\/wp-json\/wp\/v2\/types\/post"}],"author":[{"embeddable":true,"href":"https:\/\/dev.borgarbyggd.is\/grunnborg\/wp-json\/wp\/v2\/users\/27"}],"replies":[{"embeddable":true,"href":"https:\/\/dev.borgarbyggd.is\/grunnborg\/wp-json\/wp\/v2\/comments?post=1607"}],"version-history":[{"count":0,"href":"https:\/\/dev.borgarbyggd.is\/grunnborg\/wp-json\/wp\/v2\/posts\/1607\/revisions"}],"wp:featuredmedia":[{"embeddable":true,"href":"https:\/\/dev.borgarbyggd.is\/grunnborg\/wp-json\/wp\/v2\/media\/1604"}],"wp:attachment":[{"href":"https:\/\/dev.borgarbyggd.is\/grunnborg\/wp-json\/wp\/v2\/media?parent=1607"}],"wp:term":[{"taxonomy":"category","embeddable":true,"href":"https:\/\/dev.borgarbyggd.is\/grunnborg\/wp-json\/wp\/v2\/categories?post=1607"},{"taxonomy":"post_tag","embeddable":true,"href":"https:\/\/dev.borgarbyggd.is\/grunnborg\/wp-json\/wp\/v2\/tags?post=1607"}],"curies":[{"name":"wp","href":"https:\/\/api.w.org\/{rel}","templated":true}]}}