{"id":1590,"date":"2024-04-18T13:51:37","date_gmt":"2024-04-18T13:51:37","guid":{"rendered":"https:\/\/dev.borgarbyggd.is\/grunnborg\/?p=1590"},"modified":"2024-04-18T13:57:06","modified_gmt":"2024-04-18T13:57:06","slug":"stora-upplestrarkeppnin","status":"publish","type":"post","link":"https:\/\/dev.borgarbyggd.is\/grunnborg\/frettir\/stora-upplestrarkeppnin\/","title":{"rendered":"St\u00f3ra upplestrarkeppnin"},"content":{"rendered":"<p>St\u00f3ra upplestrarkeppni grunnsk\u00f3lanna \u00e1 Vesturlandi f\u00f3r fram \u00ed Dalab\u00fa\u00f0, B\u00fa\u00f0ardal \u00feann 16. apr\u00edl s\u00ed\u00f0astli\u00f0inn. Keppendur voru n\u00edu talsins og komu fr\u00e1 Au\u00f0arsk\u00f3la, Grunnsk\u00f3la Borgarfjar\u00f0ar, Grunnsk\u00f3lanum \u00ed Borgarnesi og Hei\u00f0arsk\u00f3la. Lesnir voru textar \u00far b\u00f3kinni Hetju eftir Bj\u00f6rk Jakobsd\u00f3ttur og lj\u00f3\u00f0 eftir Braga Valdimar Sk\u00falason. \u00de\u00e1 fluttu keppendur lj\u00f3\u00f0 a\u00f0 eigin vali. D\u00f3marar \u00ed keppninni voru \u00feau Vald\u00eds Einarsd\u00f3ttir, J\u00f3hanna Sigr\u00fan \u00c1rnad\u00f3ttir og \u00deorgr\u00edmur Einar Gu\u00f0bjartsson.<\/p>\n<p>Fulltr\u00faar Grunnsk\u00f3lans \u00ed Borgarnesi voru Hei\u00f0r\u00fan Inga J\u00f3ngeirsd\u00f3ttir, L\u00edsa Camila Carneiro Valencio og Reynir Antonio \u00derastarson. Voru \u00feau sk\u00f3lanum til mikils s\u00f3ma og st\u00f3\u00f0u sig fr\u00e1b\u00e6rlega vel. A\u00f0rir keppendur voru L\u00f3a Arianna Paredes Casanova og Valgar\u00f0ur Orri Eir\u00edksson fr\u00e1 Hei\u00f0arsk\u00f3la, R\u00f3bert Orri Vi\u00f0arsson og Brynd\u00eds Mj\u00f6ll Gu\u00f0mundsd\u00f3ttir fr\u00e1 Au\u00f0arsk\u00f3la og Georg Gu\u00f0nason og Helga Laufey Hermannsd\u00f3ttir fr\u00e1 Grunnsk\u00f3la Borgarfjar\u00f0ar.<\/p>\n<p>\u00darslit keppninnar f\u00f3ru \u00e1 \u00feessa lei\u00f0:<\/p>\n<ol>\n<li>s\u00e6ti: L\u00f3a Arianna Paredes Casanova, Hei\u00f0arsk\u00f3la<\/li>\n<li>s\u00e6ti: Helga Laufey Hermannsd\u00f3ttir, GBF<\/li>\n<li>s\u00e6ti: Georg Gu\u00f0nason, GBF<\/li>\n<\/ol>\n<p>\u00d3skum vi\u00f0 \u00feeim til hamingju me\u00f0 \u00e1rangurinn.<\/p>\n<p>Vi\u00f0 megum svo sannarlega vera stolt af \u00feessu unga f\u00f3lki.<\/p>\n<div id=\"attachment_1587\" style=\"width: 310px\" class=\"wp-caption alignnone\"><img loading=\"lazy\" decoding=\"async\" aria-describedby=\"caption-attachment-1587\" class=\"size-medium wp-image-1587\" src=\"https:\/\/dev.borgarbyggd.is\/grunnborg\/wp-content\/uploads\/sites\/2\/2024\/04\/st1afrit-300x225.jpg\" alt=\"\" width=\"300\" height=\"225\" srcset=\"https:\/\/dev.borgarbyggd.is\/grunnborg\/wp-content\/uploads\/sites\/2\/2024\/04\/st1afrit-300x225.jpg 300w, https:\/\/dev.borgarbyggd.is\/grunnborg\/wp-content\/uploads\/sites\/2\/2024\/04\/st1afrit-1024x768.jpg 1024w, https:\/\/dev.borgarbyggd.is\/grunnborg\/wp-content\/uploads\/sites\/2\/2024\/04\/st1afrit-768x576.jpg 768w, https:\/\/dev.borgarbyggd.is\/grunnborg\/wp-content\/uploads\/sites\/2\/2024\/04\/st1afrit-100x75.jpg 100w, https:\/\/dev.borgarbyggd.is\/grunnborg\/wp-content\/uploads\/sites\/2\/2024\/04\/st1afrit.jpg 1152w\" sizes=\"auto, (max-width: 300px) 100vw, 300px\" \/><p id=\"caption-attachment-1587\" class=\"wp-caption-text\">Vinningshafar keppninnar<\/p><\/div>\n","protected":false},"excerpt":{"rendered":"<p>St\u00f3ra upplestrarkeppni grunnsk\u00f3lanna \u00e1 Vesturlandi f\u00f3r fram \u00ed Dalab\u00fa\u00f0, B\u00fa\u00f0ardal \u00feann 16. apr\u00edl s\u00ed\u00f0astli\u00f0inn. Keppendur voru n\u00edu talsins og komu fr\u00e1 Au\u00f0arsk\u00f3la, Grunnsk\u00f3la Borgarfjar\u00f0ar, Grunnsk\u00f3lanum \u00ed Borgarnesi og Hei\u00f0arsk\u00f3la. Lesnir voru textar \u00far b\u00f3kinni Hetju eftir Bj\u00f6rk Jakobsd\u00f3ttur og lj\u00f3\u00f0 eftir Braga Valdimar Sk\u00falason. \u00de\u00e1 fluttu keppendur lj\u00f3\u00f0 a\u00f0 eigin vali. D\u00f3marar \u00ed keppninni voru \u00feau Vald\u00eds Einarsd\u00f3ttir, J\u00f3hanna Sigr\u00fan &#8230; <\/p>\n<div><a href=\"https:\/\/dev.borgarbyggd.is\/grunnborg\/frettir\/stora-upplestrarkeppnin\/\" class=\"more-link\">Read More<\/a><\/div>\n","protected":false},"author":27,"featured_media":1586,"comment_status":"closed","ping_status":"closed","sticky":false,"template":"","format":"standard","meta":{"_acf_changed":false,"footnotes":""},"categories":[1],"tags":[],"class_list":["post-1590","post","type-post","status-publish","format-standard","has-post-thumbnail","hentry","category-frettir"],"acf":[],"yoast_head":"<!-- This site is optimized with the Yoast SEO plugin v24.0 - https:\/\/yoast.com\/wordpress\/plugins\/seo\/ -->\n<title>St\u00f3ra upplestrarkeppnin - Grunnsk\u00f3linn \u00ed Borgarnesi<\/title>\n<meta name=\"robots\" content=\"index, follow, max-snippet:-1, max-image-preview:large, max-video-preview:-1\" \/>\n<link rel=\"canonical\" href=\"https:\/\/dev.borgarbyggd.is\/grunnborg\/frettir\/stora-upplestrarkeppnin\/\" \/>\n<meta property=\"og:locale\" content=\"en_US\" \/>\n<meta property=\"og:type\" content=\"article\" \/>\n<meta property=\"og:title\" content=\"St\u00f3ra upplestrarkeppnin - Grunnsk\u00f3linn \u00ed Borgarnesi\" \/>\n<meta property=\"og:description\" content=\"St\u00f3ra upplestrarkeppni grunnsk\u00f3lanna \u00e1 Vesturlandi f\u00f3r fram \u00ed Dalab\u00fa\u00f0, B\u00fa\u00f0ardal \u00feann 16. apr\u00edl s\u00ed\u00f0astli\u00f0inn. Keppendur voru n\u00edu talsins og komu fr\u00e1 Au\u00f0arsk\u00f3la, Grunnsk\u00f3la Borgarfjar\u00f0ar, Grunnsk\u00f3lanum \u00ed Borgarnesi og Hei\u00f0arsk\u00f3la. Lesnir voru textar \u00far b\u00f3kinni Hetju eftir Bj\u00f6rk Jakobsd\u00f3ttur og lj\u00f3\u00f0 eftir Braga Valdimar Sk\u00falason. \u00de\u00e1 fluttu keppendur lj\u00f3\u00f0 a\u00f0 eigin vali. D\u00f3marar \u00ed keppninni voru \u00feau Vald\u00eds Einarsd\u00f3ttir, J\u00f3hanna Sigr\u00fan ... Read More\" \/>\n<meta property=\"og:url\" content=\"https:\/\/dev.borgarbyggd.is\/grunnborg\/frettir\/stora-upplestrarkeppnin\/\" \/>\n<meta property=\"og:site_name\" content=\"Grunnsk\u00f3linn \u00ed Borgarnesi\" \/>\n<meta property=\"article:published_time\" content=\"2024-04-18T13:51:37+00:00\" \/>\n<meta property=\"article:modified_time\" content=\"2024-04-18T13:57:06+00:00\" \/>\n<meta property=\"og:image\" content=\"https:\/\/dev.borgarbyggd.is\/grunnborg\/wp-content\/uploads\/sites\/2\/2024\/04\/st8afrit.jpg\" \/>\n\t<meta property=\"og:image:width\" content=\"1970\" \/>\n\t<meta property=\"og:image:height\" content=\"1104\" \/>\n\t<meta property=\"og:image:type\" content=\"image\/jpeg\" \/>\n<meta name=\"author\" content=\"huldag\" \/>\n<meta name=\"twitter:card\" content=\"summary_large_image\" \/>\n<meta name=\"twitter:label1\" content=\"Written by\" \/>\n\t<meta name=\"twitter:data1\" content=\"huldag\" \/>\n\t<meta name=\"twitter:label2\" content=\"Est. reading time\" \/>\n\t<meta name=\"twitter:data2\" content=\"2 minutes\" \/>\n<script type=\"application\/ld+json\" class=\"yoast-schema-graph\">{\"@context\":\"https:\/\/schema.org\",\"@graph\":[{\"@type\":\"WebPage\",\"@id\":\"https:\/\/dev.borgarbyggd.is\/grunnborg\/frettir\/stora-upplestrarkeppnin\/\",\"url\":\"https:\/\/dev.borgarbyggd.is\/grunnborg\/frettir\/stora-upplestrarkeppnin\/\",\"name\":\"St\u00f3ra upplestrarkeppnin - Grunnsk\u00f3linn \u00ed Borgarnesi\",\"isPartOf\":{\"@id\":\"https:\/\/dev.borgarbyggd.is\/grunnborg\/#website\"},\"primaryImageOfPage\":{\"@id\":\"https:\/\/dev.borgarbyggd.is\/grunnborg\/frettir\/stora-upplestrarkeppnin\/#primaryimage\"},\"image\":{\"@id\":\"https:\/\/dev.borgarbyggd.is\/grunnborg\/frettir\/stora-upplestrarkeppnin\/#primaryimage\"},\"thumbnailUrl\":\"https:\/\/dev.borgarbyggd.is\/grunnborg\/wp-content\/uploads\/sites\/2\/2024\/04\/st8afrit.jpg\",\"datePublished\":\"2024-04-18T13:51:37+00:00\",\"dateModified\":\"2024-04-18T13:57:06+00:00\",\"author\":{\"@id\":\"https:\/\/dev.borgarbyggd.is\/grunnborg\/#\/schema\/person\/a81f55c8091f235534589b6a441de894\"},\"breadcrumb\":{\"@id\":\"https:\/\/dev.borgarbyggd.is\/grunnborg\/frettir\/stora-upplestrarkeppnin\/#breadcrumb\"},\"inLanguage\":\"en-US\",\"potentialAction\":[{\"@type\":\"ReadAction\",\"target\":[\"https:\/\/dev.borgarbyggd.is\/grunnborg\/frettir\/stora-upplestrarkeppnin\/\"]}]},{\"@type\":\"ImageObject\",\"inLanguage\":\"en-US\",\"@id\":\"https:\/\/dev.borgarbyggd.is\/grunnborg\/frettir\/stora-upplestrarkeppnin\/#primaryimage\",\"url\":\"https:\/\/dev.borgarbyggd.is\/grunnborg\/wp-content\/uploads\/sites\/2\/2024\/04\/st8afrit.jpg\",\"contentUrl\":\"https:\/\/dev.borgarbyggd.is\/grunnborg\/wp-content\/uploads\/sites\/2\/2024\/04\/st8afrit.jpg\",\"width\":1970,\"height\":1104},{\"@type\":\"BreadcrumbList\",\"@id\":\"https:\/\/dev.borgarbyggd.is\/grunnborg\/frettir\/stora-upplestrarkeppnin\/#breadcrumb\",\"itemListElement\":[{\"@type\":\"ListItem\",\"position\":1,\"name\":\"Home\",\"item\":\"https:\/\/dev.borgarbyggd.is\/grunnborg\/\"},{\"@type\":\"ListItem\",\"position\":2,\"name\":\"St\u00f3ra upplestrarkeppnin\"}]},{\"@type\":\"WebSite\",\"@id\":\"https:\/\/dev.borgarbyggd.is\/grunnborg\/#website\",\"url\":\"https:\/\/dev.borgarbyggd.is\/grunnborg\/\",\"name\":\"Grunnsk\u00f3linn \u00ed Borgarnesi\",\"description\":\"\",\"potentialAction\":[{\"@type\":\"SearchAction\",\"target\":{\"@type\":\"EntryPoint\",\"urlTemplate\":\"https:\/\/dev.borgarbyggd.is\/grunnborg\/?s={search_term_string}\"},\"query-input\":{\"@type\":\"PropertyValueSpecification\",\"valueRequired\":true,\"valueName\":\"search_term_string\"}}],\"inLanguage\":\"en-US\"},{\"@type\":\"Person\",\"@id\":\"https:\/\/dev.borgarbyggd.is\/grunnborg\/#\/schema\/person\/a81f55c8091f235534589b6a441de894\",\"name\":\"huldag\",\"image\":{\"@type\":\"ImageObject\",\"inLanguage\":\"en-US\",\"@id\":\"https:\/\/dev.borgarbyggd.is\/grunnborg\/#\/schema\/person\/image\/\",\"url\":\"https:\/\/secure.gravatar.com\/avatar\/5713c9ad3f3c9b3d04558014bcc83a7c1a4174ecf1b52ec7245a5513f341cf0a?s=96&d=mm&r=g\",\"contentUrl\":\"https:\/\/secure.gravatar.com\/avatar\/5713c9ad3f3c9b3d04558014bcc83a7c1a4174ecf1b52ec7245a5513f341cf0a?s=96&d=mm&r=g\",\"caption\":\"huldag\"},\"url\":\"https:\/\/dev.borgarbyggd.is\/grunnborg\/author\/huldag\/\"}]}<\/script>\n<!-- \/ Yoast SEO plugin. -->","yoast_head_json":{"title":"St\u00f3ra upplestrarkeppnin - Grunnsk\u00f3linn \u00ed Borgarnesi","robots":{"index":"index","follow":"follow","max-snippet":"max-snippet:-1","max-image-preview":"max-image-preview:large","max-video-preview":"max-video-preview:-1"},"canonical":"https:\/\/dev.borgarbyggd.is\/grunnborg\/frettir\/stora-upplestrarkeppnin\/","og_locale":"en_US","og_type":"article","og_title":"St\u00f3ra upplestrarkeppnin - Grunnsk\u00f3linn \u00ed Borgarnesi","og_description":"St\u00f3ra upplestrarkeppni grunnsk\u00f3lanna \u00e1 Vesturlandi f\u00f3r fram \u00ed Dalab\u00fa\u00f0, B\u00fa\u00f0ardal \u00feann 16. apr\u00edl s\u00ed\u00f0astli\u00f0inn. Keppendur voru n\u00edu talsins og komu fr\u00e1 Au\u00f0arsk\u00f3la, Grunnsk\u00f3la Borgarfjar\u00f0ar, Grunnsk\u00f3lanum \u00ed Borgarnesi og Hei\u00f0arsk\u00f3la. Lesnir voru textar \u00far b\u00f3kinni Hetju eftir Bj\u00f6rk Jakobsd\u00f3ttur og lj\u00f3\u00f0 eftir Braga Valdimar Sk\u00falason. \u00de\u00e1 fluttu keppendur lj\u00f3\u00f0 a\u00f0 eigin vali. D\u00f3marar \u00ed keppninni voru \u00feau Vald\u00eds Einarsd\u00f3ttir, J\u00f3hanna Sigr\u00fan ... Read More","og_url":"https:\/\/dev.borgarbyggd.is\/grunnborg\/frettir\/stora-upplestrarkeppnin\/","og_site_name":"Grunnsk\u00f3linn \u00ed Borgarnesi","article_published_time":"2024-04-18T13:51:37+00:00","article_modified_time":"2024-04-18T13:57:06+00:00","og_image":[{"width":1970,"height":1104,"url":"https:\/\/dev.borgarbyggd.is\/grunnborg\/wp-content\/uploads\/sites\/2\/2024\/04\/st8afrit.jpg","type":"image\/jpeg"}],"author":"huldag","twitter_card":"summary_large_image","twitter_misc":{"Written by":"huldag","Est. reading time":"2 minutes"},"schema":{"@context":"https:\/\/schema.org","@graph":[{"@type":"WebPage","@id":"https:\/\/dev.borgarbyggd.is\/grunnborg\/frettir\/stora-upplestrarkeppnin\/","url":"https:\/\/dev.borgarbyggd.is\/grunnborg\/frettir\/stora-upplestrarkeppnin\/","name":"St\u00f3ra upplestrarkeppnin - Grunnsk\u00f3linn \u00ed Borgarnesi","isPartOf":{"@id":"https:\/\/dev.borgarbyggd.is\/grunnborg\/#website"},"primaryImageOfPage":{"@id":"https:\/\/dev.borgarbyggd.is\/grunnborg\/frettir\/stora-upplestrarkeppnin\/#primaryimage"},"image":{"@id":"https:\/\/dev.borgarbyggd.is\/grunnborg\/frettir\/stora-upplestrarkeppnin\/#primaryimage"},"thumbnailUrl":"https:\/\/dev.borgarbyggd.is\/grunnborg\/wp-content\/uploads\/sites\/2\/2024\/04\/st8afrit.jpg","datePublished":"2024-04-18T13:51:37+00:00","dateModified":"2024-04-18T13:57:06+00:00","author":{"@id":"https:\/\/dev.borgarbyggd.is\/grunnborg\/#\/schema\/person\/a81f55c8091f235534589b6a441de894"},"breadcrumb":{"@id":"https:\/\/dev.borgarbyggd.is\/grunnborg\/frettir\/stora-upplestrarkeppnin\/#breadcrumb"},"inLanguage":"en-US","potentialAction":[{"@type":"ReadAction","target":["https:\/\/dev.borgarbyggd.is\/grunnborg\/frettir\/stora-upplestrarkeppnin\/"]}]},{"@type":"ImageObject","inLanguage":"en-US","@id":"https:\/\/dev.borgarbyggd.is\/grunnborg\/frettir\/stora-upplestrarkeppnin\/#primaryimage","url":"https:\/\/dev.borgarbyggd.is\/grunnborg\/wp-content\/uploads\/sites\/2\/2024\/04\/st8afrit.jpg","contentUrl":"https:\/\/dev.borgarbyggd.is\/grunnborg\/wp-content\/uploads\/sites\/2\/2024\/04\/st8afrit.jpg","width":1970,"height":1104},{"@type":"BreadcrumbList","@id":"https:\/\/dev.borgarbyggd.is\/grunnborg\/frettir\/stora-upplestrarkeppnin\/#breadcrumb","itemListElement":[{"@type":"ListItem","position":1,"name":"Home","item":"https:\/\/dev.borgarbyggd.is\/grunnborg\/"},{"@type":"ListItem","position":2,"name":"St\u00f3ra upplestrarkeppnin"}]},{"@type":"WebSite","@id":"https:\/\/dev.borgarbyggd.is\/grunnborg\/#website","url":"https:\/\/dev.borgarbyggd.is\/grunnborg\/","name":"Grunnsk\u00f3linn \u00ed Borgarnesi","description":"","potentialAction":[{"@type":"SearchAction","target":{"@type":"EntryPoint","urlTemplate":"https:\/\/dev.borgarbyggd.is\/grunnborg\/?s={search_term_string}"},"query-input":{"@type":"PropertyValueSpecification","valueRequired":true,"valueName":"search_term_string"}}],"inLanguage":"en-US"},{"@type":"Person","@id":"https:\/\/dev.borgarbyggd.is\/grunnborg\/#\/schema\/person\/a81f55c8091f235534589b6a441de894","name":"huldag","image":{"@type":"ImageObject","inLanguage":"en-US","@id":"https:\/\/dev.borgarbyggd.is\/grunnborg\/#\/schema\/person\/image\/","url":"https:\/\/secure.gravatar.com\/avatar\/5713c9ad3f3c9b3d04558014bcc83a7c1a4174ecf1b52ec7245a5513f341cf0a?s=96&d=mm&r=g","contentUrl":"https:\/\/secure.gravatar.com\/avatar\/5713c9ad3f3c9b3d04558014bcc83a7c1a4174ecf1b52ec7245a5513f341cf0a?s=96&d=mm&r=g","caption":"huldag"},"url":"https:\/\/dev.borgarbyggd.is\/grunnborg\/author\/huldag\/"}]}},"_links":{"self":[{"href":"https:\/\/dev.borgarbyggd.is\/grunnborg\/wp-json\/wp\/v2\/posts\/1590","targetHints":{"allow":["GET"]}}],"collection":[{"href":"https:\/\/dev.borgarbyggd.is\/grunnborg\/wp-json\/wp\/v2\/posts"}],"about":[{"href":"https:\/\/dev.borgarbyggd.is\/grunnborg\/wp-json\/wp\/v2\/types\/post"}],"author":[{"embeddable":true,"href":"https:\/\/dev.borgarbyggd.is\/grunnborg\/wp-json\/wp\/v2\/users\/27"}],"replies":[{"embeddable":true,"href":"https:\/\/dev.borgarbyggd.is\/grunnborg\/wp-json\/wp\/v2\/comments?post=1590"}],"version-history":[{"count":0,"href":"https:\/\/dev.borgarbyggd.is\/grunnborg\/wp-json\/wp\/v2\/posts\/1590\/revisions"}],"wp:featuredmedia":[{"embeddable":true,"href":"https:\/\/dev.borgarbyggd.is\/grunnborg\/wp-json\/wp\/v2\/media\/1586"}],"wp:attachment":[{"href":"https:\/\/dev.borgarbyggd.is\/grunnborg\/wp-json\/wp\/v2\/media?parent=1590"}],"wp:term":[{"taxonomy":"category","embeddable":true,"href":"https:\/\/dev.borgarbyggd.is\/grunnborg\/wp-json\/wp\/v2\/categories?post=1590"},{"taxonomy":"post_tag","embeddable":true,"href":"https:\/\/dev.borgarbyggd.is\/grunnborg\/wp-json\/wp\/v2\/tags?post=1590"}],"curies":[{"name":"wp","href":"https:\/\/api.w.org\/{rel}","templated":true}]}}