{"id":1584,"date":"2024-04-18T10:52:38","date_gmt":"2024-04-18T10:52:38","guid":{"rendered":"https:\/\/dev.borgarbyggd.is\/grunnborg\/?p=1584"},"modified":"2024-04-18T10:52:38","modified_gmt":"2024-04-18T10:52:38","slug":"nyskopun-i-skolastarfi","status":"publish","type":"post","link":"https:\/\/dev.borgarbyggd.is\/grunnborg\/frettir\/nyskopun-i-skolastarfi\/","title":{"rendered":"N\u00fdsk\u00f6pun \u00ed sk\u00f3lastarfi"},"content":{"rendered":"<div class=\"xdj266r x11i5rnm xat24cr x1mh8g0r x1vvkbs x126k92a\">\n<div dir=\"auto\">Eins og sj\u00e1 m\u00e1 \u00e1 \u00feessum myndum voru s\u00fdnishorn af verkefnum nemenda \u00far n\u00fdsk\u00f6pun \u00ed 9. bekk til s\u00fdnis \u00e1 gl\u00e6silegri r\u00e1\u00f0stefnu MB, N\u00fdsk\u00f6pun \u00ed sk\u00f3lastarfi, sem fram f\u00f3r mi\u00f0vikudaginn 17. apr\u00edl.<\/div>\n<\/div>\n<div class=\"x11i5rnm xat24cr x1mh8g0r x1vvkbs xtlvy1s x126k92a\">\n<div dir=\"auto\">Tilgangurinn me\u00f0 r\u00e1\u00f0stefnunni var a\u00f0 efla umr\u00e6\u00f0u og vitund um n\u00fdjar \u00e1herslur og spennandi t\u00e6kif\u00e6ri \u00ed n\u00e1mi og kennslu \u00e1 \u00f6llum sk\u00f3lastigum. Verkefnin p\u00f6ssu\u00f0u vel inn \u00ed \u00fe\u00e6r \u00e1herslur og v\u00f6ktu ver\u00f0skulda\u00f0a athygli.<\/div>\n<\/div>\n<div class=\"x11i5rnm xat24cr x1mh8g0r x1vvkbs xtlvy1s x126k92a\">\n<div dir=\"auto\">Anna Sigga myndmenntakennari og Eva L\u00e1ra kennari \u00ed h\u00f6nnun og sm\u00ed\u00f0i h\u00f6f\u00f0u veg og vanda af kynningarb\u00e1snum en \u00fe\u00e6r hafa haldi\u00f0 utan um verkefni\u00f0 s\u00ed\u00f0an \u00fev\u00ed var \u00fdtt \u00far v\u00f6r \u00ed Grunnsk\u00f3lanum \u00ed Borgarnesi.<\/div>\n<\/div>\n<div dir=\"auto\"><\/div>\n<div dir=\"auto\"><div id='gallery-1' class='gallery flex gap-4 flex-wrap justify-center galleryid-1584 gallery-columns-3 gallery-size-thumbnail'><dl class='gallery-item'>\n\t\t\t<dt class='gallery-icon landscape'>\n\t\t\t\t<a href='https:\/\/dev.borgarbyggd.is\/grunnborg\/nyskopun1\/'><img loading=\"lazy\" decoding=\"async\" width=\"150\" height=\"150\" src=\"https:\/\/dev.borgarbyggd.is\/grunnborg\/wp-content\/uploads\/sites\/2\/2024\/04\/nyskopun1-150x150.jpg\" class=\"attachment-thumbnail size-thumbnail\" alt=\"\" \/><\/a>\n\t\t\t<\/dt><\/dl><dl class='gallery-item'>\n\t\t\t<dt class='gallery-icon landscape'>\n\t\t\t\t<a href='https:\/\/dev.borgarbyggd.is\/grunnborg\/nyskopun2\/'><img loading=\"lazy\" decoding=\"async\" width=\"150\" height=\"150\" src=\"https:\/\/dev.borgarbyggd.is\/grunnborg\/wp-content\/uploads\/sites\/2\/2024\/04\/nyskopun2-150x150.jpg\" class=\"attachment-thumbnail size-thumbnail\" alt=\"\" \/><\/a>\n\t\t\t<\/dt><\/dl><dl class='gallery-item'>\n\t\t\t<dt class='gallery-icon portrait'>\n\t\t\t\t<a href='https:\/\/dev.borgarbyggd.is\/grunnborg\/nyskopun3\/'><img loading=\"lazy\" decoding=\"async\" width=\"150\" height=\"150\" src=\"https:\/\/dev.borgarbyggd.is\/grunnborg\/wp-content\/uploads\/sites\/2\/2024\/04\/nyskopun3-150x150.jpg\" class=\"attachment-thumbnail size-thumbnail\" alt=\"\" \/><\/a>\n\t\t\t<\/dt><\/dl>\n\t\t<\/div>\n<\/div>\n","protected":false},"excerpt":{"rendered":"<p>Eins og sj\u00e1 m\u00e1 \u00e1 \u00feessum myndum voru s\u00fdnishorn af verkefnum nemenda \u00far n\u00fdsk\u00f6pun \u00ed 9. bekk til s\u00fdnis \u00e1 gl\u00e6silegri r\u00e1\u00f0stefnu MB, N\u00fdsk\u00f6pun \u00ed sk\u00f3lastarfi, sem fram f\u00f3r mi\u00f0vikudaginn 17. apr\u00edl. Tilgangurinn me\u00f0 r\u00e1\u00f0stefnunni var a\u00f0 efla umr\u00e6\u00f0u og vitund um n\u00fdjar \u00e1herslur og spennandi t\u00e6kif\u00e6ri \u00ed n\u00e1mi og kennslu \u00e1 \u00f6llum sk\u00f3lastigum. Verkefnin p\u00f6ssu\u00f0u vel inn \u00ed \u00fe\u00e6r &#8230; <\/p>\n<div><a href=\"https:\/\/dev.borgarbyggd.is\/grunnborg\/frettir\/nyskopun-i-skolastarfi\/\" class=\"more-link\">Read More<\/a><\/div>\n","protected":false},"author":27,"featured_media":1582,"comment_status":"closed","ping_status":"closed","sticky":false,"template":"","format":"standard","meta":{"_acf_changed":false,"footnotes":""},"categories":[1],"tags":[],"class_list":["post-1584","post","type-post","status-publish","format-standard","has-post-thumbnail","hentry","category-frettir"],"acf":[],"yoast_head":"<!-- This site is optimized with the Yoast SEO plugin v24.0 - https:\/\/yoast.com\/wordpress\/plugins\/seo\/ -->\n<title>N\u00fdsk\u00f6pun \u00ed sk\u00f3lastarfi - Grunnsk\u00f3linn \u00ed Borgarnesi<\/title>\n<meta name=\"robots\" content=\"index, follow, max-snippet:-1, max-image-preview:large, max-video-preview:-1\" \/>\n<link rel=\"canonical\" href=\"https:\/\/dev.borgarbyggd.is\/grunnborg\/frettir\/nyskopun-i-skolastarfi\/\" \/>\n<meta property=\"og:locale\" content=\"en_US\" \/>\n<meta property=\"og:type\" content=\"article\" \/>\n<meta property=\"og:title\" content=\"N\u00fdsk\u00f6pun \u00ed sk\u00f3lastarfi - Grunnsk\u00f3linn \u00ed Borgarnesi\" \/>\n<meta property=\"og:description\" content=\"Eins og sj\u00e1 m\u00e1 \u00e1 \u00feessum myndum voru s\u00fdnishorn af verkefnum nemenda \u00far n\u00fdsk\u00f6pun \u00ed 9. bekk til s\u00fdnis \u00e1 gl\u00e6silegri r\u00e1\u00f0stefnu MB, N\u00fdsk\u00f6pun \u00ed sk\u00f3lastarfi, sem fram f\u00f3r mi\u00f0vikudaginn 17. apr\u00edl. Tilgangurinn me\u00f0 r\u00e1\u00f0stefnunni var a\u00f0 efla umr\u00e6\u00f0u og vitund um n\u00fdjar \u00e1herslur og spennandi t\u00e6kif\u00e6ri \u00ed n\u00e1mi og kennslu \u00e1 \u00f6llum sk\u00f3lastigum. Verkefnin p\u00f6ssu\u00f0u vel inn \u00ed \u00fe\u00e6r ... Read More\" \/>\n<meta property=\"og:url\" content=\"https:\/\/dev.borgarbyggd.is\/grunnborg\/frettir\/nyskopun-i-skolastarfi\/\" \/>\n<meta property=\"og:site_name\" content=\"Grunnsk\u00f3linn \u00ed Borgarnesi\" \/>\n<meta property=\"article:published_time\" content=\"2024-04-18T10:52:38+00:00\" \/>\n<meta property=\"og:image\" content=\"https:\/\/dev.borgarbyggd.is\/grunnborg\/wp-content\/uploads\/sites\/2\/2024\/04\/nyskopun2.jpg\" \/>\n\t<meta property=\"og:image:width\" content=\"2048\" \/>\n\t<meta property=\"og:image:height\" content=\"1536\" \/>\n\t<meta property=\"og:image:type\" content=\"image\/jpeg\" \/>\n<meta name=\"author\" content=\"huldag\" \/>\n<meta name=\"twitter:card\" content=\"summary_large_image\" \/>\n<meta name=\"twitter:label1\" content=\"Written by\" \/>\n\t<meta name=\"twitter:data1\" content=\"huldag\" \/>\n\t<meta name=\"twitter:label2\" content=\"Est. reading time\" \/>\n\t<meta name=\"twitter:data2\" content=\"1 minute\" \/>\n<script type=\"application\/ld+json\" class=\"yoast-schema-graph\">{\"@context\":\"https:\/\/schema.org\",\"@graph\":[{\"@type\":\"WebPage\",\"@id\":\"https:\/\/dev.borgarbyggd.is\/grunnborg\/frettir\/nyskopun-i-skolastarfi\/\",\"url\":\"https:\/\/dev.borgarbyggd.is\/grunnborg\/frettir\/nyskopun-i-skolastarfi\/\",\"name\":\"N\u00fdsk\u00f6pun \u00ed sk\u00f3lastarfi - Grunnsk\u00f3linn \u00ed Borgarnesi\",\"isPartOf\":{\"@id\":\"https:\/\/dev.borgarbyggd.is\/grunnborg\/#website\"},\"primaryImageOfPage\":{\"@id\":\"https:\/\/dev.borgarbyggd.is\/grunnborg\/frettir\/nyskopun-i-skolastarfi\/#primaryimage\"},\"image\":{\"@id\":\"https:\/\/dev.borgarbyggd.is\/grunnborg\/frettir\/nyskopun-i-skolastarfi\/#primaryimage\"},\"thumbnailUrl\":\"https:\/\/dev.borgarbyggd.is\/grunnborg\/wp-content\/uploads\/sites\/2\/2024\/04\/nyskopun2.jpg\",\"datePublished\":\"2024-04-18T10:52:38+00:00\",\"dateModified\":\"2024-04-18T10:52:38+00:00\",\"author\":{\"@id\":\"https:\/\/dev.borgarbyggd.is\/grunnborg\/#\/schema\/person\/a81f55c8091f235534589b6a441de894\"},\"breadcrumb\":{\"@id\":\"https:\/\/dev.borgarbyggd.is\/grunnborg\/frettir\/nyskopun-i-skolastarfi\/#breadcrumb\"},\"inLanguage\":\"en-US\",\"potentialAction\":[{\"@type\":\"ReadAction\",\"target\":[\"https:\/\/dev.borgarbyggd.is\/grunnborg\/frettir\/nyskopun-i-skolastarfi\/\"]}]},{\"@type\":\"ImageObject\",\"inLanguage\":\"en-US\",\"@id\":\"https:\/\/dev.borgarbyggd.is\/grunnborg\/frettir\/nyskopun-i-skolastarfi\/#primaryimage\",\"url\":\"https:\/\/dev.borgarbyggd.is\/grunnborg\/wp-content\/uploads\/sites\/2\/2024\/04\/nyskopun2.jpg\",\"contentUrl\":\"https:\/\/dev.borgarbyggd.is\/grunnborg\/wp-content\/uploads\/sites\/2\/2024\/04\/nyskopun2.jpg\",\"width\":2048,\"height\":1536},{\"@type\":\"BreadcrumbList\",\"@id\":\"https:\/\/dev.borgarbyggd.is\/grunnborg\/frettir\/nyskopun-i-skolastarfi\/#breadcrumb\",\"itemListElement\":[{\"@type\":\"ListItem\",\"position\":1,\"name\":\"Home\",\"item\":\"https:\/\/dev.borgarbyggd.is\/grunnborg\/\"},{\"@type\":\"ListItem\",\"position\":2,\"name\":\"N\u00fdsk\u00f6pun \u00ed sk\u00f3lastarfi\"}]},{\"@type\":\"WebSite\",\"@id\":\"https:\/\/dev.borgarbyggd.is\/grunnborg\/#website\",\"url\":\"https:\/\/dev.borgarbyggd.is\/grunnborg\/\",\"name\":\"Grunnsk\u00f3linn \u00ed Borgarnesi\",\"description\":\"\",\"potentialAction\":[{\"@type\":\"SearchAction\",\"target\":{\"@type\":\"EntryPoint\",\"urlTemplate\":\"https:\/\/dev.borgarbyggd.is\/grunnborg\/?s={search_term_string}\"},\"query-input\":{\"@type\":\"PropertyValueSpecification\",\"valueRequired\":true,\"valueName\":\"search_term_string\"}}],\"inLanguage\":\"en-US\"},{\"@type\":\"Person\",\"@id\":\"https:\/\/dev.borgarbyggd.is\/grunnborg\/#\/schema\/person\/a81f55c8091f235534589b6a441de894\",\"name\":\"huldag\",\"image\":{\"@type\":\"ImageObject\",\"inLanguage\":\"en-US\",\"@id\":\"https:\/\/dev.borgarbyggd.is\/grunnborg\/#\/schema\/person\/image\/\",\"url\":\"https:\/\/secure.gravatar.com\/avatar\/5713c9ad3f3c9b3d04558014bcc83a7c1a4174ecf1b52ec7245a5513f341cf0a?s=96&d=mm&r=g\",\"contentUrl\":\"https:\/\/secure.gravatar.com\/avatar\/5713c9ad3f3c9b3d04558014bcc83a7c1a4174ecf1b52ec7245a5513f341cf0a?s=96&d=mm&r=g\",\"caption\":\"huldag\"},\"url\":\"https:\/\/dev.borgarbyggd.is\/grunnborg\/author\/huldag\/\"}]}<\/script>\n<!-- \/ Yoast SEO plugin. -->","yoast_head_json":{"title":"N\u00fdsk\u00f6pun \u00ed sk\u00f3lastarfi - Grunnsk\u00f3linn \u00ed Borgarnesi","robots":{"index":"index","follow":"follow","max-snippet":"max-snippet:-1","max-image-preview":"max-image-preview:large","max-video-preview":"max-video-preview:-1"},"canonical":"https:\/\/dev.borgarbyggd.is\/grunnborg\/frettir\/nyskopun-i-skolastarfi\/","og_locale":"en_US","og_type":"article","og_title":"N\u00fdsk\u00f6pun \u00ed sk\u00f3lastarfi - Grunnsk\u00f3linn \u00ed Borgarnesi","og_description":"Eins og sj\u00e1 m\u00e1 \u00e1 \u00feessum myndum voru s\u00fdnishorn af verkefnum nemenda \u00far n\u00fdsk\u00f6pun \u00ed 9. bekk til s\u00fdnis \u00e1 gl\u00e6silegri r\u00e1\u00f0stefnu MB, N\u00fdsk\u00f6pun \u00ed sk\u00f3lastarfi, sem fram f\u00f3r mi\u00f0vikudaginn 17. apr\u00edl. Tilgangurinn me\u00f0 r\u00e1\u00f0stefnunni var a\u00f0 efla umr\u00e6\u00f0u og vitund um n\u00fdjar \u00e1herslur og spennandi t\u00e6kif\u00e6ri \u00ed n\u00e1mi og kennslu \u00e1 \u00f6llum sk\u00f3lastigum. Verkefnin p\u00f6ssu\u00f0u vel inn \u00ed \u00fe\u00e6r ... Read More","og_url":"https:\/\/dev.borgarbyggd.is\/grunnborg\/frettir\/nyskopun-i-skolastarfi\/","og_site_name":"Grunnsk\u00f3linn \u00ed Borgarnesi","article_published_time":"2024-04-18T10:52:38+00:00","og_image":[{"width":2048,"height":1536,"url":"https:\/\/dev.borgarbyggd.is\/grunnborg\/wp-content\/uploads\/sites\/2\/2024\/04\/nyskopun2.jpg","type":"image\/jpeg"}],"author":"huldag","twitter_card":"summary_large_image","twitter_misc":{"Written by":"huldag","Est. reading time":"1 minute"},"schema":{"@context":"https:\/\/schema.org","@graph":[{"@type":"WebPage","@id":"https:\/\/dev.borgarbyggd.is\/grunnborg\/frettir\/nyskopun-i-skolastarfi\/","url":"https:\/\/dev.borgarbyggd.is\/grunnborg\/frettir\/nyskopun-i-skolastarfi\/","name":"N\u00fdsk\u00f6pun \u00ed sk\u00f3lastarfi - Grunnsk\u00f3linn \u00ed Borgarnesi","isPartOf":{"@id":"https:\/\/dev.borgarbyggd.is\/grunnborg\/#website"},"primaryImageOfPage":{"@id":"https:\/\/dev.borgarbyggd.is\/grunnborg\/frettir\/nyskopun-i-skolastarfi\/#primaryimage"},"image":{"@id":"https:\/\/dev.borgarbyggd.is\/grunnborg\/frettir\/nyskopun-i-skolastarfi\/#primaryimage"},"thumbnailUrl":"https:\/\/dev.borgarbyggd.is\/grunnborg\/wp-content\/uploads\/sites\/2\/2024\/04\/nyskopun2.jpg","datePublished":"2024-04-18T10:52:38+00:00","dateModified":"2024-04-18T10:52:38+00:00","author":{"@id":"https:\/\/dev.borgarbyggd.is\/grunnborg\/#\/schema\/person\/a81f55c8091f235534589b6a441de894"},"breadcrumb":{"@id":"https:\/\/dev.borgarbyggd.is\/grunnborg\/frettir\/nyskopun-i-skolastarfi\/#breadcrumb"},"inLanguage":"en-US","potentialAction":[{"@type":"ReadAction","target":["https:\/\/dev.borgarbyggd.is\/grunnborg\/frettir\/nyskopun-i-skolastarfi\/"]}]},{"@type":"ImageObject","inLanguage":"en-US","@id":"https:\/\/dev.borgarbyggd.is\/grunnborg\/frettir\/nyskopun-i-skolastarfi\/#primaryimage","url":"https:\/\/dev.borgarbyggd.is\/grunnborg\/wp-content\/uploads\/sites\/2\/2024\/04\/nyskopun2.jpg","contentUrl":"https:\/\/dev.borgarbyggd.is\/grunnborg\/wp-content\/uploads\/sites\/2\/2024\/04\/nyskopun2.jpg","width":2048,"height":1536},{"@type":"BreadcrumbList","@id":"https:\/\/dev.borgarbyggd.is\/grunnborg\/frettir\/nyskopun-i-skolastarfi\/#breadcrumb","itemListElement":[{"@type":"ListItem","position":1,"name":"Home","item":"https:\/\/dev.borgarbyggd.is\/grunnborg\/"},{"@type":"ListItem","position":2,"name":"N\u00fdsk\u00f6pun \u00ed sk\u00f3lastarfi"}]},{"@type":"WebSite","@id":"https:\/\/dev.borgarbyggd.is\/grunnborg\/#website","url":"https:\/\/dev.borgarbyggd.is\/grunnborg\/","name":"Grunnsk\u00f3linn \u00ed Borgarnesi","description":"","potentialAction":[{"@type":"SearchAction","target":{"@type":"EntryPoint","urlTemplate":"https:\/\/dev.borgarbyggd.is\/grunnborg\/?s={search_term_string}"},"query-input":{"@type":"PropertyValueSpecification","valueRequired":true,"valueName":"search_term_string"}}],"inLanguage":"en-US"},{"@type":"Person","@id":"https:\/\/dev.borgarbyggd.is\/grunnborg\/#\/schema\/person\/a81f55c8091f235534589b6a441de894","name":"huldag","image":{"@type":"ImageObject","inLanguage":"en-US","@id":"https:\/\/dev.borgarbyggd.is\/grunnborg\/#\/schema\/person\/image\/","url":"https:\/\/secure.gravatar.com\/avatar\/5713c9ad3f3c9b3d04558014bcc83a7c1a4174ecf1b52ec7245a5513f341cf0a?s=96&d=mm&r=g","contentUrl":"https:\/\/secure.gravatar.com\/avatar\/5713c9ad3f3c9b3d04558014bcc83a7c1a4174ecf1b52ec7245a5513f341cf0a?s=96&d=mm&r=g","caption":"huldag"},"url":"https:\/\/dev.borgarbyggd.is\/grunnborg\/author\/huldag\/"}]}},"_links":{"self":[{"href":"https:\/\/dev.borgarbyggd.is\/grunnborg\/wp-json\/wp\/v2\/posts\/1584","targetHints":{"allow":["GET"]}}],"collection":[{"href":"https:\/\/dev.borgarbyggd.is\/grunnborg\/wp-json\/wp\/v2\/posts"}],"about":[{"href":"https:\/\/dev.borgarbyggd.is\/grunnborg\/wp-json\/wp\/v2\/types\/post"}],"author":[{"embeddable":true,"href":"https:\/\/dev.borgarbyggd.is\/grunnborg\/wp-json\/wp\/v2\/users\/27"}],"replies":[{"embeddable":true,"href":"https:\/\/dev.borgarbyggd.is\/grunnborg\/wp-json\/wp\/v2\/comments?post=1584"}],"version-history":[{"count":0,"href":"https:\/\/dev.borgarbyggd.is\/grunnborg\/wp-json\/wp\/v2\/posts\/1584\/revisions"}],"wp:featuredmedia":[{"embeddable":true,"href":"https:\/\/dev.borgarbyggd.is\/grunnborg\/wp-json\/wp\/v2\/media\/1582"}],"wp:attachment":[{"href":"https:\/\/dev.borgarbyggd.is\/grunnborg\/wp-json\/wp\/v2\/media?parent=1584"}],"wp:term":[{"taxonomy":"category","embeddable":true,"href":"https:\/\/dev.borgarbyggd.is\/grunnborg\/wp-json\/wp\/v2\/categories?post=1584"},{"taxonomy":"post_tag","embeddable":true,"href":"https:\/\/dev.borgarbyggd.is\/grunnborg\/wp-json\/wp\/v2\/tags?post=1584"}],"curies":[{"name":"wp","href":"https:\/\/api.w.org\/{rel}","templated":true}]}}