{"id":1562,"date":"2024-04-15T15:56:26","date_gmt":"2024-04-15T15:56:26","guid":{"rendered":"https:\/\/dev.borgarbyggd.is\/grunnborg\/?p=1562"},"modified":"2024-04-15T15:56:26","modified_gmt":"2024-04-15T15:56:26","slug":"staerdfraedikeppni-grunnskolanna-a-vesturlandi","status":"publish","type":"post","link":"https:\/\/dev.borgarbyggd.is\/grunnborg\/frettir\/staerdfraedikeppni-grunnskolanna-a-vesturlandi\/","title":{"rendered":"St\u00e6r\u00f0fr\u00e6\u00f0ikeppni grunnsk\u00f3lanna \u00e1 Vesturlandi"},"content":{"rendered":"<p>F\u00f6studaginn 8.mars f\u00f3r st\u00f3r h\u00f3pur \u00far unglingadeild \u00ed st\u00e6r\u00f0fr\u00e6\u00f0ikeppni FVA \u00e1 Akranesi. \u00dea\u00f0 hefur aldrei veri\u00f0 eins mikil \u00fe\u00e1tttaka eins og \u00ed \u00e1r og eru vi\u00f0 afar \u00e1n\u00e6g\u00f0 me\u00f0 okkar nemendur, en fr\u00e1 okkur t\u00f3ku 45 krakkar \u00fe\u00e1tt. \u00deeir nemendur sem voru \u00ed efstu t\u00edu s\u00e6tunum voru bo\u00f0nir \u00e1 ver\u00f0launaafhendingu sl. laugardag og \u00e1ttum vi\u00f0 \u00fear tvo fulltr\u00faa \u00ed 8.bekk, fimm \u00ed 9.bekk og tvo \u00ed 10.bekk. Af \u00feessu kr\u00f6kkum \u00e1ttum vi\u00f0 tvo fulltr\u00faa \u00ed efstu \u00feremur s\u00e6tunum, \u00fe\u00e1 Adam Franciszek Dr\u00f3zdz \u00ed 9.bekk sem hafna\u00f0i \u00ed \u00feri\u00f0ja s\u00e6ti og Benjam\u00edn Mager Hlynsson \u00ed 10.bekk sem hafna\u00f0i \u00ed 1.s\u00e6ti.<\/p>\n","protected":false},"excerpt":{"rendered":"<p>F\u00f6studaginn 8.mars f\u00f3r st\u00f3r h\u00f3pur \u00far unglingadeild \u00ed st\u00e6r\u00f0fr\u00e6\u00f0ikeppni FVA \u00e1 Akranesi. \u00dea\u00f0 hefur aldrei veri\u00f0 eins mikil \u00fe\u00e1tttaka eins og \u00ed \u00e1r og eru vi\u00f0 afar \u00e1n\u00e6g\u00f0 me\u00f0 okkar nemendur, en fr\u00e1 okkur t\u00f3ku 45 krakkar \u00fe\u00e1tt. \u00deeir nemendur sem voru \u00ed efstu t\u00edu s\u00e6tunum voru bo\u00f0nir \u00e1 ver\u00f0launaafhendingu sl. laugardag og \u00e1ttum vi\u00f0 \u00fear tvo fulltr\u00faa \u00ed 8.bekk, &#8230; <\/p>\n<div><a href=\"https:\/\/dev.borgarbyggd.is\/grunnborg\/frettir\/staerdfraedikeppni-grunnskolanna-a-vesturlandi\/\" class=\"more-link\">Read More<\/a><\/div>\n","protected":false},"author":27,"featured_media":1561,"comment_status":"closed","ping_status":"closed","sticky":false,"template":"","format":"standard","meta":{"_acf_changed":false,"footnotes":""},"categories":[1],"tags":[],"class_list":["post-1562","post","type-post","status-publish","format-standard","has-post-thumbnail","hentry","category-frettir"],"acf":[],"yoast_head":"<!-- This site is optimized with the Yoast SEO plugin v24.0 - https:\/\/yoast.com\/wordpress\/plugins\/seo\/ -->\n<title>St\u00e6r\u00f0fr\u00e6\u00f0ikeppni grunnsk\u00f3lanna \u00e1 Vesturlandi - Grunnsk\u00f3linn \u00ed Borgarnesi<\/title>\n<meta name=\"robots\" content=\"index, follow, max-snippet:-1, max-image-preview:large, max-video-preview:-1\" \/>\n<link rel=\"canonical\" href=\"https:\/\/dev.borgarbyggd.is\/grunnborg\/frettir\/staerdfraedikeppni-grunnskolanna-a-vesturlandi\/\" \/>\n<meta property=\"og:locale\" content=\"en_US\" \/>\n<meta property=\"og:type\" content=\"article\" \/>\n<meta property=\"og:title\" content=\"St\u00e6r\u00f0fr\u00e6\u00f0ikeppni grunnsk\u00f3lanna \u00e1 Vesturlandi - Grunnsk\u00f3linn \u00ed Borgarnesi\" \/>\n<meta property=\"og:description\" content=\"F\u00f6studaginn 8.mars f\u00f3r st\u00f3r h\u00f3pur \u00far unglingadeild \u00ed st\u00e6r\u00f0fr\u00e6\u00f0ikeppni FVA \u00e1 Akranesi. \u00dea\u00f0 hefur aldrei veri\u00f0 eins mikil \u00fe\u00e1tttaka eins og \u00ed \u00e1r og eru vi\u00f0 afar \u00e1n\u00e6g\u00f0 me\u00f0 okkar nemendur, en fr\u00e1 okkur t\u00f3ku 45 krakkar \u00fe\u00e1tt. \u00deeir nemendur sem voru \u00ed efstu t\u00edu s\u00e6tunum voru bo\u00f0nir \u00e1 ver\u00f0launaafhendingu sl. laugardag og \u00e1ttum vi\u00f0 \u00fear tvo fulltr\u00faa \u00ed 8.bekk, ... Read More\" \/>\n<meta property=\"og:url\" content=\"https:\/\/dev.borgarbyggd.is\/grunnborg\/frettir\/staerdfraedikeppni-grunnskolanna-a-vesturlandi\/\" \/>\n<meta property=\"og:site_name\" content=\"Grunnsk\u00f3linn \u00ed Borgarnesi\" \/>\n<meta property=\"article:published_time\" content=\"2024-04-15T15:56:26+00:00\" \/>\n<meta property=\"og:image\" content=\"https:\/\/dev.borgarbyggd.is\/grunnborg\/wp-content\/uploads\/sites\/2\/2024\/04\/Staekeppni.jpg\" \/>\n\t<meta property=\"og:image:width\" content=\"1438\" \/>\n\t<meta property=\"og:image:height\" content=\"663\" \/>\n\t<meta property=\"og:image:type\" content=\"image\/jpeg\" \/>\n<meta name=\"author\" content=\"huldag\" \/>\n<meta name=\"twitter:card\" content=\"summary_large_image\" \/>\n<meta name=\"twitter:label1\" content=\"Written by\" \/>\n\t<meta name=\"twitter:data1\" content=\"huldag\" \/>\n\t<meta name=\"twitter:label2\" content=\"Est. reading time\" \/>\n\t<meta name=\"twitter:data2\" content=\"1 minute\" \/>\n<script type=\"application\/ld+json\" class=\"yoast-schema-graph\">{\"@context\":\"https:\/\/schema.org\",\"@graph\":[{\"@type\":\"WebPage\",\"@id\":\"https:\/\/dev.borgarbyggd.is\/grunnborg\/frettir\/staerdfraedikeppni-grunnskolanna-a-vesturlandi\/\",\"url\":\"https:\/\/dev.borgarbyggd.is\/grunnborg\/frettir\/staerdfraedikeppni-grunnskolanna-a-vesturlandi\/\",\"name\":\"St\u00e6r\u00f0fr\u00e6\u00f0ikeppni grunnsk\u00f3lanna \u00e1 Vesturlandi - Grunnsk\u00f3linn \u00ed Borgarnesi\",\"isPartOf\":{\"@id\":\"https:\/\/dev.borgarbyggd.is\/grunnborg\/#website\"},\"primaryImageOfPage\":{\"@id\":\"https:\/\/dev.borgarbyggd.is\/grunnborg\/frettir\/staerdfraedikeppni-grunnskolanna-a-vesturlandi\/#primaryimage\"},\"image\":{\"@id\":\"https:\/\/dev.borgarbyggd.is\/grunnborg\/frettir\/staerdfraedikeppni-grunnskolanna-a-vesturlandi\/#primaryimage\"},\"thumbnailUrl\":\"https:\/\/dev.borgarbyggd.is\/grunnborg\/wp-content\/uploads\/sites\/2\/2024\/04\/Staekeppni.jpg\",\"datePublished\":\"2024-04-15T15:56:26+00:00\",\"dateModified\":\"2024-04-15T15:56:26+00:00\",\"author\":{\"@id\":\"https:\/\/dev.borgarbyggd.is\/grunnborg\/#\/schema\/person\/a81f55c8091f235534589b6a441de894\"},\"breadcrumb\":{\"@id\":\"https:\/\/dev.borgarbyggd.is\/grunnborg\/frettir\/staerdfraedikeppni-grunnskolanna-a-vesturlandi\/#breadcrumb\"},\"inLanguage\":\"en-US\",\"potentialAction\":[{\"@type\":\"ReadAction\",\"target\":[\"https:\/\/dev.borgarbyggd.is\/grunnborg\/frettir\/staerdfraedikeppni-grunnskolanna-a-vesturlandi\/\"]}]},{\"@type\":\"ImageObject\",\"inLanguage\":\"en-US\",\"@id\":\"https:\/\/dev.borgarbyggd.is\/grunnborg\/frettir\/staerdfraedikeppni-grunnskolanna-a-vesturlandi\/#primaryimage\",\"url\":\"https:\/\/dev.borgarbyggd.is\/grunnborg\/wp-content\/uploads\/sites\/2\/2024\/04\/Staekeppni.jpg\",\"contentUrl\":\"https:\/\/dev.borgarbyggd.is\/grunnborg\/wp-content\/uploads\/sites\/2\/2024\/04\/Staekeppni.jpg\",\"width\":1438,\"height\":663},{\"@type\":\"BreadcrumbList\",\"@id\":\"https:\/\/dev.borgarbyggd.is\/grunnborg\/frettir\/staerdfraedikeppni-grunnskolanna-a-vesturlandi\/#breadcrumb\",\"itemListElement\":[{\"@type\":\"ListItem\",\"position\":1,\"name\":\"Home\",\"item\":\"https:\/\/dev.borgarbyggd.is\/grunnborg\/\"},{\"@type\":\"ListItem\",\"position\":2,\"name\":\"St\u00e6r\u00f0fr\u00e6\u00f0ikeppni grunnsk\u00f3lanna \u00e1 Vesturlandi\"}]},{\"@type\":\"WebSite\",\"@id\":\"https:\/\/dev.borgarbyggd.is\/grunnborg\/#website\",\"url\":\"https:\/\/dev.borgarbyggd.is\/grunnborg\/\",\"name\":\"Grunnsk\u00f3linn \u00ed Borgarnesi\",\"description\":\"\",\"potentialAction\":[{\"@type\":\"SearchAction\",\"target\":{\"@type\":\"EntryPoint\",\"urlTemplate\":\"https:\/\/dev.borgarbyggd.is\/grunnborg\/?s={search_term_string}\"},\"query-input\":{\"@type\":\"PropertyValueSpecification\",\"valueRequired\":true,\"valueName\":\"search_term_string\"}}],\"inLanguage\":\"en-US\"},{\"@type\":\"Person\",\"@id\":\"https:\/\/dev.borgarbyggd.is\/grunnborg\/#\/schema\/person\/a81f55c8091f235534589b6a441de894\",\"name\":\"huldag\",\"image\":{\"@type\":\"ImageObject\",\"inLanguage\":\"en-US\",\"@id\":\"https:\/\/dev.borgarbyggd.is\/grunnborg\/#\/schema\/person\/image\/\",\"url\":\"https:\/\/secure.gravatar.com\/avatar\/5713c9ad3f3c9b3d04558014bcc83a7c1a4174ecf1b52ec7245a5513f341cf0a?s=96&d=mm&r=g\",\"contentUrl\":\"https:\/\/secure.gravatar.com\/avatar\/5713c9ad3f3c9b3d04558014bcc83a7c1a4174ecf1b52ec7245a5513f341cf0a?s=96&d=mm&r=g\",\"caption\":\"huldag\"},\"url\":\"https:\/\/dev.borgarbyggd.is\/grunnborg\/author\/huldag\/\"}]}<\/script>\n<!-- \/ Yoast SEO plugin. -->","yoast_head_json":{"title":"St\u00e6r\u00f0fr\u00e6\u00f0ikeppni grunnsk\u00f3lanna \u00e1 Vesturlandi - Grunnsk\u00f3linn \u00ed Borgarnesi","robots":{"index":"index","follow":"follow","max-snippet":"max-snippet:-1","max-image-preview":"max-image-preview:large","max-video-preview":"max-video-preview:-1"},"canonical":"https:\/\/dev.borgarbyggd.is\/grunnborg\/frettir\/staerdfraedikeppni-grunnskolanna-a-vesturlandi\/","og_locale":"en_US","og_type":"article","og_title":"St\u00e6r\u00f0fr\u00e6\u00f0ikeppni grunnsk\u00f3lanna \u00e1 Vesturlandi - Grunnsk\u00f3linn \u00ed Borgarnesi","og_description":"F\u00f6studaginn 8.mars f\u00f3r st\u00f3r h\u00f3pur \u00far unglingadeild \u00ed st\u00e6r\u00f0fr\u00e6\u00f0ikeppni FVA \u00e1 Akranesi. \u00dea\u00f0 hefur aldrei veri\u00f0 eins mikil \u00fe\u00e1tttaka eins og \u00ed \u00e1r og eru vi\u00f0 afar \u00e1n\u00e6g\u00f0 me\u00f0 okkar nemendur, en fr\u00e1 okkur t\u00f3ku 45 krakkar \u00fe\u00e1tt. \u00deeir nemendur sem voru \u00ed efstu t\u00edu s\u00e6tunum voru bo\u00f0nir \u00e1 ver\u00f0launaafhendingu sl. laugardag og \u00e1ttum vi\u00f0 \u00fear tvo fulltr\u00faa \u00ed 8.bekk, ... Read More","og_url":"https:\/\/dev.borgarbyggd.is\/grunnborg\/frettir\/staerdfraedikeppni-grunnskolanna-a-vesturlandi\/","og_site_name":"Grunnsk\u00f3linn \u00ed Borgarnesi","article_published_time":"2024-04-15T15:56:26+00:00","og_image":[{"width":1438,"height":663,"url":"https:\/\/dev.borgarbyggd.is\/grunnborg\/wp-content\/uploads\/sites\/2\/2024\/04\/Staekeppni.jpg","type":"image\/jpeg"}],"author":"huldag","twitter_card":"summary_large_image","twitter_misc":{"Written by":"huldag","Est. reading time":"1 minute"},"schema":{"@context":"https:\/\/schema.org","@graph":[{"@type":"WebPage","@id":"https:\/\/dev.borgarbyggd.is\/grunnborg\/frettir\/staerdfraedikeppni-grunnskolanna-a-vesturlandi\/","url":"https:\/\/dev.borgarbyggd.is\/grunnborg\/frettir\/staerdfraedikeppni-grunnskolanna-a-vesturlandi\/","name":"St\u00e6r\u00f0fr\u00e6\u00f0ikeppni grunnsk\u00f3lanna \u00e1 Vesturlandi - Grunnsk\u00f3linn \u00ed Borgarnesi","isPartOf":{"@id":"https:\/\/dev.borgarbyggd.is\/grunnborg\/#website"},"primaryImageOfPage":{"@id":"https:\/\/dev.borgarbyggd.is\/grunnborg\/frettir\/staerdfraedikeppni-grunnskolanna-a-vesturlandi\/#primaryimage"},"image":{"@id":"https:\/\/dev.borgarbyggd.is\/grunnborg\/frettir\/staerdfraedikeppni-grunnskolanna-a-vesturlandi\/#primaryimage"},"thumbnailUrl":"https:\/\/dev.borgarbyggd.is\/grunnborg\/wp-content\/uploads\/sites\/2\/2024\/04\/Staekeppni.jpg","datePublished":"2024-04-15T15:56:26+00:00","dateModified":"2024-04-15T15:56:26+00:00","author":{"@id":"https:\/\/dev.borgarbyggd.is\/grunnborg\/#\/schema\/person\/a81f55c8091f235534589b6a441de894"},"breadcrumb":{"@id":"https:\/\/dev.borgarbyggd.is\/grunnborg\/frettir\/staerdfraedikeppni-grunnskolanna-a-vesturlandi\/#breadcrumb"},"inLanguage":"en-US","potentialAction":[{"@type":"ReadAction","target":["https:\/\/dev.borgarbyggd.is\/grunnborg\/frettir\/staerdfraedikeppni-grunnskolanna-a-vesturlandi\/"]}]},{"@type":"ImageObject","inLanguage":"en-US","@id":"https:\/\/dev.borgarbyggd.is\/grunnborg\/frettir\/staerdfraedikeppni-grunnskolanna-a-vesturlandi\/#primaryimage","url":"https:\/\/dev.borgarbyggd.is\/grunnborg\/wp-content\/uploads\/sites\/2\/2024\/04\/Staekeppni.jpg","contentUrl":"https:\/\/dev.borgarbyggd.is\/grunnborg\/wp-content\/uploads\/sites\/2\/2024\/04\/Staekeppni.jpg","width":1438,"height":663},{"@type":"BreadcrumbList","@id":"https:\/\/dev.borgarbyggd.is\/grunnborg\/frettir\/staerdfraedikeppni-grunnskolanna-a-vesturlandi\/#breadcrumb","itemListElement":[{"@type":"ListItem","position":1,"name":"Home","item":"https:\/\/dev.borgarbyggd.is\/grunnborg\/"},{"@type":"ListItem","position":2,"name":"St\u00e6r\u00f0fr\u00e6\u00f0ikeppni grunnsk\u00f3lanna \u00e1 Vesturlandi"}]},{"@type":"WebSite","@id":"https:\/\/dev.borgarbyggd.is\/grunnborg\/#website","url":"https:\/\/dev.borgarbyggd.is\/grunnborg\/","name":"Grunnsk\u00f3linn \u00ed Borgarnesi","description":"","potentialAction":[{"@type":"SearchAction","target":{"@type":"EntryPoint","urlTemplate":"https:\/\/dev.borgarbyggd.is\/grunnborg\/?s={search_term_string}"},"query-input":{"@type":"PropertyValueSpecification","valueRequired":true,"valueName":"search_term_string"}}],"inLanguage":"en-US"},{"@type":"Person","@id":"https:\/\/dev.borgarbyggd.is\/grunnborg\/#\/schema\/person\/a81f55c8091f235534589b6a441de894","name":"huldag","image":{"@type":"ImageObject","inLanguage":"en-US","@id":"https:\/\/dev.borgarbyggd.is\/grunnborg\/#\/schema\/person\/image\/","url":"https:\/\/secure.gravatar.com\/avatar\/5713c9ad3f3c9b3d04558014bcc83a7c1a4174ecf1b52ec7245a5513f341cf0a?s=96&d=mm&r=g","contentUrl":"https:\/\/secure.gravatar.com\/avatar\/5713c9ad3f3c9b3d04558014bcc83a7c1a4174ecf1b52ec7245a5513f341cf0a?s=96&d=mm&r=g","caption":"huldag"},"url":"https:\/\/dev.borgarbyggd.is\/grunnborg\/author\/huldag\/"}]}},"_links":{"self":[{"href":"https:\/\/dev.borgarbyggd.is\/grunnborg\/wp-json\/wp\/v2\/posts\/1562","targetHints":{"allow":["GET"]}}],"collection":[{"href":"https:\/\/dev.borgarbyggd.is\/grunnborg\/wp-json\/wp\/v2\/posts"}],"about":[{"href":"https:\/\/dev.borgarbyggd.is\/grunnborg\/wp-json\/wp\/v2\/types\/post"}],"author":[{"embeddable":true,"href":"https:\/\/dev.borgarbyggd.is\/grunnborg\/wp-json\/wp\/v2\/users\/27"}],"replies":[{"embeddable":true,"href":"https:\/\/dev.borgarbyggd.is\/grunnborg\/wp-json\/wp\/v2\/comments?post=1562"}],"version-history":[{"count":0,"href":"https:\/\/dev.borgarbyggd.is\/grunnborg\/wp-json\/wp\/v2\/posts\/1562\/revisions"}],"wp:featuredmedia":[{"embeddable":true,"href":"https:\/\/dev.borgarbyggd.is\/grunnborg\/wp-json\/wp\/v2\/media\/1561"}],"wp:attachment":[{"href":"https:\/\/dev.borgarbyggd.is\/grunnborg\/wp-json\/wp\/v2\/media?parent=1562"}],"wp:term":[{"taxonomy":"category","embeddable":true,"href":"https:\/\/dev.borgarbyggd.is\/grunnborg\/wp-json\/wp\/v2\/categories?post=1562"},{"taxonomy":"post_tag","embeddable":true,"href":"https:\/\/dev.borgarbyggd.is\/grunnborg\/wp-json\/wp\/v2\/tags?post=1562"}],"curies":[{"name":"wp","href":"https:\/\/api.w.org\/{rel}","templated":true}]}}